{"id":83406,"date":"2022-09-01T23:58:25","date_gmt":"2022-09-02T02:58:25","guid":{"rendered":"https:\/\/pdt-rj.org.br\/?p=83406"},"modified":"2022-09-03T19:50:24","modified_gmt":"2022-09-03T22:50:24","slug":"combate-ao-trafico-e-a-milicia-pautam-encontro-em-jacarepagua","status":"publish","type":"post","link":"https:\/\/pdt-rj.org.br\/index.php\/combate-ao-trafico-e-a-milicia-pautam-encontro-em-jacarepagua\/","title":{"rendered":"Combate ao tr\u00e1fico e \u00e0 mil\u00edcia pautam encontro em Jacarepagu\u00e1"},"content":{"rendered":"<p><strong>Pol\u00edticas de Seguran\u00e7a P\u00fablica contra o crime organizado foram tema da visita de Rodrigo Neves \u00e0 Zona Oeste<\/strong><\/p>\n<p>A quest\u00e3o da Seguran\u00e7a P\u00fablica foi o ponto principal no encontro do candidato ao governo do Estado do Rio de Janeiro, Rodrigo Neves, com moradores e lideran\u00e7as comunit\u00e1rias da Taquara, em Jacarepagu\u00e1, Zona Oeste do Rio, na noite desta quinta-feira, dia 1\u00ba de setembro.<\/p>\n<p>Soci\u00f3logo, o\u00a0pedetista lembrou que seus estudos sobre o combate \u00e0 viol\u00eancia v\u00eam de longa data.\u00a0\u201cEu estudei muito. N\u00e3o apenas pela minha \u00e1rea de forma\u00e7\u00e3o, como soci\u00f3logo, mas tamb\u00e9m como prefeito, as melhores experi\u00eancias internacionais de Seguran\u00e7a P\u00fablica. Fui a Medell\u00edn, na Col\u00f4mbia, e a Nova Iorque, nos Estados Unidos, lugares onde as pessoas n\u00e3o circulavam em paz, onde o crime estava impondo pelas armas o dom\u00ednio do territ\u00f3rio e hoje est\u00e3o sob controle. N\u00f3s temos um plano de seguran\u00e7a para o Rio de Janeiro feito em conjunto com os melhores especialistas da \u00e1rea\u201d, afirmou Neves.<\/p>\n<p>Ao criticar a falta de planejamento do atual governo, o candidato a governador lembrou que a Secretaria de Seguran\u00e7a P\u00fablica foi extinta na atual gest\u00e3o. \u201cO estado vai voltar a ter uma estrat\u00e9gia de Seguran\u00e7a P\u00fablica. Hoje, nem secretaria tem\u201d.<\/p>\n<!-- AddThis Advanced Settings generic via filter on the_content --><!-- AddThis Share Buttons generic via filter on the_content -->","protected":false},"excerpt":{"rendered":"<p>Pol\u00edticas de Seguran\u00e7a P\u00fablica contra o crime organizado foram tema da visita de Rodrigo Neves \u00e0 Zona Oeste A quest\u00e3o da Seguran\u00e7a P\u00fablica foi o ponto principal no encontro do candidato ao governo do Estado do Rio de Janeiro, Rodrigo Neves, com moradores e lideran\u00e7as comunit\u00e1rias da Taquara, em Jacarepagu\u00e1, Zona Oeste do Rio, na&#8230;<!-- AddThis Advanced Settings generic via filter on wp_trim_excerpt --><!-- AddThis Share Buttons generic via filter on wp_trim_excerpt --><\/p>\n","protected":false},"author":17,"featured_media":83407,"comment_status":"closed","ping_status":"closed","sticky":false,"template":"","format":"standard","meta":{"_monsterinsights_skip_tracking":false,"_monsterinsights_sitenote_active":false,"_monsterinsights_sitenote_note":"","_monsterinsights_sitenote_category":0,"_uf_show_specific_survey":0,"_uf_disable_surveys":false,"footnotes":""},"categories":[1390,5414,5415],"tags":[],"class_list":["post-83406","post","type-post","status-publish","format-standard","has-post-thumbnail","hentry","category-editorias","category-estado","category-rodrigo-neves"],"acf":[],"_links":{"self":[{"href":"https:\/\/pdt-rj.org.br\/index.php\/wp-json\/wp\/v2\/posts\/83406","targetHints":{"allow":["GET"]}}],"collection":[{"href":"https:\/\/pdt-rj.org.br\/index.php\/wp-json\/wp\/v2\/posts"}],"about":[{"href":"https:\/\/pdt-rj.org.br\/index.php\/wp-json\/wp\/v2\/types\/post"}],"author":[{"embeddable":true,"href":"https:\/\/pdt-rj.org.br\/index.php\/wp-json\/wp\/v2\/users\/17"}],"replies":[{"embeddable":true,"href":"https:\/\/pdt-rj.org.br\/index.php\/wp-json\/wp\/v2\/comments?post=83406"}],"version-history":[{"count":2,"href":"https:\/\/pdt-rj.org.br\/index.php\/wp-json\/wp\/v2\/posts\/83406\/revisions"}],"predecessor-version":[{"id":83422,"href":"https:\/\/pdt-rj.org.br\/index.php\/wp-json\/wp\/v2\/posts\/83406\/revisions\/83422"}],"wp:featuredmedia":[{"embeddable":true,"href":"https:\/\/pdt-rj.org.br\/index.php\/wp-json\/wp\/v2\/media\/83407"}],"wp:attachment":[{"href":"https:\/\/pdt-rj.org.br\/index.php\/wp-json\/wp\/v2\/media?parent=83406"}],"wp:term":[{"taxonomy":"category","embeddable":true,"href":"https:\/\/pdt-rj.org.br\/index.php\/wp-json\/wp\/v2\/categories?post=83406"},{"taxonomy":"post_tag","embeddable":true,"href":"https:\/\/pdt-rj.org.br\/index.php\/wp-json\/wp\/v2\/tags?post=83406"}],"curies":[{"name":"wp","href":"https:\/\/api.w.org\/{rel}","templated":true}]}}