{"id":83403,"date":"2022-09-02T16:57:21","date_gmt":"2022-09-02T19:57:21","guid":{"rendered":"https:\/\/pdt-rj.org.br\/?p=83403"},"modified":"2022-09-07T10:28:41","modified_gmt":"2022-09-07T13:28:41","slug":"rodrigo-neves-propoe-desenvolvimento-economico-aliado-ao-meio-ambiente","status":"publish","type":"post","link":"https:\/\/pdt-rj.org.br\/index.php\/rodrigo-neves-propoe-desenvolvimento-economico-aliado-ao-meio-ambiente\/","title":{"rendered":"Rodrigo Neves prop\u00f5e desenvolvimento econ\u00f4mico aliado ao meio ambiente"},"content":{"rendered":"<p><strong>No Sul Fluminense, candidato a governador do PDT fala sobre a import\u00e2ncia de gerar emprego e renda<\/strong><\/p>\n<p>Durante caminhada no Centro de Volta Redonda, no Sul Fluminense, na manh\u00e3 desta sexta-feira (2), o candidato ao governo do estado do Rio de Janeiro, Rodrigo Neves, falou sobre a import\u00e2ncia de criar estrat\u00e9gias para desenvolver a economia para recuperar empregos na regi\u00e3o.<\/p>\n<p>\u201cVamos fortalecer a Companhia de Desenvolvimento Industrial do Rio de Janeiro e vamos incrementar o P\u00f3lo Industrial do Sul Fluminense e do M\u00e9dio Para\u00edba. Vamos colocar a Ag\u00eancia Estadual de Fomento, a AgeRio, para investir em apoio \u00e0s pequenas e m\u00e9dias empresas, que sofreram muito com a pandemia e com a crise econ\u00f4mica\u201d, afirmou Rodrigo Neves, ao lado do presidente nacional do PDT, Carlos Lupi.<\/p>\n<p>A preocupa\u00e7\u00e3o com o meio ambiente n\u00e3o ficou de fora, numa regi\u00e3o conhecida por ser a sede da Companhia Sider\u00fargica Nacional (CSN).<\/p>\n<p>\u201cO Estado precisa, junto com a Prefeitura, definitivamente viabilizar uma solu\u00e7\u00e3o para o problema da polui\u00e7\u00e3o do ar aqui em Volta Redonda. Com um governo que funcione para a popula\u00e7\u00e3o, \u00e9 poss\u00edvel que a gente tenha um di\u00e1logo firme com as ind\u00fastrias, especialmente a CSN, para melhorar neste quesito\u201d.<\/p>\n<p>Os pedetistas visitaram a pra\u00e7a Get\u00falio Vargas e, em frente ao memorial que homenagem o ex-presidente, defenderam o pleno desenvolvimento do interior.<\/p>\n<p>\u201cA gente tem a dimens\u00e3o da import\u00e2ncia do desenvolvimento do interior. Vamos lutar para desenvolver tamb\u00e9m, e principalmente, o interior do Estado. Vamos gerar emprego, renda e oportunidade para a juventude\u201d, afirmou Rodrigo.<\/p>\n<!-- AddThis Advanced Settings generic via filter on the_content --><!-- AddThis Share Buttons generic via filter on the_content -->","protected":false},"excerpt":{"rendered":"<p>No Sul Fluminense, candidato a governador do PDT fala sobre a import\u00e2ncia de gerar emprego e renda Durante caminhada no Centro de Volta Redonda, no Sul Fluminense, na manh\u00e3 desta sexta-feira (2), o candidato ao governo do estado do Rio de Janeiro, Rodrigo Neves, falou sobre a import\u00e2ncia de criar estrat\u00e9gias para desenvolver a economia&#8230;<!-- AddThis Advanced Settings generic via filter on wp_trim_excerpt --><!-- AddThis Share Buttons generic via filter on wp_trim_excerpt --><\/p>\n","protected":false},"author":17,"featured_media":83415,"comment_status":"closed","ping_status":"closed","sticky":false,"template":"","format":"standard","meta":{"_monsterinsights_skip_tracking":false,"_monsterinsights_sitenote_active":false,"_monsterinsights_sitenote_note":"","_monsterinsights_sitenote_category":0,"_uf_show_specific_survey":0,"_uf_disable_surveys":false,"footnotes":""},"categories":[1390,5417,5414,5415],"tags":[],"class_list":["post-83403","post","type-post","status-publish","format-standard","has-post-thumbnail","hentry","category-editorias","category-carlos-lupi","category-estado","category-rodrigo-neves"],"acf":[],"_links":{"self":[{"href":"https:\/\/pdt-rj.org.br\/index.php\/wp-json\/wp\/v2\/posts\/83403","targetHints":{"allow":["GET"]}}],"collection":[{"href":"https:\/\/pdt-rj.org.br\/index.php\/wp-json\/wp\/v2\/posts"}],"about":[{"href":"https:\/\/pdt-rj.org.br\/index.php\/wp-json\/wp\/v2\/types\/post"}],"author":[{"embeddable":true,"href":"https:\/\/pdt-rj.org.br\/index.php\/wp-json\/wp\/v2\/users\/17"}],"replies":[{"embeddable":true,"href":"https:\/\/pdt-rj.org.br\/index.php\/wp-json\/wp\/v2\/comments?post=83403"}],"version-history":[{"count":5,"href":"https:\/\/pdt-rj.org.br\/index.php\/wp-json\/wp\/v2\/posts\/83403\/revisions"}],"predecessor-version":[{"id":83455,"href":"https:\/\/pdt-rj.org.br\/index.php\/wp-json\/wp\/v2\/posts\/83403\/revisions\/83455"}],"wp:featuredmedia":[{"embeddable":true,"href":"https:\/\/pdt-rj.org.br\/index.php\/wp-json\/wp\/v2\/media\/83415"}],"wp:attachment":[{"href":"https:\/\/pdt-rj.org.br\/index.php\/wp-json\/wp\/v2\/media?parent=83403"}],"wp:term":[{"taxonomy":"category","embeddable":true,"href":"https:\/\/pdt-rj.org.br\/index.php\/wp-json\/wp\/v2\/categories?post=83403"},{"taxonomy":"post_tag","embeddable":true,"href":"https:\/\/pdt-rj.org.br\/index.php\/wp-json\/wp\/v2\/tags?post=83403"}],"curies":[{"name":"wp","href":"https:\/\/api.w.org\/{rel}","templated":true}]}}