{"id":83398,"date":"2022-09-02T12:32:24","date_gmt":"2022-09-02T15:32:24","guid":{"rendered":"https:\/\/pdt-rj.org.br\/?p=83398"},"modified":"2022-09-04T21:09:39","modified_gmt":"2022-09-05T00:09:39","slug":"ciro-e-lupi-condenam-ataque-a-vice-presidente-da-argentina-cristina-kirchner","status":"publish","type":"post","link":"https:\/\/pdt-rj.org.br\/index.php\/ciro-e-lupi-condenam-ataque-a-vice-presidente-da-argentina-cristina-kirchner\/","title":{"rendered":"Ciro e Lupi condenam ataque \u00e0 vice-presidente da Argentina, Cristina Kirchner"},"content":{"rendered":"<p><b>Lideran\u00e7as do PDT criticam radicalismo e \u00f3dio propagados por pol\u00edticos antidemocr\u00e1ticos, como Bolsonaro<\/b><\/p>\n<p>O presidente nacional do PDT, Carlos Lupi, e o presidenci\u00e1vel Ciro Gomes condenaram o ataque \u00e0 vice-presidente da Argentina, Cristina Kirchner, que ocorreu na noite desta quinta-feira (1), em Buenos Aires. Nas redes sociais, as lideran\u00e7as trabalhistas criticaram o radicalismo e o \u00f3dio propagados por governantes antidemocr\u00e1ticos, como Jair Bolsonaro, e prestaram solidariedade \u00e0 ex-presidente da na\u00e7\u00e3o sul-americana.<\/p>\n<p>&#8220;Isto \u00e9 uma demonstra\u00e7\u00e3o do radicalismo que est\u00e1 tomando conta desta direita raivosa que existe no Brasil e no mundo. A viol\u00eancia nunca \u00e9 a resposta para a democracia\u201d, afirmou Lupi, que tamb\u00e9m \u00e9 vice-presidente da Internacional Socialista (IS), ao cobrar uma \u201cinvestiga\u00e7\u00e3o profunda\u201d do caso.<\/p>\n<p style=\"text-align: left;\">\u00a0 \u00a0 \u00a0 \u00a0 \u00a0 \u00a0 \u00a0 \u00a0 \u00a0 \u00a0 \u00a0 \u00a0 \u00a0 \u00a0 \u00a0 \u00a0 \u00a0 \u00a0 \u00a0 \u00a0 \u00a0 \u00a0 \u00a0 \u00a0 \u00a0 \u00a0 \u00a0 \u00a0 \u00a0 \u00a0 \u00a0 \u00a0 \u00a0 \u00a0 \u00a0 \u00a0 \u00a0 \u00a0 \u00a0 \u00a0 \u00a0 \u00a0 \u00a0 \u00a0 <iframe loading=\"lazy\" style=\"border: none; overflow: hidden;\" src=\"https:\/\/www.facebook.com\/plugins\/video.php?height=476&amp;href=https%3A%2F%2Fwww.facebook.com%2FLupiPDT%2Fvideos%2F3322433241334058%2F&amp;show_text=false&amp;width=261&amp;t=0\" width=\"261\" height=\"476\" frameborder=\"0\" scrolling=\"no\" allowfullscreen=\"allowfullscreen\"><\/iframe><\/p>\n<p>Para Ciro, a tentativa de homic\u00eddio realizada por um brasileiro &#8211; que direcionou uma arma para Kirchner, mas a arma n\u00e3o disparou &#8211; ratifica o impacto do \u00f3dio atrelado \u00e0 polariza\u00e7\u00e3o na Am\u00e9rica Latina, bem como ratifica a necessidade de promo\u00e7\u00e3o da paz.<\/p>\n<p>\u201cO atentado frustrado a Cristina Kirchner por pouco n\u00e3o transforma em chuva de sangue a nuvem de \u00f3dio que se espalha pelo nosso continente. Nossa solidariedade a esta mulher guerreira que com certeza n\u00e3o se intimidar\u00e1\u201d, comentou.<\/p>\n<p>\u201cPara n\u00f3s, fica a li\u00e7\u00e3o de onde pode chegar o radicalismo cego, e como polariza\u00e7\u00f5es odientas podem armar bra\u00e7os de loucos radicais ou de radicais loucos. Ainda h\u00e1 tempo de salvar o Brasil de uma grande trag\u00e9dia gerada pelo \u00f3dio. Paz\u201d, completou.<\/p>\n<!-- AddThis Advanced Settings generic via filter on the_content --><!-- AddThis Share Buttons generic via filter on the_content -->","protected":false},"excerpt":{"rendered":"<p>Lideran\u00e7as do PDT criticam radicalismo e \u00f3dio propagados por pol\u00edticos antidemocr\u00e1ticos, como Bolsonaro O presidente nacional do PDT, Carlos Lupi, e o presidenci\u00e1vel Ciro Gomes condenaram o ataque \u00e0 vice-presidente da Argentina, Cristina Kirchner, que ocorreu na noite desta quinta-feira (1), em Buenos Aires. Nas redes sociais, as lideran\u00e7as trabalhistas criticaram o radicalismo e o&#8230;<!-- AddThis Advanced Settings generic via filter on wp_trim_excerpt --><!-- AddThis Share Buttons generic via filter on wp_trim_excerpt --><\/p>\n","protected":false},"author":17,"featured_media":83399,"comment_status":"closed","ping_status":"closed","sticky":false,"template":"","format":"standard","meta":{"_monsterinsights_skip_tracking":false,"_monsterinsights_sitenote_active":false,"_monsterinsights_sitenote_note":"","_monsterinsights_sitenote_category":0,"_uf_show_specific_survey":0,"_uf_disable_surveys":false,"footnotes":""},"categories":[1390,1401],"tags":[],"class_list":["post-83398","post","type-post","status-publish","format-standard","has-post-thumbnail","hentry","category-editorias","category-nacional"],"acf":[],"_links":{"self":[{"href":"https:\/\/pdt-rj.org.br\/index.php\/wp-json\/wp\/v2\/posts\/83398","targetHints":{"allow":["GET"]}}],"collection":[{"href":"https:\/\/pdt-rj.org.br\/index.php\/wp-json\/wp\/v2\/posts"}],"about":[{"href":"https:\/\/pdt-rj.org.br\/index.php\/wp-json\/wp\/v2\/types\/post"}],"author":[{"embeddable":true,"href":"https:\/\/pdt-rj.org.br\/index.php\/wp-json\/wp\/v2\/users\/17"}],"replies":[{"embeddable":true,"href":"https:\/\/pdt-rj.org.br\/index.php\/wp-json\/wp\/v2\/comments?post=83398"}],"version-history":[{"count":4,"href":"https:\/\/pdt-rj.org.br\/index.php\/wp-json\/wp\/v2\/posts\/83398\/revisions"}],"predecessor-version":[{"id":83431,"href":"https:\/\/pdt-rj.org.br\/index.php\/wp-json\/wp\/v2\/posts\/83398\/revisions\/83431"}],"wp:featuredmedia":[{"embeddable":true,"href":"https:\/\/pdt-rj.org.br\/index.php\/wp-json\/wp\/v2\/media\/83399"}],"wp:attachment":[{"href":"https:\/\/pdt-rj.org.br\/index.php\/wp-json\/wp\/v2\/media?parent=83398"}],"wp:term":[{"taxonomy":"category","embeddable":true,"href":"https:\/\/pdt-rj.org.br\/index.php\/wp-json\/wp\/v2\/categories?post=83398"},{"taxonomy":"post_tag","embeddable":true,"href":"https:\/\/pdt-rj.org.br\/index.php\/wp-json\/wp\/v2\/tags?post=83398"}],"curies":[{"name":"wp","href":"https:\/\/api.w.org\/{rel}","templated":true}]}}