{"id":83377,"date":"2022-09-01T20:48:51","date_gmt":"2022-09-01T23:48:51","guid":{"rendered":"https:\/\/pdt-rj.org.br\/?p=83377"},"modified":"2022-09-05T21:07:41","modified_gmt":"2022-09-06T00:07:41","slug":"rodrigo-neves-assina-carta-compromisso-com-as-mulheres","status":"publish","type":"post","link":"https:\/\/pdt-rj.org.br\/index.php\/rodrigo-neves-assina-carta-compromisso-com-as-mulheres\/","title":{"rendered":"Rodrigo Neves assina carta-compromisso com as mulheres"},"content":{"rendered":"<p style=\"font-weight: 400;\"><strong>Candidato a governador do PDT prop\u00f5e equidade de g\u00eanero como pol\u00edtica de Estado<\/strong><\/p>\n<p style=\"font-weight: 400;\" data-originalfontsize=\"11pt\" data-originalcomputedfontsize=\"14.666666984558105\">O candidato a governador do Rio de Janeiro pelo PDT, Rodrigo Neves, participou de um encontro com 1.500 mulheres no in\u00edcio da noite desta quinta-feira, dia 1\u00ba, no Centro do Rio. Durante o encontro, o pedetista e o candidato a vice-governador Felipe Santa Cruz assinaram uma carta-compromisso com as mulheres, sendo a \u00fanica chapa a se comprometer de forma documental com a equidade de g\u00eanero como projeto de Estado.<\/p>\n<p style=\"font-weight: 400;\" data-originalfontsize=\"11pt\" data-originalcomputedfontsize=\"14.666666984558105\">O documento assinado por Neves e Santa Cruz re\u00fane em 12 pontos um compromisso p\u00fablico com as mulheres. \u201cPela viv\u00eancia e pela sensibilidade, voc\u00eas mulheres sabem como combater todo tipo de viol\u00eancia contra as mulheres, pois convivem todos os dias, desde a inf\u00e2ncia, com situa\u00e7\u00f5es de viol\u00eancia, preconceito, abuso&#8230; Eu e Felipe concordamos integralmente com tudo o que voc\u00eas decidiram propor nesta carta, e n\u00f3s vamos colocar em pr\u00e1tica tudo o que est\u00e1 neste documento\u201d, garantiu Rodrigo Neves.<\/p>\n<p style=\"font-weight: 400;\" data-originalfontsize=\"11pt\" data-originalcomputedfontsize=\"14.666666984558105\">Ao falar sobre a companheira Fernanda Sixel, com quem \u00e9 casado h\u00e1 27 anos, Rodrigo Neves elogiou sua atua\u00e7\u00e3o na vida p\u00fablica. \u201cEu tenho ao meu lado essa guerreira, essa mulher extraordin\u00e1ria, que nos momentos bons e dif\u00edceis esteve sempre \u00e0 frente da batalha, n\u00e3o na defesa do marido, mas na defesa de uma causa, na defesa da democracia, que \u00e9 a nossa futura Primeira-Dama, Fernanda Sixel\u201d, elogiou Rodrigo Neves.<\/p>\n<p style=\"font-weight: 400;\" data-originalfontsize=\"11pt\" data-originalcomputedfontsize=\"14.666666984558105\">Pedagoga, professora e gestora de pol\u00edticas p\u00fablicas para mulheres, Fernanda leu a carta durante o evento. \u201cTodas as medidas t\u00eam como objetivo aproximar a mulher do espa\u00e7o de cidadania plena, por meio de sua participa\u00e7\u00e3o pol\u00edtica de forma parit\u00e1ria, do acesso \u00e0 educa\u00e7\u00e3o, \u00e0 sa\u00fade p\u00fablica de qualidade, \u00e0 renda, com foco no desenvolvimento de cada mulher e de suas fam\u00edlias, combatendo as viol\u00eancias de g\u00eanero e sobretudo as viol\u00eancias dom\u00e9sticas com o fortalecimento dos equipamentos especializados na aten\u00e7\u00e3o \u00e0s mulheres\u201d.<\/p>\n<p style=\"font-weight: 400;\"><strong data-removefontsize=\"true\" data-originalcomputedfontsize=\"14.666666984558105\">Confira as 12 propostas listadas na \u2018Carta-compromisso com as mulheres\u2019:<\/strong><\/p>\n<ol>\n<li style=\"font-weight: 400;\" data-originalfontsize=\"11pt\" data-originalcomputedfontsize=\"14.666666984558105\">Garantir a representatividade com 50% dos cargos de primeiro escal\u00e3o do novo governo ocupados por mulheres.<\/li>\n<li style=\"font-weight: 400;\" data-originalfontsize=\"11pt\" data-originalcomputedfontsize=\"14.666666984558105\">Implantar a Casa da Mulher Fluminense por regi\u00f5es do Estado, priorizando aquelas com maior \u00edndice de viol\u00eancia contra a mulher, assegurando acessibilidade aos servi\u00e7os de promo\u00e7\u00e3o, prote\u00e7\u00e3o e defesa de direitos.<\/li>\n<li style=\"font-weight: 400;\" data-originalfontsize=\"11pt\" data-originalcomputedfontsize=\"14.666666984558105\">Garantir no Programa Renda B\u00e1sica, a prioridade no cadastro \u00e0s mulheres chefes de fam\u00edlia, mulheres m\u00e3es e mulheres gr\u00e1vidas, em situa\u00e7\u00e3o de vulnerabilidade econ\u00f4mica e social.<\/li>\n<li style=\"font-weight: 400;\" data-originalfontsize=\"11pt\" data-originalcomputedfontsize=\"14.666666984558105\">Fortalecer o Programa das DEAMs no Estado, e Estruturar os N\u00facleos de Atendimento \u00e0 Mulher nas Delegacias Regionais, disponibilizando cursos de forma\u00e7\u00e3o e capacita\u00e7\u00e3o, para servidores estaduais e municipais na \u00e1rea da Seguran\u00e7a P\u00fablica sobre a viol\u00eancia de g\u00eanero, e garantir a Sala Lil\u00e1s em todos os PRPTCs do Estado.<\/li>\n<li style=\"font-weight: 400;\" data-originalfontsize=\"11pt\" data-originalcomputedfontsize=\"14.666666984558105\">Ampliar o Programa Patrulha Maria da Penha para fortalecer a pol\u00edtica de enfrentamento \u00e0s viol\u00eancias.<\/li>\n<li style=\"font-weight: 400;\" data-originalfontsize=\"11pt\" data-originalcomputedfontsize=\"14.666666984558105\">Estabelecer, atrav\u00e9s de Programa de Coopera\u00e7\u00e3o com os munic\u00edpios, a amplia\u00e7\u00e3o das vagas em creches em hor\u00e1rio integral, possibilitando \u00e0s mulheres m\u00e3es condi\u00e7\u00f5es para sua inser\u00e7\u00e3o no mercado produtivo de forma plena.<\/li>\n<li style=\"font-weight: 400;\" data-originalfontsize=\"11pt\" data-originalcomputedfontsize=\"14.666666984558105\">Estabelecer em parceria com os munic\u00edpios, um Programa de apoio \u00e0s gestantes, nos moldes do Escola da Fam\u00edlia implantado em Niter\u00f3i, garantindo a melhoria da infraestrutura da rede de assist\u00eancia \u00e0 sa\u00fade materna nas diversas regi\u00f5es do Estado, assim como garantindo a assist\u00eancia humanizada durante a gesta\u00e7\u00e3o, pr\u00e9-parto, perda gestacional, parto e puerp\u00e9rio.<\/li>\n<li style=\"font-weight: 400;\" data-originalfontsize=\"11pt\" data-originalcomputedfontsize=\"14.666666984558105\">Promover a\u00e7\u00f5es intersetoriais no que tange a tem\u00e1tica \u201cDignidade Menstrual\u201d, especialmente com as \u00e1reas de educa\u00e7\u00e3o e sa\u00fade, garantindo a prote\u00e7\u00e3o \u00e0 sa\u00fade menstrual e a distribui\u00e7\u00e3o gratuita de absorventes na Rede Estadual de Ensino e rede FAETEC.<\/li>\n<li style=\"font-weight: 400;\" data-originalfontsize=\"11pt\" data-originalcomputedfontsize=\"14.666666984558105\">Estabelecer parceria com os munic\u00edpios para garantir o diagn\u00f3stico precoce do c\u00e2ncer de mama e do colo do \u00fatero, atrav\u00e9s da amplia\u00e7\u00e3o e fiscaliza\u00e7\u00e3o da Rede de Sa\u00fade da Mulher, e garantir no \u00e2mbito da sa\u00fade estadual todas as etapas do tratamento, com in\u00edcio em at\u00e9 60 dias como preconiza a lei 12.732\/12.<\/li>\n<li style=\"font-weight: 400;\" data-originalfontsize=\"11pt\" data-originalcomputedfontsize=\"14.666666984558105\">Implantar projetos de aten\u00e7\u00e3o \u00e0 sa\u00fade mental das mulheres como os N\u00facleos de Atendimento Psicoterap\u00eauticos para acompanhamento de mulheres vitimadas por diversas formas de viol\u00eancias e g\u00eanero integrados aos Centros Especializados de Atendimento \u00e0 Mulher (CEAMs) e os Centros Integrados de Atendimento \u00e0 Mulher (CIAMs). 11.<\/li>\n<\/ol>\n<p style=\"font-weight: 400;\" data-originalfontsize=\"11pt\" data-originalcomputedfontsize=\"14.666666984558105\">Garantir, atrav\u00e9s da AgeRio, linhas de cr\u00e9dito e microcr\u00e9dito para as mulheres empreendedoras do Estado do Rio, assim como fortalecer espa\u00e7os colaborativos para impulsionar o empreendedorismo feminino e economia solid\u00e1ria.<\/p>\n<ol start=\"12\">\n<li style=\"font-weight: 400;\"><span data-originalfontsize=\"11pt\" data-originalcomputedfontsize=\"14.666666984558105\"> Garantir o direito \u00e0 licen\u00e7a remunerada \u00e0 mulher servidora do Estado, que esteja em situa\u00e7\u00e3o de viol\u00eancia dom\u00e9stica e familiar, e medida protetiva expedida pela justi\u00e7a.<\/span><\/li>\n<\/ol>\n<!-- AddThis Advanced Settings generic via filter on the_content --><!-- AddThis Share Buttons generic via filter on the_content -->","protected":false},"excerpt":{"rendered":"<p>Candidato a governador do PDT prop\u00f5e equidade de g\u00eanero como pol\u00edtica de Estado O candidato a governador do Rio de Janeiro pelo PDT, Rodrigo Neves, participou de um encontro com 1.500 mulheres no in\u00edcio da noite desta quinta-feira, dia 1\u00ba, no Centro do Rio. Durante o encontro, o pedetista e o candidato a vice-governador Felipe&#8230;<!-- AddThis Advanced Settings generic via filter on wp_trim_excerpt --><!-- AddThis Share Buttons generic via filter on wp_trim_excerpt --><\/p>\n","protected":false},"author":17,"featured_media":83378,"comment_status":"closed","ping_status":"closed","sticky":false,"template":"","format":"standard","meta":{"_monsterinsights_skip_tracking":false,"_monsterinsights_sitenote_active":false,"_monsterinsights_sitenote_note":"","_monsterinsights_sitenote_category":0,"_uf_show_specific_survey":0,"_uf_disable_surveys":false,"footnotes":""},"categories":[1390,5414,5415],"tags":[],"class_list":["post-83377","post","type-post","status-publish","format-standard","has-post-thumbnail","hentry","category-editorias","category-estado","category-rodrigo-neves"],"acf":[],"_links":{"self":[{"href":"https:\/\/pdt-rj.org.br\/index.php\/wp-json\/wp\/v2\/posts\/83377","targetHints":{"allow":["GET"]}}],"collection":[{"href":"https:\/\/pdt-rj.org.br\/index.php\/wp-json\/wp\/v2\/posts"}],"about":[{"href":"https:\/\/pdt-rj.org.br\/index.php\/wp-json\/wp\/v2\/types\/post"}],"author":[{"embeddable":true,"href":"https:\/\/pdt-rj.org.br\/index.php\/wp-json\/wp\/v2\/users\/17"}],"replies":[{"embeddable":true,"href":"https:\/\/pdt-rj.org.br\/index.php\/wp-json\/wp\/v2\/comments?post=83377"}],"version-history":[{"count":3,"href":"https:\/\/pdt-rj.org.br\/index.php\/wp-json\/wp\/v2\/posts\/83377\/revisions"}],"predecessor-version":[{"id":83446,"href":"https:\/\/pdt-rj.org.br\/index.php\/wp-json\/wp\/v2\/posts\/83377\/revisions\/83446"}],"wp:featuredmedia":[{"embeddable":true,"href":"https:\/\/pdt-rj.org.br\/index.php\/wp-json\/wp\/v2\/media\/83378"}],"wp:attachment":[{"href":"https:\/\/pdt-rj.org.br\/index.php\/wp-json\/wp\/v2\/media?parent=83377"}],"wp:term":[{"taxonomy":"category","embeddable":true,"href":"https:\/\/pdt-rj.org.br\/index.php\/wp-json\/wp\/v2\/categories?post=83377"},{"taxonomy":"post_tag","embeddable":true,"href":"https:\/\/pdt-rj.org.br\/index.php\/wp-json\/wp\/v2\/tags?post=83377"}],"curies":[{"name":"wp","href":"https:\/\/api.w.org\/{rel}","templated":true}]}}