{"id":83374,"date":"2022-09-01T16:22:18","date_gmt":"2022-09-01T19:22:18","guid":{"rendered":"https:\/\/pdt-rj.org.br\/?p=83374"},"modified":"2022-09-01T16:22:18","modified_gmt":"2022-09-01T19:22:18","slug":"gilberto-vasconcellos-legalidade-e-o-fato-politico-mais-importante-do-brasil-moderno","status":"publish","type":"post","link":"https:\/\/pdt-rj.org.br\/index.php\/gilberto-vasconcellos-legalidade-e-o-fato-politico-mais-importante-do-brasil-moderno\/","title":{"rendered":"Gilberto Vasconcellos: &#8220;Legalidade \u00e9 o fato pol\u00edtico mais importante do Brasil moderno&#8221;"},"content":{"rendered":"<p><strong>Em entrevista ao programa AEPET-TV, o escritor Gilberto Fesliberto Vasconcellos, da UFJF, fala do levante liderado por Brizola em 1961 que garantiu a posse do presidente Jo\u00e3o Goulart.<\/strong><\/p>\n<p>Para impedir golpe, &#8220;Brizola armou e colocou o povo na rua, inclusive as mulheres&#8221;, destaca professor da UFJF.<\/p>\n<p>No \u00faltimo dia 24 de agosto o suic\u00eddio de Get\u00falio Vargas completou 68 anos. Sua Carta Testamento \u00e9 um documento de grande import\u00e2ncia hist\u00f3rica que n\u00e3o costuma ser convenientemente lembrado. O mesmo ocorre com a Campanha da Legalidade, movimento liderado por Leonel Brizola no in\u00edcio da d\u00e9cada de 1960 que adiou o golpe militar. Brizola, por sinal, completaria 100 anos em 2022, se vivo estivesse.<\/p>\n<p>Neste momento de turbul\u00eancia pol\u00edtica, quando a ABI se v\u00ea obrigada a anunciar a cria\u00e7\u00e3o de uma &#8220;nova Rede da Legalidade contra o golpe&#8221; , o soci\u00f3logo, jornalista e escritor Gilberto Felisberto Vasconcellos, que \u00e9 professor da UFJF, toma a iniciativa produzir, com Guilherme Gravina, o v\u00eddeo-depoimento &#8220;Legalidade, uma campanha subversiva&#8221;, no qual d\u00e1 o devido destaque \u00e0 import\u00e2ncia hist\u00f3rica da Campanha da Legalidade, liderada por Brizola, que ele compara ao 1905 na R\u00fassia, que Lenin classificou como &#8220;ensaio da Revolu\u00e7\u00e3o de 1917&#8221;.<\/p>\n<p>Estudioso da Teoria da Depend\u00eancia e entusiasmado com as possibilidades de desenvolvimento aut\u00f4nomo do Brasil, Vasconcellos destaca tamb\u00e9m nesta entrevista ao AEPETV o potencial do pa\u00eds no campo da energia e lembra sua parceria com o engenheiro e f\u00edsico baiano Bautista Vidal, considerado o &#8220;pai do Pro\u00e1lcool&#8221;, com quem escreveu alguns livros.<\/p>\n<p style=\"text-align: center;\"><iframe loading=\"lazy\" title=\"YouTube video player\" src=\"\/\/www.youtube.com\/embed\/2ZRhM-j4NRA\" width=\"560\" height=\"315\" frameborder=\"0\" allowfullscreen=\"allowfullscreen\"><\/iframe><\/p>\n<!-- AddThis Advanced Settings generic via filter on the_content --><!-- AddThis Share Buttons generic via filter on the_content -->","protected":false},"excerpt":{"rendered":"<p>Em entrevista ao programa AEPET-TV, o escritor Gilberto Fesliberto Vasconcellos, da UFJF, fala do levante liderado por Brizola em 1961 que garantiu a posse do presidente Jo\u00e3o Goulart. Para impedir golpe, &#8220;Brizola armou e colocou o povo na rua, inclusive as mulheres&#8221;, destaca professor da UFJF. No \u00faltimo dia 24 de agosto o suic\u00eddio de&#8230;<!-- AddThis Advanced Settings generic via filter on wp_trim_excerpt --><!-- AddThis Share Buttons generic via filter on wp_trim_excerpt --><\/p>\n","protected":false},"author":17,"featured_media":83375,"comment_status":"closed","ping_status":"closed","sticky":false,"template":"","format":"standard","meta":{"_monsterinsights_skip_tracking":false,"_monsterinsights_sitenote_active":false,"_monsterinsights_sitenote_note":"","_monsterinsights_sitenote_category":0,"_uf_show_specific_survey":0,"_uf_disable_surveys":false,"footnotes":""},"categories":[1390,1401],"tags":[],"class_list":["post-83374","post","type-post","status-publish","format-standard","has-post-thumbnail","hentry","category-editorias","category-nacional"],"acf":[],"_links":{"self":[{"href":"https:\/\/pdt-rj.org.br\/index.php\/wp-json\/wp\/v2\/posts\/83374","targetHints":{"allow":["GET"]}}],"collection":[{"href":"https:\/\/pdt-rj.org.br\/index.php\/wp-json\/wp\/v2\/posts"}],"about":[{"href":"https:\/\/pdt-rj.org.br\/index.php\/wp-json\/wp\/v2\/types\/post"}],"author":[{"embeddable":true,"href":"https:\/\/pdt-rj.org.br\/index.php\/wp-json\/wp\/v2\/users\/17"}],"replies":[{"embeddable":true,"href":"https:\/\/pdt-rj.org.br\/index.php\/wp-json\/wp\/v2\/comments?post=83374"}],"version-history":[{"count":1,"href":"https:\/\/pdt-rj.org.br\/index.php\/wp-json\/wp\/v2\/posts\/83374\/revisions"}],"predecessor-version":[{"id":83376,"href":"https:\/\/pdt-rj.org.br\/index.php\/wp-json\/wp\/v2\/posts\/83374\/revisions\/83376"}],"wp:featuredmedia":[{"embeddable":true,"href":"https:\/\/pdt-rj.org.br\/index.php\/wp-json\/wp\/v2\/media\/83375"}],"wp:attachment":[{"href":"https:\/\/pdt-rj.org.br\/index.php\/wp-json\/wp\/v2\/media?parent=83374"}],"wp:term":[{"taxonomy":"category","embeddable":true,"href":"https:\/\/pdt-rj.org.br\/index.php\/wp-json\/wp\/v2\/categories?post=83374"},{"taxonomy":"post_tag","embeddable":true,"href":"https:\/\/pdt-rj.org.br\/index.php\/wp-json\/wp\/v2\/tags?post=83374"}],"curies":[{"name":"wp","href":"https:\/\/api.w.org\/{rel}","templated":true}]}}