{"id":83369,"date":"2022-08-31T22:58:37","date_gmt":"2022-09-01T01:58:37","guid":{"rendered":"https:\/\/pdt-rj.org.br\/?p=83369"},"modified":"2022-09-02T17:13:43","modified_gmt":"2022-09-02T20:13:43","slug":"rodrigo-neves-e-ciro-gomes-apresentam-propostas-para-retomada-economica","status":"publish","type":"post","link":"https:\/\/pdt-rj.org.br\/index.php\/rodrigo-neves-e-ciro-gomes-apresentam-propostas-para-retomada-economica\/","title":{"rendered":"Rodrigo Neves e Ciro Gomes apresentam propostas para retomada econ\u00f4mica"},"content":{"rendered":"<p style=\"font-weight: 400;\"><strong>Candidatos do PDT participam de caminhada na Saara e encontro com empres\u00e1rios na Firjan <\/strong><\/p>\n<p style=\"font-weight: 400;\">Os candidatos a presidente da rep\u00fablica e a governador do estado do Rio de Janeiro pelo PDT, Ciro Gomes e Rodrigo Neves, participaram nesta quarta-feira (31) de agendas de campanha no Centro da cidade do Rio de Janeiro, onde apresentaram seus planos para o desenvolvimento econ\u00f4mico do pa\u00eds e do estado. Pela manh\u00e3 os candidatos realizaram uma caminhada na Rua da Alf\u00e2ndega, no centro comercial da Saara, onde conversaram com o povo sobre propostas para a gera\u00e7\u00e3o de empregos e renda. Em seguida, ambos participaram de um encontro com empres\u00e1rios na Federa\u00e7\u00e3o das Ind\u00fastrias do Rio de Janeiro (Firjan), onde apresentaram propostas para o desenvolvimento econ\u00f4mico.<\/p>\n<p style=\"font-weight: 400;\" data-originalfontsize=\"11pt\" data-originalcomputedfontsize=\"14.666666984558105\">Ao comentar a necessidade de reconstru\u00e7\u00e3o do estado do Rio de Janeiro, Rodrigo Neves afirmou que investir\u00e1 na moderniza\u00e7\u00e3o da infraestrutura do estado do Rio de Janeiro, de modo a gerar empregos e reerguer a Economia. \u201cO Rio tem d\u00e9ficit de empregos, d\u00e9ficit habitacional, d\u00e9ficit de abastecimento e saneamento b\u00e1sico, e tem equipamentos p\u00fablicos abandonados. Para sanar estes problemas vamos gerar 150 mil novos empregos no Rio de Janeiro a partir da cria\u00e7\u00e3o de um amplo programa de frentes de trabalho para reerguer o estado e ao mesmo tempo levar saneamento b\u00e1sico a todas as regi\u00f5es pobres do estado, construir cem mil moradias populares e reestruturar, reformar e modernizar os hospitais estaduais e os CIEPs abandonados\u201d.<\/p>\n<p style=\"font-weight: 400;\" data-originalfontsize=\"11pt\" data-originalcomputedfontsize=\"14.666666984558105\">Ao falar sobre planos para a retomada da Economia brasileira, Ciro Gomes apresentou propostas do seu Projeto Nacional de Desenvolvimento. \u201cPara fazer o Brasil voltar a crescer \u00e9 preciso refinanciar as d\u00edvidas das fam\u00edlias, porque \u00e9 do consumo das fam\u00edlias que v\u00eam 60% do crescimento do PIB estrangulado hoje no Brasil, refinanciar as 6 milh\u00f5es de empresas que est\u00e3o constrangidas no Serasa e perto da fal\u00eancia, muitas delas no setor comercial, e vou incrementar pesadamente o investimento p\u00fablico, retomando 14 mil obras paradas, pois isso irriga toda a Economia do pa\u00eds, e j\u00e1 temos os recursos assegurados para isso\u201d.<\/p>\n<p style=\"font-weight: 400;\"><strong data-removefontsize=\"true\" data-originalcomputedfontsize=\"14.666666984558105\">Gest\u00e3o tribut\u00e1ria e industrializa\u00e7\u00e3o<\/strong><\/p>\n<p style=\"font-weight: 400;\" data-originalfontsize=\"11pt\" data-originalcomputedfontsize=\"14.666666984558105\">Na Firjan, Rodrigo Neves anunciou um \u2018choque de gest\u00e3o\u2019 no estado do Rio de Janeiro, com investimentos em moderniza\u00e7\u00e3o, desburocratiza\u00e7\u00e3o e simplifica\u00e7\u00e3o do sistema tribut\u00e1rio. \u201c\u00c9 praticamente imposs\u00edvel o setor industrial investir no estado do Rio de Janeiro com esta estrutura tribut\u00e1ria esquizofr\u00eanica, elevada, complexa e impeditiva do investimento privado. N\u00f3s estruturamos um programa emergencial que vai retirar rapidamente o estado do Rio de Janeiro desta condi\u00e7\u00e3o de prostra\u00e7\u00e3o e em paralelo vamos colocar em pr\u00e1tica um plano estrat\u00e9gico de longo prazo para o estado, come\u00e7ando logo nos primeiros cem dias de governo, e com responsabilidade reduzir os impostos e acabar com os gargalos que impedem o crescimento econ\u00f4mico do nosso estado\u201d, anunciou Rodrigo Neves.<\/p>\n<p style=\"font-weight: 400;\" data-originalfontsize=\"11pt\" data-originalcomputedfontsize=\"14.666666984558105\">Ciro Gomes apresentou aos empres\u00e1rios seu programa para a reindustrializa\u00e7\u00e3o do Brasil, que pretende trazer para o Brasil a capacidade de produzir infraestrutura e bens de consumo que hoje s\u00e3o importados pelo pa\u00eds: \u201cVamos come\u00e7ar por aqueles setores onde o Brasil est\u00e1 jogando dinheiro fora financiando empregos fora do Brasil: Sa\u00fade, agroneg\u00f3cio, petr\u00f3leo, g\u00e1s e energias renov\u00e1veis e a ind\u00fastria da Defesa\u201d, listou Ciro.<\/p>\n<!-- AddThis Advanced Settings generic via filter on the_content --><!-- AddThis Share Buttons generic via filter on the_content -->","protected":false},"excerpt":{"rendered":"<p>Candidatos do PDT participam de caminhada na Saara e encontro com empres\u00e1rios na Firjan Os candidatos a presidente da rep\u00fablica e a governador do estado do Rio de Janeiro pelo PDT, Ciro Gomes e Rodrigo Neves, participaram nesta quarta-feira (31) de agendas de campanha no Centro da cidade do Rio de Janeiro, onde apresentaram seus&#8230;<!-- AddThis Advanced Settings generic via filter on wp_trim_excerpt --><!-- AddThis Share Buttons generic via filter on wp_trim_excerpt --><\/p>\n","protected":false},"author":17,"featured_media":83370,"comment_status":"closed","ping_status":"closed","sticky":false,"template":"","format":"standard","meta":{"_monsterinsights_skip_tracking":false,"_monsterinsights_sitenote_active":false,"_monsterinsights_sitenote_note":"","_monsterinsights_sitenote_category":0,"_uf_show_specific_survey":0,"_uf_disable_surveys":false,"footnotes":""},"categories":[1390,5416,5414,1401,5415],"tags":[],"class_list":["post-83369","post","type-post","status-publish","format-standard","has-post-thumbnail","hentry","category-editorias","category-ciro-gomes","category-estado","category-nacional","category-rodrigo-neves"],"acf":[],"_links":{"self":[{"href":"https:\/\/pdt-rj.org.br\/index.php\/wp-json\/wp\/v2\/posts\/83369","targetHints":{"allow":["GET"]}}],"collection":[{"href":"https:\/\/pdt-rj.org.br\/index.php\/wp-json\/wp\/v2\/posts"}],"about":[{"href":"https:\/\/pdt-rj.org.br\/index.php\/wp-json\/wp\/v2\/types\/post"}],"author":[{"embeddable":true,"href":"https:\/\/pdt-rj.org.br\/index.php\/wp-json\/wp\/v2\/users\/17"}],"replies":[{"embeddable":true,"href":"https:\/\/pdt-rj.org.br\/index.php\/wp-json\/wp\/v2\/comments?post=83369"}],"version-history":[{"count":3,"href":"https:\/\/pdt-rj.org.br\/index.php\/wp-json\/wp\/v2\/posts\/83369\/revisions"}],"predecessor-version":[{"id":83411,"href":"https:\/\/pdt-rj.org.br\/index.php\/wp-json\/wp\/v2\/posts\/83369\/revisions\/83411"}],"wp:featuredmedia":[{"embeddable":true,"href":"https:\/\/pdt-rj.org.br\/index.php\/wp-json\/wp\/v2\/media\/83370"}],"wp:attachment":[{"href":"https:\/\/pdt-rj.org.br\/index.php\/wp-json\/wp\/v2\/media?parent=83369"}],"wp:term":[{"taxonomy":"category","embeddable":true,"href":"https:\/\/pdt-rj.org.br\/index.php\/wp-json\/wp\/v2\/categories?post=83369"},{"taxonomy":"post_tag","embeddable":true,"href":"https:\/\/pdt-rj.org.br\/index.php\/wp-json\/wp\/v2\/tags?post=83369"}],"curies":[{"name":"wp","href":"https:\/\/api.w.org\/{rel}","templated":true}]}}