{"id":83365,"date":"2022-08-30T22:55:51","date_gmt":"2022-08-31T01:55:51","guid":{"rendered":"https:\/\/pdt-rj.org.br\/?p=83365"},"modified":"2022-09-02T09:53:21","modified_gmt":"2022-09-02T12:53:21","slug":"na-regiao-dos-lagos-rodrigo-neves-assume-compromisso-de-investir-no-saneamento-basico","status":"publish","type":"post","link":"https:\/\/pdt-rj.org.br\/index.php\/na-regiao-dos-lagos-rodrigo-neves-assume-compromisso-de-investir-no-saneamento-basico\/","title":{"rendered":"Na Regi\u00e3o dos Lagos, Rodrigo Neves assume compromisso de investir no saneamento b\u00e1sico"},"content":{"rendered":"<p style=\"font-weight: 400;\"><strong>Em visita a Cabo Frio, S\u00e3o Pedro D\u2019Aldeia, Saquarema e Araruama, candidato a governador prop\u00f5e tamb\u00e9m levar o programa M\u00e9dico de Fam\u00edlia para todo o estado<\/strong><\/p>\n<p style=\"font-weight: 400;\" data-originalfontsize=\"11pt\" data-originalcomputedfontsize=\"14.666666984558105\">O candidato a governador do Rio de Janeiro pelo PDT, Rodrigo Neves, visitou a Regi\u00e3o dos Lagos nesta ter\u00e7a-feira, 30, onde encontrou lideran\u00e7as pol\u00edticas e apoiadores para caminhadas e encontros com o povo nas cidades de Cabo Frio, S\u00e3o Pedro D\u2019Aldeia, Saquarema e Araruama. Ao apresentar suas propostas para a reconstru\u00e7\u00e3o do estado do Rio de Janeiro, o ex-prefeito de Niter\u00f3i assumiu o compromisso de trabalhar para melhorar a sa\u00fade do povo a partir de medidas como a cria\u00e7\u00e3o de um amplo programa de aten\u00e7\u00e3o b\u00e1sica em sa\u00fade e a melhoria do servi\u00e7o de saneamento b\u00e1sico.<\/p>\n<p style=\"font-weight: 400;\" data-originalfontsize=\"11pt\" data-originalcomputedfontsize=\"14.666666984558105\">\u201cO programa Sa\u00fade da Fam\u00edlia \u00e9 um programa importante porque quando o poder p\u00fablico leva aten\u00e7\u00e3o b\u00e1sica em sa\u00fade \u00e0s fam\u00edlias, aos idosos, aos diab\u00e9ticos, \u00e0s pessoas que tem problemas card\u00edacos e estas pessoas t\u00eam assist\u00eancia dos m\u00e9dicos, dos enfermeiros e dos agentes comunit\u00e1rios, evita-se doen\u00e7as mais graves que leva as pessoas a superlotar os hospitais em busca de atendimento. Em Niter\u00f3i eu levei o programa Sa\u00fade da Fam\u00edlia para todo o povo mais pobre, e vou fazer um programa de coopera\u00e7\u00e3o com os munic\u00edpios e n\u00f3s vamos levar sa\u00fade de qualidade para todo o estado\u201d, disse o candidato do PDT.<\/p>\n<p style=\"font-weight: 400;\" data-originalfontsize=\"11pt\" data-originalcomputedfontsize=\"14.666666984558105\">Ao visitar a Pra\u00e7a do Canh\u00e3o, no Centro de S\u00e3o Pedro D\u2019Aldeia, lugar que frequenta desde a inf\u00e2ncia, Rodrigo Neves falou sobre a import\u00e2ncia de despoluir a Lagoa de Araruama para melhorar a sa\u00fade do povo e tamb\u00e9m para a retomada do desenvolvimento econ\u00f4mico da regi\u00e3o.<\/p>\n<p style=\"font-weight: 400;\" data-originalfontsize=\"11pt\" data-originalcomputedfontsize=\"14.666666984558105\">\u201cNos \u00faltimos meses n\u00f3s preparamos um plano de reconstru\u00e7\u00e3o do Rio de Janeiro, e sabemos que na Regi\u00e3o dos Lagos h\u00e1 um problema de saneamento b\u00e1sico, porque mesmo com a concess\u00e3o do servi\u00e7o de saneamento, infelizmente a Lagoa de Araruama continua polu\u00edda. Com a lagoa limpa a gente poderia ter mais desenvolvimento econ\u00f4mico, mais peixes, mais turistas, mais hot\u00e9is, mais restaurantes e com isso mais empregos e com\u00e9rcio mais movimentado. Em Niter\u00f3i eu fiscalizei a concess\u00e3o que cuida do saneamento e com boa gest\u00e3o \u00e0 frente da prefeitura levei \u00e1gua e esgoto tratado para praticamente 100% da cidade, e \u00e9 isso que vamos fazer na Regi\u00e3o dos Lagos a partir de 2023\u201d, afirmou Rodrigo Neves.<\/p>\n<!-- AddThis Advanced Settings generic via filter on the_content --><!-- AddThis Share Buttons generic via filter on the_content -->","protected":false},"excerpt":{"rendered":"<p>Em visita a Cabo Frio, S\u00e3o Pedro D\u2019Aldeia, Saquarema e Araruama, candidato a governador prop\u00f5e tamb\u00e9m levar o programa M\u00e9dico de Fam\u00edlia para todo o estado O candidato a governador do Rio de Janeiro pelo PDT, Rodrigo Neves, visitou a Regi\u00e3o dos Lagos nesta ter\u00e7a-feira, 30, onde encontrou lideran\u00e7as pol\u00edticas e apoiadores para caminhadas e&#8230;<!-- AddThis Advanced Settings generic via filter on wp_trim_excerpt --><!-- AddThis Share Buttons generic via filter on wp_trim_excerpt --><\/p>\n","protected":false},"author":17,"featured_media":83366,"comment_status":"closed","ping_status":"closed","sticky":false,"template":"","format":"standard","meta":{"_monsterinsights_skip_tracking":false,"_monsterinsights_sitenote_active":false,"_monsterinsights_sitenote_note":"","_monsterinsights_sitenote_category":0,"_uf_show_specific_survey":0,"_uf_disable_surveys":false,"footnotes":""},"categories":[1390,5414,5415],"tags":[],"class_list":["post-83365","post","type-post","status-publish","format-standard","has-post-thumbnail","hentry","category-editorias","category-estado","category-rodrigo-neves"],"acf":[],"_links":{"self":[{"href":"https:\/\/pdt-rj.org.br\/index.php\/wp-json\/wp\/v2\/posts\/83365","targetHints":{"allow":["GET"]}}],"collection":[{"href":"https:\/\/pdt-rj.org.br\/index.php\/wp-json\/wp\/v2\/posts"}],"about":[{"href":"https:\/\/pdt-rj.org.br\/index.php\/wp-json\/wp\/v2\/types\/post"}],"author":[{"embeddable":true,"href":"https:\/\/pdt-rj.org.br\/index.php\/wp-json\/wp\/v2\/users\/17"}],"replies":[{"embeddable":true,"href":"https:\/\/pdt-rj.org.br\/index.php\/wp-json\/wp\/v2\/comments?post=83365"}],"version-history":[{"count":2,"href":"https:\/\/pdt-rj.org.br\/index.php\/wp-json\/wp\/v2\/posts\/83365\/revisions"}],"predecessor-version":[{"id":83393,"href":"https:\/\/pdt-rj.org.br\/index.php\/wp-json\/wp\/v2\/posts\/83365\/revisions\/83393"}],"wp:featuredmedia":[{"embeddable":true,"href":"https:\/\/pdt-rj.org.br\/index.php\/wp-json\/wp\/v2\/media\/83366"}],"wp:attachment":[{"href":"https:\/\/pdt-rj.org.br\/index.php\/wp-json\/wp\/v2\/media?parent=83365"}],"wp:term":[{"taxonomy":"category","embeddable":true,"href":"https:\/\/pdt-rj.org.br\/index.php\/wp-json\/wp\/v2\/categories?post=83365"},{"taxonomy":"post_tag","embeddable":true,"href":"https:\/\/pdt-rj.org.br\/index.php\/wp-json\/wp\/v2\/tags?post=83365"}],"curies":[{"name":"wp","href":"https:\/\/api.w.org\/{rel}","templated":true}]}}