{"id":83355,"date":"2022-08-30T13:07:09","date_gmt":"2022-08-30T16:07:09","guid":{"rendered":"https:\/\/pdt-rj.org.br\/?p=83355"},"modified":"2022-09-01T07:01:33","modified_gmt":"2022-09-01T10:01:33","slug":"ciro-e-rodrigo-neves-caminham-na-saara-e-participam-de-reuniao-na-firjan","status":"publish","type":"post","link":"https:\/\/pdt-rj.org.br\/index.php\/ciro-e-rodrigo-neves-caminham-na-saara-e-participam-de-reuniao-na-firjan\/","title":{"rendered":"Ciro e Rodrigo Neves caminham na Saara e participam de reuni\u00e3o na Firjan"},"content":{"rendered":"<p><strong>Agendas com candidatos a presidente e a governador pelo PDT ocorrem nesta quarta-feira, na capital do RJ<\/strong><\/p>\n<p>Os candidatos a presidente da Rep\u00fablica e a governador pelo PDT, Ciro Gomes e Rodrigo Neves, participar\u00e3o nesta quarta-feira (31), no Centro do Rio de Janeiro (RJ), de caminhada pela Saara, tradicional \u00e1rea de com\u00e9rcio popular, e de reuni\u00e3o com dirigentes da Federa\u00e7\u00e3o das Ind\u00fastrias do Estado do Rio de Janeiro (Firjan).<\/p>\n<p>Acompanhados dos postulantes a vice-presidente e a senador, Ana Paula Matos e Cabo Daciolo, Ciro e Neves iniciar\u00e3o, \u00e0s 9h, a primeira agenda em frente \u00e0 Igreja de S\u00e3o Jorge, na Pra\u00e7a da Rep\u00fablica. Pelas movimentadas e hist\u00f3ricas ruas cariocas, as lideran\u00e7as nacionais conversar\u00e3o com os eleitores, incluindo os comerciantes locais.<\/p>\n<p>Na sequ\u00eancia, \u00e0s 11h30, os pedetistas ser\u00e3o recebidos por empres\u00e1rios, na sede da Firjan, para debater o processo de reindustrializa\u00e7\u00e3o e retomada econ\u00f4mica do estado.<\/p>\n<p><strong>Servi\u00e7o:<\/strong> No Rio, Ciro Gomes e Rodrigo Neves participam de caminhada pela Saara e de encontro com dirigentes da Firjan<\/p>\n<p><strong>Evento:<\/strong> Caminhada na Saara<\/p>\n<p><strong>Data:<\/strong> 31\/8\/2022<\/p>\n<p>Hor\u00e1rio: 9h<\/p>\n<p>Local: Em frente \u00e0 Igreja de S\u00e3o Jorge, na Pra\u00e7a da Rep\u00fablica \u2013 Centro, Rio de Janeiro (RJ)<\/p>\n<p><strong>Evento:<\/strong> Reuni\u00e3o com empres\u00e1rios na Firjan<\/p>\n<p>Data: 31\/8\/2022<\/p>\n<p>Hor\u00e1rio: 11h30<\/p>\n<p>Local: Avenida Gra\u00e7a Aranha, 1, 3\u00ba andar &#8211; Centro, Rio de Janeiro (RJ)<\/p>\n<!-- AddThis Advanced Settings generic via filter on the_content --><!-- AddThis Share Buttons generic via filter on the_content -->","protected":false},"excerpt":{"rendered":"<p>Agendas com candidatos a presidente e a governador pelo PDT ocorrem nesta quarta-feira, na capital do RJ Os candidatos a presidente da Rep\u00fablica e a governador pelo PDT, Ciro Gomes e Rodrigo Neves, participar\u00e3o nesta quarta-feira (31), no Centro do Rio de Janeiro (RJ), de caminhada pela Saara, tradicional \u00e1rea de com\u00e9rcio popular, e de&#8230;<!-- AddThis Advanced Settings generic via filter on wp_trim_excerpt --><!-- AddThis Share Buttons generic via filter on wp_trim_excerpt --><\/p>\n","protected":false},"author":17,"featured_media":83356,"comment_status":"closed","ping_status":"closed","sticky":false,"template":"","format":"standard","meta":{"_monsterinsights_skip_tracking":false,"_monsterinsights_sitenote_active":false,"_monsterinsights_sitenote_note":"","_monsterinsights_sitenote_category":0,"_uf_show_specific_survey":0,"_uf_disable_surveys":false,"footnotes":""},"categories":[1390,5416,5414,5415],"tags":[],"class_list":["post-83355","post","type-post","status-publish","format-standard","has-post-thumbnail","hentry","category-editorias","category-ciro-gomes","category-estado","category-rodrigo-neves"],"acf":[],"_links":{"self":[{"href":"https:\/\/pdt-rj.org.br\/index.php\/wp-json\/wp\/v2\/posts\/83355","targetHints":{"allow":["GET"]}}],"collection":[{"href":"https:\/\/pdt-rj.org.br\/index.php\/wp-json\/wp\/v2\/posts"}],"about":[{"href":"https:\/\/pdt-rj.org.br\/index.php\/wp-json\/wp\/v2\/types\/post"}],"author":[{"embeddable":true,"href":"https:\/\/pdt-rj.org.br\/index.php\/wp-json\/wp\/v2\/users\/17"}],"replies":[{"embeddable":true,"href":"https:\/\/pdt-rj.org.br\/index.php\/wp-json\/wp\/v2\/comments?post=83355"}],"version-history":[{"count":3,"href":"https:\/\/pdt-rj.org.br\/index.php\/wp-json\/wp\/v2\/posts\/83355\/revisions"}],"predecessor-version":[{"id":83372,"href":"https:\/\/pdt-rj.org.br\/index.php\/wp-json\/wp\/v2\/posts\/83355\/revisions\/83372"}],"wp:featuredmedia":[{"embeddable":true,"href":"https:\/\/pdt-rj.org.br\/index.php\/wp-json\/wp\/v2\/media\/83356"}],"wp:attachment":[{"href":"https:\/\/pdt-rj.org.br\/index.php\/wp-json\/wp\/v2\/media?parent=83355"}],"wp:term":[{"taxonomy":"category","embeddable":true,"href":"https:\/\/pdt-rj.org.br\/index.php\/wp-json\/wp\/v2\/categories?post=83355"},{"taxonomy":"post_tag","embeddable":true,"href":"https:\/\/pdt-rj.org.br\/index.php\/wp-json\/wp\/v2\/tags?post=83355"}],"curies":[{"name":"wp","href":"https:\/\/api.w.org\/{rel}","templated":true}]}}