{"id":83332,"date":"2022-08-28T16:06:55","date_gmt":"2022-08-28T19:06:55","guid":{"rendered":"https:\/\/pdt-rj.org.br\/?p=83332"},"modified":"2022-09-01T20:53:08","modified_gmt":"2022-09-01T23:53:08","slug":"rodrigo-neves-defende-mais-investimentos-em-educacao","status":"publish","type":"post","link":"https:\/\/pdt-rj.org.br\/index.php\/rodrigo-neves-defende-mais-investimentos-em-educacao\/","title":{"rendered":"Rodrigo Neves defende mais investimentos em Educa\u00e7\u00e3o"},"content":{"rendered":"<p><strong><span lang=\"PT\" data-originalfontsize=\"12pt\" data-originalcomputedfontsize=\"16\">Em caminhada na Baixada Fluminense, candidato a governador critica abandono das escolas<\/span>\u00a0<\/strong><\/p>\n<p><span lang=\"PT\" data-originalfontsize=\"12pt\" data-originalcomputedfontsize=\"16\">Sob o sol forte da Baixada Fluminense, o candidato a governador do estado do Rio de Janeiro pelo PDT, Rodrigo Neves, defendeu neste domingo, 28, a amplia\u00e7\u00e3o de investimentos em Educa\u00e7\u00e3o e criticou o abandono da rede de ensino pela atual gest\u00e3o.<\/span><\/p>\n<p><span lang=\"PT\" data-originalfontsize=\"12pt\" data-originalcomputedfontsize=\"16\">Em caminhadas nas feiras de Duque de Caxias e Piabet\u00e1, em Mag\u00e9, acompanhado pelo ex-prefeito de Duque de Caxias Zito, que \u00e9 candidato a deputado estadual, Rodrigo Neves defendeu a reestrutura\u00e7\u00e3o e moderniza\u00e7\u00e3o dos Centros Integrados de Educa\u00e7\u00e3o P\u00fablica (CIEPs), criados por Leonel Brizola e conhecidos popularmente como brizol\u00f5es.<\/span><\/p>\n<p><span lang=\"PT\">\u00a0<\/span><span lang=\"EN-US\" data-originalfontsize=\"12pt\" data-originalcomputedfontsize=\"16\">\u201cN\u00f3s vamos reabrir todos brizol\u00f5<\/span><span lang=\"ES-TRAD\" data-originalfontsize=\"12pt\" data-originalcomputedfontsize=\"16\">es que est\u00e3o <\/span><span lang=\"EN-US\" data-originalfontsize=\"12pt\" data-originalcomputedfontsize=\"16\">abandonados no estado. Se n\u00e3o tivessem acabado com os CIEPs, n\u00e3<\/span><span lang=\"ES-TRAD\" data-originalfontsize=\"12pt\" data-originalcomputedfontsize=\"16\">o estar<\/span><span lang=\"EN-US\" data-originalfontsize=\"12pt\" data-originalcomputedfontsize=\"16\">\u00edamos perdendo tantos jovens para a criminalidade. N\u00e3o h\u00e1 outro caminho para o estado do Rio de Janeiro que n\u00e3o seja a Educa\u00e7\u00e3o\u201d, disse Rodrigo, que circulou pelas feiras ouvindo ideias e conversando com o povo sobre suas propostas para o estado do Rio de Janeiro.<\/span><\/p>\n<!-- AddThis Advanced Settings generic via filter on the_content --><!-- AddThis Share Buttons generic via filter on the_content -->","protected":false},"excerpt":{"rendered":"<p>Em caminhada na Baixada Fluminense, candidato a governador critica abandono das escolas\u00a0 Sob o sol forte da Baixada Fluminense, o candidato a governador do estado do Rio de Janeiro pelo PDT, Rodrigo Neves, defendeu neste domingo, 28, a amplia\u00e7\u00e3o de investimentos em Educa\u00e7\u00e3o e criticou o abandono da rede de ensino pela atual gest\u00e3o. Em&#8230;<!-- AddThis Advanced Settings generic via filter on wp_trim_excerpt --><!-- AddThis Share Buttons generic via filter on wp_trim_excerpt --><\/p>\n","protected":false},"author":17,"featured_media":83333,"comment_status":"closed","ping_status":"closed","sticky":false,"template":"","format":"standard","meta":{"_monsterinsights_skip_tracking":false,"_monsterinsights_sitenote_active":false,"_monsterinsights_sitenote_note":"","_monsterinsights_sitenote_category":0,"_uf_show_specific_survey":0,"_uf_disable_surveys":false,"footnotes":""},"categories":[1390,5414,5415],"tags":[],"class_list":["post-83332","post","type-post","status-publish","format-standard","has-post-thumbnail","hentry","category-editorias","category-estado","category-rodrigo-neves"],"acf":[],"_links":{"self":[{"href":"https:\/\/pdt-rj.org.br\/index.php\/wp-json\/wp\/v2\/posts\/83332","targetHints":{"allow":["GET"]}}],"collection":[{"href":"https:\/\/pdt-rj.org.br\/index.php\/wp-json\/wp\/v2\/posts"}],"about":[{"href":"https:\/\/pdt-rj.org.br\/index.php\/wp-json\/wp\/v2\/types\/post"}],"author":[{"embeddable":true,"href":"https:\/\/pdt-rj.org.br\/index.php\/wp-json\/wp\/v2\/users\/17"}],"replies":[{"embeddable":true,"href":"https:\/\/pdt-rj.org.br\/index.php\/wp-json\/wp\/v2\/comments?post=83332"}],"version-history":[{"count":2,"href":"https:\/\/pdt-rj.org.br\/index.php\/wp-json\/wp\/v2\/posts\/83332\/revisions"}],"predecessor-version":[{"id":83381,"href":"https:\/\/pdt-rj.org.br\/index.php\/wp-json\/wp\/v2\/posts\/83332\/revisions\/83381"}],"wp:featuredmedia":[{"embeddable":true,"href":"https:\/\/pdt-rj.org.br\/index.php\/wp-json\/wp\/v2\/media\/83333"}],"wp:attachment":[{"href":"https:\/\/pdt-rj.org.br\/index.php\/wp-json\/wp\/v2\/media?parent=83332"}],"wp:term":[{"taxonomy":"category","embeddable":true,"href":"https:\/\/pdt-rj.org.br\/index.php\/wp-json\/wp\/v2\/categories?post=83332"},{"taxonomy":"post_tag","embeddable":true,"href":"https:\/\/pdt-rj.org.br\/index.php\/wp-json\/wp\/v2\/tags?post=83332"}],"curies":[{"name":"wp","href":"https:\/\/api.w.org\/{rel}","templated":true}]}}