{"id":83325,"date":"2022-08-28T11:29:54","date_gmt":"2022-08-28T14:29:54","guid":{"rendered":"https:\/\/pdt-rj.org.br\/?p=83325"},"modified":"2022-09-02T17:07:58","modified_gmt":"2022-09-02T20:07:58","slug":"83325","status":"publish","type":"post","link":"https:\/\/pdt-rj.org.br\/index.php\/83325\/","title":{"rendered":"Na Zona Norte, Rodrigo Neves e Eduardo Paes falam em \u201cparceria\u201d para combater a viol\u00eancia"},"content":{"rendered":"<p><strong><span lang=\"EN-US\" data-originalfontsize=\"12pt\" data-originalcomputedfontsize=\"16\">Encontro com l\u00edderes comunit\u00e1rios acontece em regi\u00e3o marcada pela inseguran\u00e7a<\/span><\/strong><\/p>\n<p data-originalfontsize=\"11pt\" data-originalcomputedfontsize=\"14.666666984558105\"><span lang=\"EN-US\" data-originalfontsize=\"12pt\" data-originalcomputedfontsize=\"16\">Durante encontro com l\u00edderes comunit\u00e1rios em Cordovil, na Zona Norte da cidade do Rio de Janeiro, no fim da tarde deste s\u00e1bado, 27, o candidato a governador pelo PDT, Rodrigo Neves, e\u00a0<\/span><span data-originalfontsize=\"16px\" data-originalcomputedfontsize=\"16\">o prefeito do Rio, Eduardo Paes,<\/span>\u00a0fizeram<span data-originalfontsize=\"12pt\" data-originalcomputedfontsize=\"16\"> duras cr\u00edticas \u00e0 falta de uma pol\u00edtica de Seguran\u00e7a P\u00fablica efetiva na atual gest\u00e3o estadual. Ambos afirmaram que se unir\u00e3o numa parceria, a partir do ano que vem, para reduzir os altos \u00edndices de criminalidade da cidade.<\/span><\/p>\n<p><span lang=\"EN-US\" data-originalfontsize=\"12pt\" data-originalcomputedfontsize=\"16\">Rodrigo Neves falou sobre a necessidade de retomada do policiamento nas ruas.<br \/>\n<\/span><\/p>\n<p><span lang=\"EN-US\" data-originalfontsize=\"12pt\" data-originalcomputedfontsize=\"16\">\u201cEduardo, n\u00f3s vamos fazer uma parceria como nunca foi feita na hist\u00f3ria do Rio de Janeiro: com um olhar muito especial para a Seguran\u00e7a P\u00fablica no sub\u00farbio, na Zona Norte, na Zona Oeste. <\/span><span lang=\"PT\" data-originalfontsize=\"12pt\" data-originalcomputedfontsize=\"16\">Eu vou fazer um choque de gest\u00e3o na Secretaria de Seguran<\/span><span data-originalfontsize=\"12pt\" data-originalcomputedfontsize=\"16\">\u00e7<\/span><span lang=\"PT\" data-originalfontsize=\"12pt\" data-originalcomputedfontsize=\"16\">a para que a prioridade volte a ser o policiamento das ruas<\/span><span lang=\"EN-US\" data-originalfontsize=\"12pt\" data-originalcomputedfontsize=\"16\">\u201d, afirmou Rodrigo, dirigindo-se ao prefeito.<\/span><\/p>\n<p><span lang=\"EN-US\" data-originalfontsize=\"12pt\" data-originalcomputedfontsize=\"16\">O candidato a governador tamb\u00e9m criticou o atual governador, Cl\u00e1udio Castro, pela forma como foi desenvolvido o projeto Cidade Integrada. &#8220;<\/span><span lang=\"PT\" data-originalfontsize=\"12pt\" data-originalcomputedfontsize=\"16\">Que projeto <\/span><span lang=\"FR\" data-originalfontsize=\"12pt\" data-originalcomputedfontsize=\"16\">\u00e9 <\/span><span lang=\"EN-US\" data-originalfontsize=\"12pt\" data-originalcomputedfontsize=\"16\">esse que se diz \u2018cidade\u2019, mas que o prefeito da capital n\u00e3o foi convidado a participar?\u201d, questionou Neves.<\/span><\/p>\n<p><span lang=\"EN-US\" data-originalfontsize=\"12pt\" data-originalcomputedfontsize=\"16\">Eduardo Paes lembrou o drama di\u00e1rio de m\u00e3es que perdem seus filhos para a viol\u00eancia urbana em situa\u00e7\u00f5es banais, simplesmente porque estavam na rua, indo de um bairro ao outro.<\/span> <span lang=\"EN-US\" data-originalfontsize=\"12pt\" data-originalcomputedfontsize=\"16\">\u201cTodo dia a gente v\u00ea nos jornais uma m\u00e3e chorando porque seu filho, na Zona Norte do Rio, estava se deslocando de um bairro para outro e perdeu sua vida porque tomou um tiro. \u00c9 o tempo todo\u201d.<\/span><\/p>\n<p>O prefeito do Rio encerrou o encontro afirmando que \u201cRodrigo Neves \u00e9 o \u00fanico candidato a governador nestas elei\u00e7\u00f5es que tem condi\u00e7\u00f5es de administrar um estado t\u00e3o complexo quanto o Rio de Janeiro\u201d. E concluiu: &#8220;N\u00e3o d\u00e1 pra gente errar mais\u201d.<\/p>\n<!-- AddThis Advanced Settings generic via filter on the_content --><!-- AddThis Share Buttons generic via filter on the_content -->","protected":false},"excerpt":{"rendered":"<p>Encontro com l\u00edderes comunit\u00e1rios acontece em regi\u00e3o marcada pela inseguran\u00e7a Durante encontro com l\u00edderes comunit\u00e1rios em Cordovil, na Zona Norte da cidade do Rio de Janeiro, no fim da tarde deste s\u00e1bado, 27, o candidato a governador pelo PDT, Rodrigo Neves, e\u00a0o prefeito do Rio, Eduardo Paes,\u00a0fizeram duras cr\u00edticas \u00e0 falta de uma pol\u00edtica de&#8230;<!-- AddThis Advanced Settings generic via filter on wp_trim_excerpt --><!-- AddThis Share Buttons generic via filter on wp_trim_excerpt --><\/p>\n","protected":false},"author":17,"featured_media":83326,"comment_status":"closed","ping_status":"closed","sticky":false,"template":"","format":"standard","meta":{"_monsterinsights_skip_tracking":false,"_monsterinsights_sitenote_active":false,"_monsterinsights_sitenote_note":"","_monsterinsights_sitenote_category":0,"_uf_show_specific_survey":0,"_uf_disable_surveys":false,"footnotes":""},"categories":[1390,5414,5415],"tags":[],"class_list":["post-83325","post","type-post","status-publish","format-standard","has-post-thumbnail","hentry","category-editorias","category-estado","category-rodrigo-neves"],"acf":[],"_links":{"self":[{"href":"https:\/\/pdt-rj.org.br\/index.php\/wp-json\/wp\/v2\/posts\/83325","targetHints":{"allow":["GET"]}}],"collection":[{"href":"https:\/\/pdt-rj.org.br\/index.php\/wp-json\/wp\/v2\/posts"}],"about":[{"href":"https:\/\/pdt-rj.org.br\/index.php\/wp-json\/wp\/v2\/types\/post"}],"author":[{"embeddable":true,"href":"https:\/\/pdt-rj.org.br\/index.php\/wp-json\/wp\/v2\/users\/17"}],"replies":[{"embeddable":true,"href":"https:\/\/pdt-rj.org.br\/index.php\/wp-json\/wp\/v2\/comments?post=83325"}],"version-history":[{"count":5,"href":"https:\/\/pdt-rj.org.br\/index.php\/wp-json\/wp\/v2\/posts\/83325\/revisions"}],"predecessor-version":[{"id":83409,"href":"https:\/\/pdt-rj.org.br\/index.php\/wp-json\/wp\/v2\/posts\/83325\/revisions\/83409"}],"wp:featuredmedia":[{"embeddable":true,"href":"https:\/\/pdt-rj.org.br\/index.php\/wp-json\/wp\/v2\/media\/83326"}],"wp:attachment":[{"href":"https:\/\/pdt-rj.org.br\/index.php\/wp-json\/wp\/v2\/media?parent=83325"}],"wp:term":[{"taxonomy":"category","embeddable":true,"href":"https:\/\/pdt-rj.org.br\/index.php\/wp-json\/wp\/v2\/categories?post=83325"},{"taxonomy":"post_tag","embeddable":true,"href":"https:\/\/pdt-rj.org.br\/index.php\/wp-json\/wp\/v2\/tags?post=83325"}],"curies":[{"name":"wp","href":"https:\/\/api.w.org\/{rel}","templated":true}]}}