{"id":83308,"date":"2022-08-26T19:22:25","date_gmt":"2022-08-26T22:22:25","guid":{"rendered":"https:\/\/pdt-rj.org.br\/?p=83308"},"modified":"2022-08-28T16:08:54","modified_gmt":"2022-08-28T19:08:54","slug":"em-bangu-rodrigo-neves-critica-abandono-da-supervia","status":"publish","type":"post","link":"https:\/\/pdt-rj.org.br\/index.php\/em-bangu-rodrigo-neves-critica-abandono-da-supervia\/","title":{"rendered":"Em Bangu, Rodrigo Neves critica abandono da Supervia"},"content":{"rendered":"<p style=\"font-weight: 400;\"><strong>Em caminhada no cal\u00e7ad\u00e3o do bairro, candidato a governador afirma que vai recuperar os trens urbanos<\/strong><\/p>\n<p style=\"font-weight: 400;\"><span data-removefontsize=\"true\" data-originalcomputedfontsize=\"16\">Classificando como uma \u201cvergonha\u201d a situa\u00e7\u00e3o dos trens urbanos fluminenses, o candidato a governador do estado do Rio de Janeiro pelo PDT, Rodrigo Neves, afirmou na manh\u00e3 de hoje em caminhada no Cal\u00e7ad\u00e3o de Bangu que vai recuperar as esta\u00e7\u00f5es ferrovi\u00e1rias.<\/span><\/p>\n<p style=\"font-weight: 400;\"><span data-removefontsize=\"true\" data-originalcomputedfontsize=\"16\">\u201cN\u00f3s vamos acabar com a pouca vergonha da Supervia. Vamos recuperar as esta\u00e7\u00f5es e garantir que elas tenham banheiro e acessibilidade e que todos os ramais tenham trens expressos para a Central do Brasil. Se for necess\u00e1rio, vamos pegar de volta os trens urbanos, vamos encampar a Supervia para dar um choque de gest\u00e3o e levar dignidade ao trabalhador da Zona Oeste\u201d, prop\u00f4s o candidato do PDT e ex-prefeito de Niter\u00f3i.<\/span><\/p>\n<p style=\"font-weight: 400;\"><span data-originalfontsize=\"12pt\" data-originalcomputedfontsize=\"16\">Acompanhado do candidato a vice-governador, Felipe Santa Cruz (PSD), da deputada estadual Martha Rocha (PDT) e do candidato a deputado federal Miro Teixeira (PDT), Rodrigo Neves criticou o abandono dos \u00faltimos quatro anos e as dificuldades di\u00e1rias do passageiro da zona oeste.<\/span><\/p>\n<p style=\"font-weight: 400;\"><span data-originalfontsize=\"12pt\" data-originalcomputedfontsize=\"16\">\u201c<\/span><span data-originalfontsize=\"12pt\" data-originalcomputedfontsize=\"16\">O abandono\u00a0<\/span><span data-originalfontsize=\"12pt\" data-originalcomputedfontsize=\"16\">dos trens<\/span>\u00a0<span data-originalfontsize=\"12pt\" data-originalcomputedfontsize=\"16\">da Supervia\u00a0<\/span><span data-originalfontsize=\"12pt\" data-originalcomputedfontsize=\"16\">nesses \u00faltimos quatro <\/span><span data-originalfontsize=\"small\" data-originalcomputedfontsize=\"13\">anos \u00e9\u00a0<\/span><span data-originalfontsize=\"12pt\" data-originalcomputedfontsize=\"16\">uma vergonha<\/span>. <span data-originalfontsize=\"12pt\" data-originalcomputedfontsize=\"16\">N\u00e3o \u00e9 poss\u00edvel que o trabalhador da Zona Oeste leve duas horas para chegar at\u00e9 o Centro da cidade e duas horas para voltar, se arrebentando igual sardinha em lata nos trens. Vamos mudar essa realidade do transporte, pois assim vamos\u00a0melhorar a qualidade de vida dos trabalhadores&#8221;, garantiu Rodrigo Neves.<\/span><\/p>\n<!-- AddThis Advanced Settings generic via filter on the_content --><!-- AddThis Share Buttons generic via filter on the_content -->","protected":false},"excerpt":{"rendered":"<p>Em caminhada no cal\u00e7ad\u00e3o do bairro, candidato a governador afirma que vai recuperar os trens urbanos Classificando como uma \u201cvergonha\u201d a situa\u00e7\u00e3o dos trens urbanos fluminenses, o candidato a governador do estado do Rio de Janeiro pelo PDT, Rodrigo Neves, afirmou na manh\u00e3 de hoje em caminhada no Cal\u00e7ad\u00e3o de Bangu que vai recuperar as&#8230;<!-- AddThis Advanced Settings generic via filter on wp_trim_excerpt --><!-- AddThis Share Buttons generic via filter on wp_trim_excerpt --><\/p>\n","protected":false},"author":17,"featured_media":83309,"comment_status":"closed","ping_status":"closed","sticky":false,"template":"","format":"standard","meta":{"_monsterinsights_skip_tracking":false,"_monsterinsights_sitenote_active":false,"_monsterinsights_sitenote_note":"","_monsterinsights_sitenote_category":0,"_uf_show_specific_survey":0,"_uf_disable_surveys":false,"footnotes":""},"categories":[1390,5414,5415],"tags":[],"class_list":["post-83308","post","type-post","status-publish","format-standard","has-post-thumbnail","hentry","category-editorias","category-estado","category-rodrigo-neves"],"acf":[],"_links":{"self":[{"href":"https:\/\/pdt-rj.org.br\/index.php\/wp-json\/wp\/v2\/posts\/83308","targetHints":{"allow":["GET"]}}],"collection":[{"href":"https:\/\/pdt-rj.org.br\/index.php\/wp-json\/wp\/v2\/posts"}],"about":[{"href":"https:\/\/pdt-rj.org.br\/index.php\/wp-json\/wp\/v2\/types\/post"}],"author":[{"embeddable":true,"href":"https:\/\/pdt-rj.org.br\/index.php\/wp-json\/wp\/v2\/users\/17"}],"replies":[{"embeddable":true,"href":"https:\/\/pdt-rj.org.br\/index.php\/wp-json\/wp\/v2\/comments?post=83308"}],"version-history":[{"count":3,"href":"https:\/\/pdt-rj.org.br\/index.php\/wp-json\/wp\/v2\/posts\/83308\/revisions"}],"predecessor-version":[{"id":83335,"href":"https:\/\/pdt-rj.org.br\/index.php\/wp-json\/wp\/v2\/posts\/83308\/revisions\/83335"}],"wp:featuredmedia":[{"embeddable":true,"href":"https:\/\/pdt-rj.org.br\/index.php\/wp-json\/wp\/v2\/media\/83309"}],"wp:attachment":[{"href":"https:\/\/pdt-rj.org.br\/index.php\/wp-json\/wp\/v2\/media?parent=83308"}],"wp:term":[{"taxonomy":"category","embeddable":true,"href":"https:\/\/pdt-rj.org.br\/index.php\/wp-json\/wp\/v2\/categories?post=83308"},{"taxonomy":"post_tag","embeddable":true,"href":"https:\/\/pdt-rj.org.br\/index.php\/wp-json\/wp\/v2\/tags?post=83308"}],"curies":[{"name":"wp","href":"https:\/\/api.w.org\/{rel}","templated":true}]}}