{"id":83293,"date":"2022-08-25T09:36:06","date_gmt":"2022-08-25T12:36:06","guid":{"rendered":"https:\/\/pdt-rj.org.br\/?p=83293"},"modified":"2022-08-25T21:12:17","modified_gmt":"2022-08-26T00:12:17","slug":"campanha-da-legalidade-completa-61-anos-e-trabalhismo-segue-defendendo-a-democracia","status":"publish","type":"post","link":"https:\/\/pdt-rj.org.br\/index.php\/campanha-da-legalidade-completa-61-anos-e-trabalhismo-segue-defendendo-a-democracia\/","title":{"rendered":"Campanha da Legalidade completa 61 anos e trabalhismo segue defendendo a democracia"},"content":{"rendered":"<p><strong>Estamos em 2022, mas, estranhamente, a democracia \u00e9 t\u00e3o amea\u00e7ada quanto no governo de Jo\u00e3o Goulart<\/strong><\/p>\n<p>J\u00e1 se passaram 61 anos desde que Leonel Brizola encampou o Pal\u00e1cio do Piratini e o trabalhismo continua combatendo os que tentam subverter o ordenamento pol\u00edtico-jur\u00eddico do pa\u00eds. Hoje, mais do que nunca, o PDT olha para a Campanha da Legalidade, de 1961, se identificando com a obrigat\u00f3ria defesa da Constitui\u00e7\u00e3o. Estamos em 2022, mas, estranhamente, a democracia \u00e9 t\u00e3o amea\u00e7ada quanto no governo de Jo\u00e3o Goulart.<\/p>\n<p>A degenera\u00e7\u00e3o do Estado brasileiro anda a galope, sobretudo ap\u00f3s a gest\u00e3o p\u00edfia do atual presidente da Rep\u00fablica. Ataques ao Supremo Tribunal Federal (STF), ao Tribunal Superior Eleitoral (TSE) e seus ministros, \u00e0s urnas eletr\u00f4nicas e ao Estado Democr\u00e1tico de Direito, destrui\u00e7\u00e3o das florestas e dos povos origin\u00e1rios, muitos militares no governo e uma postura neoliberal suicida. A roupagem \u00e9 nova, com o verde oliva menos evidente, mas o inimigo \u00e9 mesmo: o interesse econ\u00f4mico estrangeiro e de uma elite econ\u00f4mica antinacional.<\/p>\n<p>Em 1961, os militares queriam impedir a posse de Jango, ent\u00e3o vice-presidente, ap\u00f3s a ren\u00fancia de J\u00e2nio Quadros. Sabiam que o foco do governo estaria nas reformas de base que almejavam justi\u00e7a social e redistribui\u00e7\u00e3o de renda. Naquele momento, n\u00e3o conseguiram. Brizola bloqueou o intento golpista empunhando armas para garantir a legalidade constitucional, ou seja, a titula\u00e7\u00e3o de Goulart como presidente da Rep\u00fablica.<\/p>\n<p>O que Leonel Brizola fez ao longo de duas semanas com algum poder b\u00e9lico e uso massivo do r\u00e1dio \u2013 por transmiss\u00e3o da R\u00e1dio Gua\u00edba e filiadas \u2013, o PDT faz hoje pol\u00edtica e juridicamente. Este ano, em especial, o partido apresenta ao Brasil uma proposta de reordenamento pol\u00edtico, social e econ\u00f4mico por meio da candidatura de Ciro Gomes e do Projeto Nacional de Desenvolvimento (PND).<\/p>\n<p>Hoje, o inimigo n\u00e3o quer tomar o poder; ele o ocupa. Mas deseja implantar um sistema autorit\u00e1rio, monocr\u00e1tico, em que as necessidades econ\u00f4micas e sociais se limitam \u00e0quilo que \u00e9 arbitrado pelo mandat\u00e1rio, afastando-se das demandas reais. O interesse agora \u00e9 dar seguimento \u00e0 venda do Brasil, de sua m\u00e3o de obra, seus recursos estrat\u00e9gicos e de sua soberania. Por isso, Bolsonaro e seu grupo querem abandonar o Planalto. Para isso contam com as elei\u00e7\u00f5es ou com sua subvers\u00e3o, como o pr\u00f3prio presidente j\u00e1 evidenciou em diversas ocasi\u00f5es.<\/p>\n<p>A metralhadora contra-ofensiva, nesse caso, \u00e9 a milit\u00e2ncia jur\u00eddica do PDT que, diuturnamente, recorre ao STF frente a algum descalabro do Executivo ou do atual candidato \u00e0 reelei\u00e7\u00e3o. S\u00f3 este ano, os pedetistas j\u00e1 foram ao STF mais de uma dezena de vezes para defender o Estado de Direito, a democracia e o processo eleitoral, al\u00e9m de denunciar uma s\u00e9rie de abusos que ferem a lisura do pleito que se aproxima.<\/p>\n<p>J\u00e1 se v\u00e3o mais de meio s\u00e9culo que o trabalhismo obrigou for\u00e7as golpistas a cumprirem o que dispunha a Constitui\u00e7\u00e3o. No entanto, a luta hist\u00f3rica ainda flameja no cerne do PDT e se desdobra conforme o momento nacional exige. Vitoriosa, a Campanha da Legalidade de ontem \u00e9 o trunfo pedetista de hoje, desaguando na candidatura de Ciro Gomes como o ponto m\u00e1ximo do esfor\u00e7o pedetista por um Brasil mais justo, democr\u00e1tico, livre e igualit\u00e1rio.<\/p>\n<!-- AddThis Advanced Settings generic via filter on the_content --><!-- AddThis Share Buttons generic via filter on the_content -->","protected":false},"excerpt":{"rendered":"<p>Estamos em 2022, mas, estranhamente, a democracia \u00e9 t\u00e3o amea\u00e7ada quanto no governo de Jo\u00e3o Goulart J\u00e1 se passaram 61 anos desde que Leonel Brizola encampou o Pal\u00e1cio do Piratini e o trabalhismo continua combatendo os que tentam subverter o ordenamento pol\u00edtico-jur\u00eddico do pa\u00eds. Hoje, mais do que nunca, o PDT olha para a Campanha&#8230;<!-- AddThis Advanced Settings generic via filter on wp_trim_excerpt --><!-- AddThis Share Buttons generic via filter on wp_trim_excerpt --><\/p>\n","protected":false},"author":17,"featured_media":83296,"comment_status":"closed","ping_status":"closed","sticky":false,"template":"","format":"standard","meta":{"_monsterinsights_skip_tracking":false,"_monsterinsights_sitenote_active":false,"_monsterinsights_sitenote_note":"","_monsterinsights_sitenote_category":0,"_uf_show_specific_survey":0,"_uf_disable_surveys":false,"footnotes":""},"categories":[1390,1401],"tags":[],"class_list":["post-83293","post","type-post","status-publish","format-standard","has-post-thumbnail","hentry","category-editorias","category-nacional"],"acf":[],"_links":{"self":[{"href":"https:\/\/pdt-rj.org.br\/index.php\/wp-json\/wp\/v2\/posts\/83293","targetHints":{"allow":["GET"]}}],"collection":[{"href":"https:\/\/pdt-rj.org.br\/index.php\/wp-json\/wp\/v2\/posts"}],"about":[{"href":"https:\/\/pdt-rj.org.br\/index.php\/wp-json\/wp\/v2\/types\/post"}],"author":[{"embeddable":true,"href":"https:\/\/pdt-rj.org.br\/index.php\/wp-json\/wp\/v2\/users\/17"}],"replies":[{"embeddable":true,"href":"https:\/\/pdt-rj.org.br\/index.php\/wp-json\/wp\/v2\/comments?post=83293"}],"version-history":[{"count":3,"href":"https:\/\/pdt-rj.org.br\/index.php\/wp-json\/wp\/v2\/posts\/83293\/revisions"}],"predecessor-version":[{"id":83302,"href":"https:\/\/pdt-rj.org.br\/index.php\/wp-json\/wp\/v2\/posts\/83293\/revisions\/83302"}],"wp:featuredmedia":[{"embeddable":true,"href":"https:\/\/pdt-rj.org.br\/index.php\/wp-json\/wp\/v2\/media\/83296"}],"wp:attachment":[{"href":"https:\/\/pdt-rj.org.br\/index.php\/wp-json\/wp\/v2\/media?parent=83293"}],"wp:term":[{"taxonomy":"category","embeddable":true,"href":"https:\/\/pdt-rj.org.br\/index.php\/wp-json\/wp\/v2\/categories?post=83293"},{"taxonomy":"post_tag","embeddable":true,"href":"https:\/\/pdt-rj.org.br\/index.php\/wp-json\/wp\/v2\/tags?post=83293"}],"curies":[{"name":"wp","href":"https:\/\/api.w.org\/{rel}","templated":true}]}}