{"id":83286,"date":"2022-08-25T09:26:22","date_gmt":"2022-08-25T12:26:22","guid":{"rendered":"https:\/\/pdt-rj.org.br\/?p=83286"},"modified":"2022-08-26T20:26:29","modified_gmt":"2022-08-26T23:26:29","slug":"rodrigo-neves-dialoga-com-instituicoes-da-sociedade-civil","status":"publish","type":"post","link":"https:\/\/pdt-rj.org.br\/index.php\/rodrigo-neves-dialoga-com-instituicoes-da-sociedade-civil\/","title":{"rendered":"Rodrigo Neves dialoga com institui\u00e7\u00f5es da Sociedade Civil"},"content":{"rendered":"<p style=\"font-weight: 400;\"><strong>Organiza\u00e7\u00f5es recebem candidato a governador pelo PDT para troca de ideias sobre desenvolvimento social e econ\u00f4mico do estado<\/strong><\/p>\n<p style=\"font-weight: 400;\">O candidato a governador do estado do Rio de Janeiro pelo PDT, Rodrigo Neves, participou na manh\u00e3 desta quarta-feira, 24, de um encontro com representantes de institui\u00e7\u00f5es da Sociedade Civil no bairro carioca da Gamboa. O evento \u2018Agendas para o Rio\u2019 foi promovido pelas institui\u00e7\u00f5es A\u00e7\u00e3o da Cidadania, Casa Fluminense e Instituto Marielle Franco, com o objetivo de sabatinar o candidato sobre assuntos relevantes para o desenvolvimento social e econ\u00f4mico do estado.<\/p>\n<p style=\"font-weight: 400;\">\u201cFico muito feliz e esperan\u00e7oso em ver lideran\u00e7as jovens e experientes reunidas com prop\u00f3sitos sociais. Estou disposto a ouvi-los sempre. Esta \u00e9 uma oportunidade extraordin\u00e1ria de ouvir diretamente da sociedade organizada as prioridades para o povo, uma oportunidade para trocar ideias sobre as principais necessidades do povo, e juntar essas informa\u00e7\u00f5es ao programa de governo que estamos construindo h\u00e1 muitos meses e a muitas m\u00e3os\u201d, comentou Rodrigo Neves.<\/p>\n<p style=\"font-weight: 400;\">Durante duas horas de di\u00e1logo os coletivos e organiza\u00e7\u00f5es convidados fizeram perguntas abordando temas relacionados ao Combate \u00e0 Fome e Seguran\u00e7a Alimentar, Seguran\u00e7a P\u00fablica, gera\u00e7\u00e3o de emprego e renda, Sa\u00fade, Educa\u00e7\u00e3o, Cultura, Transportes, Saneamento, Habita\u00e7\u00e3o e Governan\u00e7a Metropolitana, Participa\u00e7\u00e3o Social e Combate \u00e0 Corrup\u00e7\u00e3o.<\/p>\n<p style=\"font-weight: 400;\">Em suas respostas, Rodrigo Neves apresentou propostas que considera concretas e vi\u00e1veis sobre todos os temas. Os convidados a fazer perguntas entregaram documentos com sugest\u00f5es e prioridades, que o candidato se comprometeu a estudar para incluir em seu programa de governo.<\/p>\n<p style=\"font-weight: 400;\">\u201cA tarefa de governar n\u00e3o \u00e9 simples, \u00e9 preciso tomar muitas decis\u00f5es todos os dias, decis\u00f5es que cabem ao governante e que impactam na vida de milhares de pessoas. E para o estado do Rio de Janeiro, que tem uma necessidade urgente de mudan\u00e7a, \u00e9 preciso que o pr\u00f3ximo governador tenha experi\u00eancia administrativa e saiba o que fazer. Por tudo isso agrade\u00e7o todas as contribui\u00e7\u00f5es trazidas\u201d, concluiu o candidato.<\/p>\n<!-- AddThis Advanced Settings generic via filter on the_content --><!-- AddThis Share Buttons generic via filter on the_content -->","protected":false},"excerpt":{"rendered":"<p>Organiza\u00e7\u00f5es recebem candidato a governador pelo PDT para troca de ideias sobre desenvolvimento social e econ\u00f4mico do estado O candidato a governador do estado do Rio de Janeiro pelo PDT, Rodrigo Neves, participou na manh\u00e3 desta quarta-feira, 24, de um encontro com representantes de institui\u00e7\u00f5es da Sociedade Civil no bairro carioca da Gamboa. O evento&#8230;<!-- AddThis Advanced Settings generic via filter on wp_trim_excerpt --><!-- AddThis Share Buttons generic via filter on wp_trim_excerpt --><\/p>\n","protected":false},"author":17,"featured_media":83287,"comment_status":"closed","ping_status":"closed","sticky":false,"template":"","format":"standard","meta":{"_monsterinsights_skip_tracking":false,"_monsterinsights_sitenote_active":false,"_monsterinsights_sitenote_note":"","_monsterinsights_sitenote_category":0,"_uf_show_specific_survey":0,"_uf_disable_surveys":false,"footnotes":""},"categories":[1390,5414,5415],"tags":[],"class_list":["post-83286","post","type-post","status-publish","format-standard","has-post-thumbnail","hentry","category-editorias","category-estado","category-rodrigo-neves"],"acf":[],"_links":{"self":[{"href":"https:\/\/pdt-rj.org.br\/index.php\/wp-json\/wp\/v2\/posts\/83286","targetHints":{"allow":["GET"]}}],"collection":[{"href":"https:\/\/pdt-rj.org.br\/index.php\/wp-json\/wp\/v2\/posts"}],"about":[{"href":"https:\/\/pdt-rj.org.br\/index.php\/wp-json\/wp\/v2\/types\/post"}],"author":[{"embeddable":true,"href":"https:\/\/pdt-rj.org.br\/index.php\/wp-json\/wp\/v2\/users\/17"}],"replies":[{"embeddable":true,"href":"https:\/\/pdt-rj.org.br\/index.php\/wp-json\/wp\/v2\/comments?post=83286"}],"version-history":[{"count":3,"href":"https:\/\/pdt-rj.org.br\/index.php\/wp-json\/wp\/v2\/posts\/83286\/revisions"}],"predecessor-version":[{"id":83317,"href":"https:\/\/pdt-rj.org.br\/index.php\/wp-json\/wp\/v2\/posts\/83286\/revisions\/83317"}],"wp:featuredmedia":[{"embeddable":true,"href":"https:\/\/pdt-rj.org.br\/index.php\/wp-json\/wp\/v2\/media\/83287"}],"wp:attachment":[{"href":"https:\/\/pdt-rj.org.br\/index.php\/wp-json\/wp\/v2\/media?parent=83286"}],"wp:term":[{"taxonomy":"category","embeddable":true,"href":"https:\/\/pdt-rj.org.br\/index.php\/wp-json\/wp\/v2\/categories?post=83286"},{"taxonomy":"post_tag","embeddable":true,"href":"https:\/\/pdt-rj.org.br\/index.php\/wp-json\/wp\/v2\/tags?post=83286"}],"curies":[{"name":"wp","href":"https:\/\/api.w.org\/{rel}","templated":true}]}}