{"id":83280,"date":"2022-08-24T10:54:52","date_gmt":"2022-08-24T13:54:52","guid":{"rendered":"https:\/\/pdt-rj.org.br\/?p=83280"},"modified":"2022-08-24T10:54:52","modified_gmt":"2022-08-24T13:54:52","slug":"rodrigo-neves-carnaval-de-2023-tera-todo-apoio-da-nossa-gestao-no-governo-do-estado","status":"publish","type":"post","link":"https:\/\/pdt-rj.org.br\/index.php\/rodrigo-neves-carnaval-de-2023-tera-todo-apoio-da-nossa-gestao-no-governo-do-estado\/","title":{"rendered":"Rodrigo Neves: \u201cCarnaval de 2023 ter\u00e1 todo apoio da nossa gest\u00e3o no Governo do Estado\u201d"},"content":{"rendered":"<p><strong>Candidato pedetista destacou a import\u00e2ncia do setor para a economia fluminense<\/strong><\/p>\n<p>O candidato a governador do estado do Rio de Janeiro pelo PDT, Rodrigo Neves, esteve na sede da Liga das Escolas de Samba do Rio de Janeiro (Liesa) na noite desta ter\u00e7a-feira, 23, e afirmou que se eleito dar\u00e1 todo o apoio\u00a0 j\u00e1 em 2023\u00a0para a realiza\u00e7\u00e3o de um grande carnaval no Rio.<\/p>\n<div>Acompanhado do vice-prefeito de Niter\u00f3i, Paulo Bagueira, Neves foi convidado pelo presidente da liga, Jorge Perlingeiro, e pelos 12 representantes das agremia\u00e7\u00f5es do Grupo Especial do carnaval carioca.<\/div>\n<div><\/div>\n<div>Durante o encontro, o candidato pedetista destacou a import\u00e2ncia do setor para a economia do Estado.<\/div>\n<div><\/div>\n<div>\u201cO Carnaval carioca \u00e9 a maior festa popular do Brasil e do mundo, gera milhares de empregos, envolve toda uma cadeia produtiva e pode contribuir para reverter o esvaziamento econ\u00f4mico do Rio, disse Neves.<\/div>\n<div><\/div>\n<div>\u201cVamos trabalhar os complexos industriais e de servi\u00e7os que s\u00e3o pontos fortes do Rio, como o complexo de \u00d3leo e G\u00e1s, o complexo do Sistema de Defesa, o complexo industrial e de servi\u00e7os da \u00e1rea da Sa\u00fade e, evidentemente, o complexo industrial e de servi\u00e7os do entretenimento, da Economia Criativa, do turismo e do lazer\u201d, completou.<\/p>\n<p><b>Agenda do dia<\/b><\/p>\n<p>Nesta quarta-feira, 24, Rodrigo Neves tem um encontro, \u00e0s 10h,\u00a0com representantes da Casa Fluminense, da A\u00e7\u00e3o da Cidadania e do Instituto Mariele Franco (R. da Gamboa, 246 &#8211; Santo Cristo, Rio de Janeiro). \u00e0s 14h grava programa eleitoral e \u00e0s 19h30 tem encontro com lideran\u00e7as pol\u00edticas e apoiadores em Itabora\u00ed.<\/p><\/div>\n<!-- AddThis Advanced Settings generic via filter on the_content --><!-- AddThis Share Buttons generic via filter on the_content -->","protected":false},"excerpt":{"rendered":"<p>Candidato pedetista destacou a import\u00e2ncia do setor para a economia fluminense O candidato a governador do estado do Rio de Janeiro pelo PDT, Rodrigo Neves, esteve na sede da Liga das Escolas de Samba do Rio de Janeiro (Liesa) na noite desta ter\u00e7a-feira, 23, e afirmou que se eleito dar\u00e1 todo o apoio\u00a0 j\u00e1 em&#8230;<!-- AddThis Advanced Settings generic via filter on wp_trim_excerpt --><!-- AddThis Share Buttons generic via filter on wp_trim_excerpt --><\/p>\n","protected":false},"author":17,"featured_media":83281,"comment_status":"closed","ping_status":"closed","sticky":false,"template":"","format":"standard","meta":{"_monsterinsights_skip_tracking":false,"_monsterinsights_sitenote_active":false,"_monsterinsights_sitenote_note":"","_monsterinsights_sitenote_category":0,"_uf_show_specific_survey":0,"_uf_disable_surveys":false,"footnotes":""},"categories":[1390,5414],"tags":[],"class_list":["post-83280","post","type-post","status-publish","format-standard","has-post-thumbnail","hentry","category-editorias","category-estado"],"acf":[],"_links":{"self":[{"href":"https:\/\/pdt-rj.org.br\/index.php\/wp-json\/wp\/v2\/posts\/83280","targetHints":{"allow":["GET"]}}],"collection":[{"href":"https:\/\/pdt-rj.org.br\/index.php\/wp-json\/wp\/v2\/posts"}],"about":[{"href":"https:\/\/pdt-rj.org.br\/index.php\/wp-json\/wp\/v2\/types\/post"}],"author":[{"embeddable":true,"href":"https:\/\/pdt-rj.org.br\/index.php\/wp-json\/wp\/v2\/users\/17"}],"replies":[{"embeddable":true,"href":"https:\/\/pdt-rj.org.br\/index.php\/wp-json\/wp\/v2\/comments?post=83280"}],"version-history":[{"count":1,"href":"https:\/\/pdt-rj.org.br\/index.php\/wp-json\/wp\/v2\/posts\/83280\/revisions"}],"predecessor-version":[{"id":83282,"href":"https:\/\/pdt-rj.org.br\/index.php\/wp-json\/wp\/v2\/posts\/83280\/revisions\/83282"}],"wp:featuredmedia":[{"embeddable":true,"href":"https:\/\/pdt-rj.org.br\/index.php\/wp-json\/wp\/v2\/media\/83281"}],"wp:attachment":[{"href":"https:\/\/pdt-rj.org.br\/index.php\/wp-json\/wp\/v2\/media?parent=83280"}],"wp:term":[{"taxonomy":"category","embeddable":true,"href":"https:\/\/pdt-rj.org.br\/index.php\/wp-json\/wp\/v2\/categories?post=83280"},{"taxonomy":"post_tag","embeddable":true,"href":"https:\/\/pdt-rj.org.br\/index.php\/wp-json\/wp\/v2\/tags?post=83280"}],"curies":[{"name":"wp","href":"https:\/\/api.w.org\/{rel}","templated":true}]}}