{"id":83262,"date":"2022-08-23T20:08:52","date_gmt":"2022-08-23T23:08:52","guid":{"rendered":"https:\/\/pdt-rj.org.br\/?p=83262"},"modified":"2022-09-01T16:25:16","modified_gmt":"2022-09-01T19:25:16","slug":"na-baixada-rodrigo-neves-critica-corrupcao-na-saude-do-estado","status":"publish","type":"post","link":"https:\/\/pdt-rj.org.br\/index.php\/na-baixada-rodrigo-neves-critica-corrupcao-na-saude-do-estado\/","title":{"rendered":"Na Baixada, Rodrigo Neves critica corrup\u00e7\u00e3o na Sa\u00fade do Estado"},"content":{"rendered":"<p style=\"font-weight: 400;\"><strong>Candidato a governador pelo PDT lembrou grave crise nos hospitais de campanha durante a pandemia<\/strong><\/p>\n<p style=\"font-weight: 400;\" data-originalfontsize=\"11pt\" data-originalcomputedfontsize=\"14.666666984558105\">O candidato a governador do Rio de Janeiro pelo PDT, Rodrigo Neves, n\u00e3o poupou cr\u00edticas \u00e0 gest\u00e3o da Sa\u00fade no Estado durante a pandemia e lembrou as den\u00fancias de corrup\u00e7\u00e3o que culminaram com o impeachment do ex-governador Wilson Witzel, que foi eleito junto com Cl\u00e1udio Castro, seu vice. As declara\u00e7\u00f5es foram feitas na tarde desta ter\u00e7a-feira, 23, durante caminhada com apoiadores no cal\u00e7ad\u00e3o de S\u00e3o Jo\u00e3o de Meriti, na Baixada Fluminense.<\/p>\n<p style=\"font-weight: 400;\" data-originalfontsize=\"11pt\" data-originalcomputedfontsize=\"14.666666984558105\">\u201cO governo Witzel\/Cl\u00e1udio Castro abandonou o povo na pandemia. Este atual governo faz uma m\u00e1 gest\u00e3o na Sa\u00fade, e ainda foi pego em corrup\u00e7\u00e3o com os hospitais de campanha, aqueles de lona que n\u00e3o funcionaram\u201d, afirmou.<\/p>\n<p style=\"font-weight: 400;\" data-originalfontsize=\"11pt\" data-originalcomputedfontsize=\"14.666666984558105\">Rodrigo destacou a necessidade de investimentos em Sa\u00fade e contou que planeja transformar o Hospital da Mulher Heloneida Studart.<\/p>\n<p style=\"font-weight: 400;\" data-originalfontsize=\"11pt\" data-originalcomputedfontsize=\"14.666666984558105\">\u201cN\u00f3s vamos modernizar o Hospital Heloneida Stuart, vamos investir para fazer deste hospital mais do que um hospital maternidade: vamos transform\u00e1-lo em um grande hospital geral para a popula\u00e7\u00e3o de S\u00e3o Jo\u00e3o de Meriti\u201d.<\/p>\n<p style=\"font-weight: 400;\" data-originalfontsize=\"11pt\" data-originalcomputedfontsize=\"14.666666984558105\">Na Educa\u00e7\u00e3o, considerada prioridade no programa de governo do PDT, Rodrigo reafirmou o compromisso de reformar e reabrir todos os CIEPs que hoje est\u00e3o abandonados, dobrar o investimento em ensino profissionalizante e fazer parcerias com as prefeituras para garantir o acesso universal \u00e0 creche.<\/p>\n<p style=\"font-weight: 400;\" data-originalfontsize=\"11pt\" data-originalcomputedfontsize=\"14.666666984558105\">\u201cVamos fazer parceria com todos os prefeitos, de todas as cidades, para que em quatro anos todas as crian\u00e7as da Educa\u00e7\u00e3o Infantil estejam em creches em hor\u00e1rio integral. Isso \u00e9 importante para as crian\u00e7as e \u00e9 fundamental para as fam\u00edlias, para as mulheres, para as m\u00e3es trabalhadoras\u201d, disse Rodrigo Neves.<\/p>\n<!-- AddThis Advanced Settings generic via filter on the_content --><!-- AddThis Share Buttons generic via filter on the_content -->","protected":false},"excerpt":{"rendered":"<p>Candidato a governador pelo PDT lembrou grave crise nos hospitais de campanha durante a pandemia O candidato a governador do Rio de Janeiro pelo PDT, Rodrigo Neves, n\u00e3o poupou cr\u00edticas \u00e0 gest\u00e3o da Sa\u00fade no Estado durante a pandemia e lembrou as den\u00fancias de corrup\u00e7\u00e3o que culminaram com o impeachment do ex-governador Wilson Witzel, que&#8230;<!-- AddThis Advanced Settings generic via filter on wp_trim_excerpt --><!-- AddThis Share Buttons generic via filter on wp_trim_excerpt --><\/p>\n","protected":false},"author":17,"featured_media":83283,"comment_status":"closed","ping_status":"closed","sticky":false,"template":"","format":"standard","meta":{"_monsterinsights_skip_tracking":false,"_monsterinsights_sitenote_active":false,"_monsterinsights_sitenote_note":"","_monsterinsights_sitenote_category":0,"_uf_show_specific_survey":0,"_uf_disable_surveys":false,"footnotes":""},"categories":[1390,5414],"tags":[],"class_list":["post-83262","post","type-post","status-publish","format-standard","has-post-thumbnail","hentry","category-editorias","category-estado"],"acf":[],"_links":{"self":[{"href":"https:\/\/pdt-rj.org.br\/index.php\/wp-json\/wp\/v2\/posts\/83262","targetHints":{"allow":["GET"]}}],"collection":[{"href":"https:\/\/pdt-rj.org.br\/index.php\/wp-json\/wp\/v2\/posts"}],"about":[{"href":"https:\/\/pdt-rj.org.br\/index.php\/wp-json\/wp\/v2\/types\/post"}],"author":[{"embeddable":true,"href":"https:\/\/pdt-rj.org.br\/index.php\/wp-json\/wp\/v2\/users\/17"}],"replies":[{"embeddable":true,"href":"https:\/\/pdt-rj.org.br\/index.php\/wp-json\/wp\/v2\/comments?post=83262"}],"version-history":[{"count":5,"href":"https:\/\/pdt-rj.org.br\/index.php\/wp-json\/wp\/v2\/posts\/83262\/revisions"}],"predecessor-version":[{"id":83292,"href":"https:\/\/pdt-rj.org.br\/index.php\/wp-json\/wp\/v2\/posts\/83262\/revisions\/83292"}],"wp:featuredmedia":[{"embeddable":true,"href":"https:\/\/pdt-rj.org.br\/index.php\/wp-json\/wp\/v2\/media\/83283"}],"wp:attachment":[{"href":"https:\/\/pdt-rj.org.br\/index.php\/wp-json\/wp\/v2\/media?parent=83262"}],"wp:term":[{"taxonomy":"category","embeddable":true,"href":"https:\/\/pdt-rj.org.br\/index.php\/wp-json\/wp\/v2\/categories?post=83262"},{"taxonomy":"post_tag","embeddable":true,"href":"https:\/\/pdt-rj.org.br\/index.php\/wp-json\/wp\/v2\/tags?post=83262"}],"curies":[{"name":"wp","href":"https:\/\/api.w.org\/{rel}","templated":true}]}}