{"id":83245,"date":"2022-08-21T07:46:41","date_gmt":"2022-08-21T10:46:41","guid":{"rendered":"https:\/\/pdt-rj.org.br\/?p=83245"},"modified":"2022-08-26T19:27:38","modified_gmt":"2022-08-26T22:27:38","slug":"ciro-rodrigo-e-daciolo-cumprem-juntos-agenda-de-campanha-no-rj","status":"publish","type":"post","link":"https:\/\/pdt-rj.org.br\/index.php\/ciro-rodrigo-e-daciolo-cumprem-juntos-agenda-de-campanha-no-rj\/","title":{"rendered":"Ciro, Rodrigo e Daciolo cumprem juntos agenda de campanha no RJ"},"content":{"rendered":"<p style=\"font-weight: 400;\"><strong>Candidatos do PDT para presidente, governador e senador participam de duas caminhadas e uma plen\u00e1ria ao longo do s\u00e1bado<\/strong><\/p>\n<p style=\"font-weight: 400;\" data-originalfontsize=\"11pt\" data-originalcomputedfontsize=\"14.666666984558105\">Ao longo deste s\u00e1bado, 20, os candidatos do PDT a presidente, Ciro Gomes, a governador do Rio de Janeiro, Rodrigo Neves, e senador, Cabo Daciolo, participaram juntos de atividades de campanha na Regi\u00e3o Metropolitana do Rio, acompanhados pelo presidente do PDT, Carlos Lupi. Caminhadas em regi\u00f5es de com\u00e9rcio popular e uma plen\u00e1ria com a milit\u00e2ncia preencheram a agenda do dia.<\/p>\n<p style=\"font-weight: 400;\" data-originalfontsize=\"11pt\" data-originalcomputedfontsize=\"14.666666984558105\">Pela manh\u00e3 os candidatos participaram de uma caminhada no cal\u00e7ad\u00e3o de Campo Grande, na Zona Oeste do Rio, onde falaram sobre gera\u00e7\u00e3o de empregos. \u201cCampo Grande \u00e9 o maior bairro da Am\u00e9rica do Sul. Juntos, Campo Grande, Santa Cruz e Bangu t\u00eam mais de um milh\u00e3o de habitantes e infelizmente n\u00e3o h\u00e1 nesta regi\u00e3o nenhuma grande escola t\u00e9cnica estadual. Por isso vamos retomar os CIEPs que est\u00e3o abandonados e vamos implantar em Campo Grande, Bangu e Santa Cruz tr\u00eas grandes escolas t\u00e9cnicas estaduais\u201d, garantiu Rodrigo Neves.<\/p>\n<p style=\"font-weight: 400;\" data-originalfontsize=\"11pt\" data-originalcomputedfontsize=\"14.666666984558105\">Perguntado sobre propostas para a reindustrializa\u00e7\u00e3o do pa\u00eds, Ciro Gomes apresentou proposta para a gera\u00e7\u00e3o de empregos. \u201cSe a gente que voltar a ter empregos qualificados para o povo brasileiro, \u00e9 preciso propor, como estou propondo, uma reindustrializa\u00e7\u00e3o for\u00e7ada do Brasil. Era 34% do PIB brasileiro a ind\u00fastria, agora est\u00e1 em menos de 10%. A partir de alguns complexos industriais que est\u00e3o estudados quero retomar com for\u00e7a a ind\u00fastria nacional\u201d, afirmou Ciro Gomes.<\/p>\n<p style=\"font-weight: 400;\" data-originalfontsize=\"11pt\" data-originalcomputedfontsize=\"14.666666984558105\">\u00c0 tarde o destino foi S\u00e3o Gon\u00e7alo, onde Rodrigo e Ciro participaram de um corpo-a-corpo no cal\u00e7ad\u00e3o de Alc\u00e2ntara. \u201cS\u00e3o Gon\u00e7alo era a quinta maior cidade de base industrial do Brasil. Aqui t\u00ednhamos ind\u00fastria naval forte, ind\u00fastria cimenteira, de tecelagem e pesqueira que infelizmente acabaram. O povo de S\u00e3o Gon\u00e7alo conhece o trabalho que fizemos em Niter\u00f3i, cidade vizinha onde fui prefeito, e digo a voc\u00eas: vamos fazer em S\u00e3o Gon\u00e7alo e em todo o estado a transforma\u00e7\u00e3o que fizemos em Niter\u00f3i\u201d, discursou Rodrigo Neves.<\/p>\n<p style=\"font-weight: 400;\" data-originalfontsize=\"11pt\" data-originalcomputedfontsize=\"14.666666984558105\"><span style=\"-webkit-tap-highlight-color: rgba(0, 0, 0, 0);\"><img loading=\"lazy\" decoding=\"async\" class=\"aligncenter size-large wp-image-83247\" src=\"https:\/\/pdt-rj.org.br\/wp-content\/uploads\/2022\/08\/69A0F29E-3344-49CE-BA6B-5C5520B93E1A-1024x682.jpeg\" alt=\"\" width=\"640\" height=\"426\" srcset=\"https:\/\/pdt-rj.org.br\/wp-content\/uploads\/2022\/08\/69A0F29E-3344-49CE-BA6B-5C5520B93E1A.jpeg 1024w, https:\/\/pdt-rj.org.br\/wp-content\/uploads\/2022\/08\/69A0F29E-3344-49CE-BA6B-5C5520B93E1A-300x200.jpeg 300w, https:\/\/pdt-rj.org.br\/wp-content\/uploads\/2022\/08\/69A0F29E-3344-49CE-BA6B-5C5520B93E1A-100x67.jpeg 100w, https:\/\/pdt-rj.org.br\/wp-content\/uploads\/2022\/08\/69A0F29E-3344-49CE-BA6B-5C5520B93E1A-768x512.jpeg 768w, https:\/\/pdt-rj.org.br\/wp-content\/uploads\/2022\/08\/69A0F29E-3344-49CE-BA6B-5C5520B93E1A-1536x1023.jpeg 1536w, https:\/\/pdt-rj.org.br\/wp-content\/uploads\/2022\/08\/69A0F29E-3344-49CE-BA6B-5C5520B93E1A-135x90.jpeg 135w\" sizes=\"auto, (max-width: 640px) 100vw, 640px\" \/><\/span><br \/>\nAp\u00f3s o almo\u00e7o em tradicional restaurante de Niter\u00f3i, Rodrigo Neves e Ciro Gomes foram a uma plen\u00e1ria com militantes de movimentos de prote\u00e7\u00e3o aos animais em um clube no Centro de Niter\u00f3i, onde assinaram uma carta-compromisso para a prote\u00e7\u00e3o \u00e0 biodiversidade, \u00e0 fauna silvestre e marinha e aos animais dom\u00e9sticos.<\/p>\n<p style=\"font-weight: 400;\" data-originalfontsize=\"11pt\" data-originalcomputedfontsize=\"14.666666984558105\">\u201cHoje, 60% do territ\u00f3rio de Niter\u00f3i \u00e9 \u00c1rea de Prote\u00e7\u00e3o da Mata Atl\u00e2ntica e \u00c1rea de Prote\u00e7\u00e3o Ambiental, gra\u00e7as \u00e0s pol\u00edticas p\u00fablicas que implementamos. Aqui n\u00f3 fizemos o primeiro Centro de Prote\u00e7\u00e3o Animal do estado do Rio e a primeira Lei Municipal de Prote\u00e7\u00e3o Animal. Aqui temos um programa que percorre todos os bairros oferecendo veterin\u00e1ria p\u00fablica para cuidar junto com os protetores dos animais\u201d, listou Rodrigo.<\/p>\n<!-- AddThis Advanced Settings generic via filter on the_content --><!-- AddThis Share Buttons generic via filter on the_content -->","protected":false},"excerpt":{"rendered":"<p>Candidatos do PDT para presidente, governador e senador participam de duas caminhadas e uma plen\u00e1ria ao longo do s\u00e1bado Ao longo deste s\u00e1bado, 20, os candidatos do PDT a presidente, Ciro Gomes, a governador do Rio de Janeiro, Rodrigo Neves, e senador, Cabo Daciolo, participaram juntos de atividades de campanha na Regi\u00e3o Metropolitana do Rio,&#8230;<!-- AddThis Advanced Settings generic via filter on wp_trim_excerpt --><!-- AddThis Share Buttons generic via filter on wp_trim_excerpt --><\/p>\n","protected":false},"author":17,"featured_media":83246,"comment_status":"closed","ping_status":"closed","sticky":false,"template":"","format":"standard","meta":{"_monsterinsights_skip_tracking":false,"_monsterinsights_sitenote_active":false,"_monsterinsights_sitenote_note":"","_monsterinsights_sitenote_category":0,"_uf_show_specific_survey":0,"_uf_disable_surveys":false,"footnotes":""},"categories":[1390,5417,5416,5414,5415],"tags":[],"class_list":["post-83245","post","type-post","status-publish","format-standard","has-post-thumbnail","hentry","category-editorias","category-carlos-lupi","category-ciro-gomes","category-estado","category-rodrigo-neves"],"acf":[],"_links":{"self":[{"href":"https:\/\/pdt-rj.org.br\/index.php\/wp-json\/wp\/v2\/posts\/83245","targetHints":{"allow":["GET"]}}],"collection":[{"href":"https:\/\/pdt-rj.org.br\/index.php\/wp-json\/wp\/v2\/posts"}],"about":[{"href":"https:\/\/pdt-rj.org.br\/index.php\/wp-json\/wp\/v2\/types\/post"}],"author":[{"embeddable":true,"href":"https:\/\/pdt-rj.org.br\/index.php\/wp-json\/wp\/v2\/users\/17"}],"replies":[{"embeddable":true,"href":"https:\/\/pdt-rj.org.br\/index.php\/wp-json\/wp\/v2\/comments?post=83245"}],"version-history":[{"count":3,"href":"https:\/\/pdt-rj.org.br\/index.php\/wp-json\/wp\/v2\/posts\/83245\/revisions"}],"predecessor-version":[{"id":83312,"href":"https:\/\/pdt-rj.org.br\/index.php\/wp-json\/wp\/v2\/posts\/83245\/revisions\/83312"}],"wp:featuredmedia":[{"embeddable":true,"href":"https:\/\/pdt-rj.org.br\/index.php\/wp-json\/wp\/v2\/media\/83246"}],"wp:attachment":[{"href":"https:\/\/pdt-rj.org.br\/index.php\/wp-json\/wp\/v2\/media?parent=83245"}],"wp:term":[{"taxonomy":"category","embeddable":true,"href":"https:\/\/pdt-rj.org.br\/index.php\/wp-json\/wp\/v2\/categories?post=83245"},{"taxonomy":"post_tag","embeddable":true,"href":"https:\/\/pdt-rj.org.br\/index.php\/wp-json\/wp\/v2\/tags?post=83245"}],"curies":[{"name":"wp","href":"https:\/\/api.w.org\/{rel}","templated":true}]}}