{"id":83243,"date":"2022-08-19T23:01:55","date_gmt":"2022-08-20T02:01:55","guid":{"rendered":"https:\/\/pdt-rj.org.br\/?p=83243"},"modified":"2022-08-24T10:06:11","modified_gmt":"2022-08-24T13:06:11","slug":"pdt-pede-inelegibilidade-de-bolsonaro-no-tse","status":"publish","type":"post","link":"https:\/\/pdt-rj.org.br\/index.php\/pdt-pede-inelegibilidade-de-bolsonaro-no-tse\/","title":{"rendered":"PDT pede inelegibilidade de Bolsonaro no TSE"},"content":{"rendered":"<h3>Partido alega que chefe do Executivo usou atribui\u00e7\u00f5es de presidente para promo\u00e7\u00e3o de campanha eleitoral<\/h3>\n<p>O PDT pediu hoje (19) a inelegibilidade do candidato \u00e0 reelei\u00e7\u00e3o Jair Messias Bolsonaro. A a\u00e7\u00e3o, movida no Tribunal Superior Eleitoral (TSE), afirma que o presidente da Rep\u00fablica praticou abuso de poder pol\u00edtico e uso indevido dos meios de comunica\u00e7\u00e3o. Em julho, o chefe do Executivo atacou o sistema eleitoral em reuni\u00e3o com embaixadores transmitida pela TV Brasil e por perfis no Facebook e Instagram.<\/p>\n<p>A a\u00e7\u00e3o de investiga\u00e7\u00e3o judicial eleitoral (Aije), que tem por objetivo impedir e apurar a pr\u00e1tica de atos que possam afetar a igualdade dos candidatos em uma elei\u00e7\u00e3o, afirma que Bolsonaro usou sua posi\u00e7\u00e3o de presidente da Rep\u00fablica para tirar vantagem eleitoral por meio de um discurso antidemocr\u00e1tico j\u00e1 tarimbado.<\/p>\n<p>\u201c\u00c9 ineg\u00e1vel que o Senhor Jair Messias Bolsonaro aproveitou-se do evento para difundir a grava\u00e7\u00e3o do discurso com finalidade eleitoral, indissoci\u00e1vel ao pleito de 2022. Isso porque o ataque \u00e0 Justi\u00e7a Eleitoral e ao sistema eletr\u00f4nico de vota\u00e7\u00e3o faz parte da sua estrat\u00e9gia de campanha eleitoral, de modo que h\u00e1 n\u00edtida veicula\u00e7\u00e3o de atos abusivos em desfavor da integridade do sistema eleitoral, atrav\u00e9s de fake news\u201d, sustenta a a\u00e7\u00e3o.<\/p>\n<p>Na reuni\u00e3o com embaixadores, no dia 18 de julho, o presidente mentiu afirmando que as urnas completavam automaticamente os votos com o n\u00famero 13, no pleito de 2018. Ele tamb\u00e9m voltou a dizer que os sistemas n\u00e3o permitem auditoria e que n\u00e3o se pode acompanhar a apura\u00e7\u00e3o dos votos, o que o pr\u00f3prio TSE j\u00e1 provou ser mentira.<\/p>\n<p>\u201cA t\u00f4nica do encontro foi a de soerguer prot\u00f3tipos profanadores da integridade do processo eleitoral e das institui\u00e7\u00f5es da Rep\u00fablica, especificamente o TSE e seus Ministros. Durante o evento, o Senhor Jair Messias Bolsonaro criou uma ambi\u00eancia prop\u00edcia para a propaga\u00e7\u00e3o de toda sorte de desordem informacional ao asseverar, por diversas vezes, que o sistema eletr\u00f4nico de vota\u00e7\u00e3o \u00e9 receptivo a fraudes e invas\u00f5es que, sob a \u00f3tica do del\u00edrio presidencial, podem comprometer a fidedignidade do resultado dos pleitos\u201d, afirma o documento pedetista.<\/p>\n<p>Al\u00e9m de inverdades, o presidente cometeu outras irregularidades al\u00e9m de se valer de uma TV p\u00fablica para propagar mentiras eleitorais. De acordo com a a\u00e7\u00e3o, Bolsonaro ultrapassou as atribui\u00e7\u00f5es de Chefe de Estado transformando uma reuni\u00e3o oficial em um ato de campanha e difus\u00e3o de fake news.<\/p>\n<p>\u201cO que ocorreu foi a demonstra\u00e7\u00e3o e posterior profus\u00e3o de ideais vinculadas \u00e0 candidatura \u00e0 reelei\u00e7\u00e3o do Investigado, no contexto de uma reuni\u00e3o que deveria estar umbilicalmente interligada ao interesse p\u00fablico. Mais ainda, utilizou-se de todo aparato estatal para estruturar o ato, especificamente porque a reuni\u00e3o foi realizada nas instala\u00e7\u00f5es do Pal\u00e1cio da Alvorada, em Bras\u00edlia, bem como tamb\u00e9m o seu conte\u00fado foi veiculado atrav\u00e9s da TV Brasil\u201d, defende a a\u00e7\u00e3o.<\/p>\n<p>O PDT pede, em medida liminar, que o TSE determine que os investigados e a empresa provedora e controladora do Instagram e do Facebook retirem as postagens dos v\u00eddeos da reuni\u00e3o.<\/p>\n<p>Confira \u00edntegra da a\u00e7\u00e3o abaixo:<\/p>\n<p><a href=\"https:\/\/www.pdt.org.br\/wp-content\/uploads\/2022\/08\/PETICAO.INICIAL.AIJE_.BOLSONARO-1.pdf\" data-wpel-link=\"internal\">PETICAO.INICIAL.AIJE.BOLSONARO (1)<\/a><\/p>\n<!-- AddThis Advanced Settings generic via filter on the_content --><!-- AddThis Share Buttons generic via filter on the_content -->","protected":false},"excerpt":{"rendered":"<p>Partido alega que chefe do Executivo usou atribui\u00e7\u00f5es de presidente para promo\u00e7\u00e3o de campanha eleitoral O PDT pediu hoje (19) a inelegibilidade do candidato \u00e0 reelei\u00e7\u00e3o Jair Messias Bolsonaro. A a\u00e7\u00e3o, movida no Tribunal Superior Eleitoral (TSE), afirma que o presidente da Rep\u00fablica praticou abuso de poder pol\u00edtico e uso indevido dos meios de comunica\u00e7\u00e3o&#8230;.<!-- AddThis Advanced Settings generic via filter on wp_trim_excerpt --><!-- AddThis Share Buttons generic via filter on wp_trim_excerpt --><\/p>\n","protected":false},"author":17,"featured_media":83013,"comment_status":"closed","ping_status":"closed","sticky":false,"template":"","format":"standard","meta":{"_monsterinsights_skip_tracking":false,"_monsterinsights_sitenote_active":false,"_monsterinsights_sitenote_note":"","_monsterinsights_sitenote_category":0,"_uf_show_specific_survey":0,"_uf_disable_surveys":false,"footnotes":""},"categories":[1390,1401],"tags":[],"class_list":["post-83243","post","type-post","status-publish","format-standard","has-post-thumbnail","hentry","category-editorias","category-nacional"],"acf":[],"_links":{"self":[{"href":"https:\/\/pdt-rj.org.br\/index.php\/wp-json\/wp\/v2\/posts\/83243","targetHints":{"allow":["GET"]}}],"collection":[{"href":"https:\/\/pdt-rj.org.br\/index.php\/wp-json\/wp\/v2\/posts"}],"about":[{"href":"https:\/\/pdt-rj.org.br\/index.php\/wp-json\/wp\/v2\/types\/post"}],"author":[{"embeddable":true,"href":"https:\/\/pdt-rj.org.br\/index.php\/wp-json\/wp\/v2\/users\/17"}],"replies":[{"embeddable":true,"href":"https:\/\/pdt-rj.org.br\/index.php\/wp-json\/wp\/v2\/comments?post=83243"}],"version-history":[{"count":2,"href":"https:\/\/pdt-rj.org.br\/index.php\/wp-json\/wp\/v2\/posts\/83243\/revisions"}],"predecessor-version":[{"id":83276,"href":"https:\/\/pdt-rj.org.br\/index.php\/wp-json\/wp\/v2\/posts\/83243\/revisions\/83276"}],"wp:featuredmedia":[{"embeddable":true,"href":"https:\/\/pdt-rj.org.br\/index.php\/wp-json\/wp\/v2\/media\/83013"}],"wp:attachment":[{"href":"https:\/\/pdt-rj.org.br\/index.php\/wp-json\/wp\/v2\/media?parent=83243"}],"wp:term":[{"taxonomy":"category","embeddable":true,"href":"https:\/\/pdt-rj.org.br\/index.php\/wp-json\/wp\/v2\/categories?post=83243"},{"taxonomy":"post_tag","embeddable":true,"href":"https:\/\/pdt-rj.org.br\/index.php\/wp-json\/wp\/v2\/tags?post=83243"}],"curies":[{"name":"wp","href":"https:\/\/api.w.org\/{rel}","templated":true}]}}