{"id":83233,"date":"2022-08-20T01:37:03","date_gmt":"2022-08-20T04:37:03","guid":{"rendered":"https:\/\/pdt-rj.org.br\/?p=83233"},"modified":"2022-08-25T09:32:05","modified_gmt":"2022-08-25T12:32:05","slug":"ciro-inaugura-comite-e-com-rodrigo-neves-prioriza-geracao-de-emprego","status":"publish","type":"post","link":"https:\/\/pdt-rj.org.br\/index.php\/ciro-inaugura-comite-e-com-rodrigo-neves-prioriza-geracao-de-emprego\/","title":{"rendered":"Ciro inaugura comit\u00ea e, com Rodrigo Neves, prioriza gera\u00e7\u00e3o de emprego"},"content":{"rendered":"<p class=\"s3\"><strong><span class=\"s4\"><span class=\"bumpedFont15\">Evento aconteceu na noite desta sexta-feira na Tijuca, na Zona Norte carioca<\/span><\/span><\/strong><\/p>\n<p class=\"s3\"><span class=\"s5\"><span class=\"bumpedFont15\">Gera<\/span><\/span><span class=\"s5\"><span class=\"bumpedFont15\">\u00e7\u00e3<\/span><\/span><span class=\"s5\"><span class=\"bumpedFont15\">o de emprego e renda, sa<\/span><\/span><span class=\"s5\"><span class=\"bumpedFont15\">\u00ed<\/span><\/span><span class=\"s5\"><span class=\"bumpedFont15\">das para a crise econ<\/span><\/span><span class=\"s5\"><span class=\"bumpedFont15\">\u00f4<\/span><\/span><span class=\"s5\"><span class=\"bumpedFont15\">mica e combate <\/span><\/span><span class=\"s5\"><span class=\"bumpedFont15\">\u00e0 <\/span><\/span><span class=\"s5\"><span class=\"bumpedFont15\">fome deram o tom, na noite desta sexta-feira (19\/08), <\/span><\/span><span class=\"s5\"><span class=\"bumpedFont15\">\u00e0 <\/span><\/span><span class=\"s5\"><span class=\"bumpedFont15\">inaugura<\/span><\/span><span class=\"s5\"><span class=\"bumpedFont15\">\u00e7\u00e3<\/span><\/span><span class=\"s5\"><span class=\"bumpedFont15\">o do comit<\/span><\/span><span class=\"s5\"><span class=\"bumpedFont15\">\u00ea <\/span><\/span><span class=\"s5\"><span class=\"bumpedFont15\">de campanha do candidato do PDT\u00a0<\/span><\/span><span class=\"s5\"><span class=\"bumpedFont15\">\u00e0 Presid\u00eancia<\/span><\/span><span class=\"s5\"><span class=\"bumpedFont15\">\u00a0da Rep<\/span><\/span><span class=\"s5\"><span class=\"bumpedFont15\">\u00fa<\/span><\/span><span class=\"s5\"><span class=\"bumpedFont15\">blica, Ciro Gomes, na Tijuca, Zona Norte da cidade do Rio de Janeiro. O ex-ministro da Fazenda contou com o apoio de lideran\u00e7as trabalhistas, incluindo Rodrigo Neves e Cabo Daciolo, postulantes a governador e senador, e Carlos Lupi, presidente nacional do partido.<\/span><\/span><\/p>\n<p class=\"s3\"><span class=\"s5\"><span class=\"bumpedFont15\">Ciro criticou o <\/span><\/span><span class=\"s5\"><span class=\"bumpedFont15\">\u201c<\/span><\/span><span class=\"s5\"><span class=\"bumpedFont15\">hist<\/span><\/span><span class=\"s5\"><span class=\"bumpedFont15\">\u00f3<\/span><\/span><span class=\"s5\"><span class=\"bumpedFont15\">rico de corrup<\/span><\/span><span class=\"s5\"><span class=\"bumpedFont15\">\u00e7\u00e3<\/span><\/span><span class=\"s5\"><span class=\"bumpedFont15\">o<\/span><\/span><span class=\"s5\"><span class=\"bumpedFont15\">\u201d <\/span><\/span><span class=\"s5\"><span class=\"bumpedFont15\">no pa<\/span><\/span><span class=\"s5\"><span class=\"bumpedFont15\">\u00ed<\/span><\/span><span class=\"s5\"><span class=\"bumpedFont15\">s, lembrou o esc<\/span><\/span><span class=\"s5\"><span class=\"bumpedFont15\">\u00e2<\/span><\/span><span class=\"s5\"><span class=\"bumpedFont15\">ndalo recente do chamado <\/span><\/span><span class=\"s5\"><span class=\"bumpedFont15\">\u201c<\/span><\/span><span class=\"s5\"><span class=\"bumpedFont15\">or<\/span><\/span><span class=\"s5\"><span class=\"bumpedFont15\">\u00e7<\/span><\/span><span class=\"s5\"><span class=\"bumpedFont15\">amento secreto<\/span><\/span><span class=\"s5\"><span class=\"bumpedFont15\">\u201d<\/span><\/span><span class=\"s5\"><span class=\"bumpedFont15\">, mas disse ser poss<\/span><\/span><span class=\"s5\"><span class=\"bumpedFont15\">\u00ed<\/span><\/span><span class=\"s5\"><span class=\"bumpedFont15\">vel mudar o pa<\/span><\/span><span class=\"s5\"><span class=\"bumpedFont15\">\u00ed<\/span><\/span><span class=\"s5\"><span class=\"bumpedFont15\">s com uma <\/span><\/span><span class=\"s5\"><span class=\"bumpedFont15\">\u201c<\/span><\/span><span class=\"s5\"><span class=\"bumpedFont15\">revolu<\/span><\/span><span class=\"s5\"><span class=\"bumpedFont15\">\u00e7\u00e3<\/span><\/span><span class=\"s5\"><span class=\"bumpedFont15\">o pac<\/span><\/span><span class=\"s5\"><span class=\"bumpedFont15\">\u00ed<\/span><\/span><span class=\"s5\"><span class=\"bumpedFont15\">fica, esperan<\/span><\/span><span class=\"s5\"><span class=\"bumpedFont15\">\u00e7<\/span><\/span><span class=\"s5\"><span class=\"bumpedFont15\">osa e juvenil\u201d.\u00a0<\/span><\/span><\/p>\n<p class=\"s3\"><span class=\"s5\"><span class=\"bumpedFont15\">\u201c<\/span><\/span><span class=\"s5\"><span class=\"bumpedFont15\">Eu posso oferecer ao povo brasileiro R$ 300 bilh<\/span><\/span><span class=\"s5\"><span class=\"bumpedFont15\">\u00f5<\/span><\/span><span class=\"s5\"><span class=\"bumpedFont15\">es por ano. Para diminuir os impostos para o povo mais pobre e o pequeno empres<\/span><\/span><span class=\"s5\"><span class=\"bumpedFont15\">\u00e1<\/span><\/span><span class=\"s5\"><span class=\"bumpedFont15\">rio. Para subir o morro e urbanizar a favela, resolver o problema da terra, recuperar obras paradas e gerar emprego<\/span><\/span><span class=\"s5\"><span class=\"bumpedFont15\">\u201d<\/span><\/span><span class=\"s5\"><span class=\"bumpedFont15\">, afirmou o ex-governador do Cear\u00e1, ao citar o potencial de transforma\u00e7\u00e3o que o voto no 12 agrega e a capacidade da sua vice, Ana Paula Matos.<\/span><\/span><\/p>\n<p><span class=\"s5\"><span class=\"bumpedFont15\">Rodrigo Neves destacou a grave situa<\/span><\/span><span class=\"s5\"><span class=\"bumpedFont15\">\u00e7\u00e3<\/span><\/span><span class=\"s5\"><span class=\"bumpedFont15\">o em que se encontra o estado fluminense.<\/span><\/span><\/p>\n<p class=\"s3\"><span class=\"s5\"><span class=\"bumpedFont15\">\u201c<\/span><\/span><span class=\"s5\"><span class=\"bumpedFont15\">O Rio perdeu 30% de presen<\/span><\/span><span class=\"s5\"><span class=\"bumpedFont15\">\u00e7<\/span><\/span><span class=\"s5\"><span class=\"bumpedFont15\">a no PIB brasileiro nos <\/span><\/span><span class=\"s5\"><span class=\"bumpedFont15\">\u00fa<\/span><\/span><span class=\"s5\"><span class=\"bumpedFont15\">ltimos 30 anos. Foi o estado que perdeu mais emprego no Sul e no Sudeste. Temos 9 milh<\/span><\/span><span class=\"s5\"><span class=\"bumpedFont15\">\u00f5<\/span><\/span><span class=\"s5\"><span class=\"bumpedFont15\">es, dos 17 milh<\/span><\/span><span class=\"s5\"><span class=\"bumpedFont15\">\u00f5<\/span><\/span><span class=\"s5\"><span class=\"bumpedFont15\">es de cariocas e fluminenses em inseguran<\/span><\/span><span class=\"s5\"><span class=\"bumpedFont15\">\u00e7<\/span><\/span><span class=\"s5\"><span class=\"bumpedFont15\">a alimentar. O povo n<\/span><\/span><span class=\"s5\"><span class=\"bumpedFont15\">\u00e3<\/span><\/span><span class=\"s5\"><span class=\"bumpedFont15\">o vai querer continuar com esse governo que, em quatro anos, n<\/span><\/span><span class=\"s5\"><span class=\"bumpedFont15\">\u00e3<\/span><\/span><span class=\"s5\"><span class=\"bumpedFont15\">o entregou nada<\/span><\/span><span class=\"s5\"><span class=\"bumpedFont15\">\u201d<\/span><\/span><span class=\"s5\"><span class=\"bumpedFont15\">, afirmou.<\/span><\/span><\/p>\n<p class=\"s3\"><span class=\"s5\"><span class=\"bumpedFont15\">Neves tamb<\/span><\/span><span class=\"s5\"><span class=\"bumpedFont15\">\u00e9<\/span><\/span><span class=\"s5\"><span class=\"bumpedFont15\">m falou sobre a necessidade de investir em Educa<\/span><\/span><span class=\"s5\"><span class=\"bumpedFont15\">\u00e7\u00e3<\/span><\/span><span class=\"s5\"><span class=\"bumpedFont15\">o para fazer o estado crescer e se desenvolver.<\/span><\/span><\/p>\n<p class=\"s3\"><span class=\"s5\"><span class=\"bumpedFont15\">&#8220;A partir de janeiro de 2023, vamos reabrir todos os Cieps que est<\/span><\/span><span class=\"s5\"><span class=\"bumpedFont15\">\u00e3<\/span><\/span><span class=\"s5\"><span class=\"bumpedFont15\">o abandonados. Se n<\/span><\/span><span class=\"s5\"><span class=\"bumpedFont15\">\u00e3<\/span><\/span><span class=\"s5\"><span class=\"bumpedFont15\">o tivessem acabado com os Cieps, n<\/span><\/span><span class=\"s5\"><span class=\"bumpedFont15\">\u00e3<\/span><\/span><span class=\"s5\"><span class=\"bumpedFont15\">o ter<\/span><\/span><span class=\"s5\"><span class=\"bumpedFont15\">\u00ed<\/span><\/span><span class=\"s5\"><span class=\"bumpedFont15\">amos perdido tantos talentos e tanta juventude da periferia\u201d, analisou, elogiando a evolu\u00e7\u00e3o da candidatura de Daciolo, que disputa a vaga \u00e0 Casa Alta com o n\u00famero 120.<\/span><\/span><\/p>\n<p class=\"s3\"><span class=\"s5\"><span class=\"bumpedFont15\">Na sequ\u00eancia, Lupi elogiou a gest<\/span><\/span><span class=\"s5\"><span class=\"bumpedFont15\">\u00e3<\/span><\/span><span class=\"s5\"><span class=\"bumpedFont15\">o de Rodrigo durante os oito anos <\/span><\/span><span class=\"s5\"><span class=\"bumpedFont15\">\u00e0 <\/span><\/span><span class=\"s5\"><span class=\"bumpedFont15\">frente da Prefeitura de Niter<\/span><\/span><span class=\"s5\"><span class=\"bumpedFont15\">\u00f3<\/span><\/span><span class=\"s5\"><span class=\"bumpedFont15\">i, que classificou como <\/span><\/span><span class=\"s5\"><span class=\"bumpedFont15\">\u201c<\/span><\/span><span class=\"s5\"><span class=\"bumpedFont15\">exemplo<\/span><\/span><span class=\"s5\"><span class=\"bumpedFont15\">\u201d <\/span><\/span><span class=\"s5\"><span class=\"bumpedFont15\">e <\/span><\/span><span class=\"s5\"><span class=\"bumpedFont15\">\u201c<\/span><\/span><span class=\"s5\"><span class=\"bumpedFont15\">um modelo como h<\/span><\/span><span class=\"s5\"><span class=\"bumpedFont15\">\u00e1 <\/span><\/span><span class=\"s5\"><span class=\"bumpedFont15\">muito tempo o estado do Rio n<\/span><\/span><span class=\"s5\"><span class=\"bumpedFont15\">\u00e3<\/span><\/span><span class=\"s5\"><span class=\"bumpedFont15\">o tem\u201d.<\/span><\/span><\/p>\n<p class=\"s3\"><span class=\"s5\"><span class=\"bumpedFont15\">Da Tijuca, Ciro e Lupi foram a um encontro com profissionais da Cultura em um restaurante no Leme, na Zona Sul, que representa um tradicional ponto de encontro da classe art<\/span><\/span><span class=\"s5\"><span class=\"bumpedFont15\">\u00ed<\/span><\/span><span class=\"s5\"><span class=\"bumpedFont15\">stica. No evento, Rodrigo foi representado pelo prefeito de Niter<\/span><\/span><span class=\"s5\"><span class=\"bumpedFont15\">\u00f3<\/span><\/span><span class=\"s5\"><span class=\"bumpedFont15\">i, Axel Grael.<\/span><\/span><\/p>\n<p class=\"s3\"><strong><span class=\"s6\"><span class=\"bumpedFont15\">Agenda do fim de semana<\/span><\/span><\/strong><\/p>\n<p class=\"s3\"><span class=\"s6\"><span class=\"bumpedFont15\">20\/08<\/span><\/span><\/p>\n<p class=\"s3\"><span class=\"s6\"><span class=\"bumpedFont15\">9h<\/span><\/span><span class=\"s5\"><span class=\"bumpedFont15\"> \u2013 <\/span><\/span><span class=\"s5\"><span class=\"bumpedFont15\">Caminhada no cal<\/span><\/span><span class=\"s5\"><span class=\"bumpedFont15\">\u00e7<\/span><\/span><span class=\"s5\"><span class=\"bumpedFont15\">ad<\/span><\/span><span class=\"s5\"><span class=\"bumpedFont15\">\u00e3<\/span><\/span><span class=\"s5\"><span class=\"bumpedFont15\">o de Campo Grande, com o candidato <\/span><\/span><span class=\"s5\"><span class=\"bumpedFont15\">\u00e0 <\/span><\/span><span class=\"s5\"><span class=\"bumpedFont15\">presid<\/span><\/span><span class=\"s5\"><span class=\"bumpedFont15\">\u00ea<\/span><\/span><span class=\"s5\"><span class=\"bumpedFont15\">ncia da rep<\/span><\/span><span class=\"s5\"><span class=\"bumpedFont15\">\u00fa<\/span><\/span><span class=\"s5\"><span class=\"bumpedFont15\">blica pelo PDT, Ciro Gomes (Inicio: Rua Cel Agostinho, 146)<\/span><\/span><\/p>\n<p class=\"s3\"><span class=\"s6\"><span class=\"bumpedFont15\">12h<\/span><\/span><span class=\"s5\"><span class=\"bumpedFont15\"> \u2013 <\/span><\/span><span class=\"s5\"><span class=\"bumpedFont15\">Caminhada em Alc<\/span><\/span><span class=\"s5\"><span class=\"bumpedFont15\">\u00e2<\/span><\/span><span class=\"s5\"><span class=\"bumpedFont15\">ntara, ao lado do candidato <\/span><\/span><span class=\"s5\"><span class=\"bumpedFont15\">\u00e0 <\/span><\/span><span class=\"s5\"><span class=\"bumpedFont15\">presid<\/span><\/span><span class=\"s5\"><span class=\"bumpedFont15\">\u00ea<\/span><\/span><span class=\"s5\"><span class=\"bumpedFont15\">ncia da rep<\/span><\/span><span class=\"s5\"><span class=\"bumpedFont15\">\u00fa<\/span><\/span><span class=\"s5\"><span class=\"bumpedFont15\">blica pelo PDT, Ciro Gomes (In\u00edcio: em frente ao Trade Center Alc<\/span><\/span><span class=\"s5\"><span class=\"bumpedFont15\">\u00e2<\/span><\/span><span class=\"s5\"><span class=\"bumpedFont15\">ntara <\/span><\/span><span class=\"s5\"><span class=\"bumpedFont15\">\u2013 <\/span><\/span><span class=\"s5\"><span class=\"bumpedFont15\">Rua Yolanda Saad Abuzaid, 150)<\/span><\/span><\/p>\n<p class=\"s3\"><span class=\"s6\"><span class=\"bumpedFont15\">16h<\/span><\/span><span class=\"s5\"><span class=\"bumpedFont15\"> \u2013 <\/span><\/span><span class=\"s5\"><span class=\"bumpedFont15\">Encontro, junto ao candidato <\/span><\/span><span class=\"s5\"><span class=\"bumpedFont15\">\u00e0 <\/span><\/span><span class=\"s5\"><span class=\"bumpedFont15\">presid<\/span><\/span><span class=\"s5\"><span class=\"bumpedFont15\">\u00ea<\/span><\/span><span class=\"s5\"><span class=\"bumpedFont15\">ncia da rep<\/span><\/span><span class=\"s5\"><span class=\"bumpedFont15\">\u00fa<\/span><\/span><span class=\"s5\"><span class=\"bumpedFont15\">blica pelo PDT, Ciro Gomes, com Protetores de Animais em Niter<\/span><\/span><span class=\"s5\"><span class=\"bumpedFont15\">\u00f3<\/span><\/span><span class=\"s5\"><span class=\"bumpedFont15\">i (Clube Canto do Rio <\/span><\/span><span class=\"s5\"><span class=\"bumpedFont15\">\u2013 <\/span><\/span><span class=\"s5\"><span class=\"bumpedFont15\">Av. Visconde Rio Branco, 701, Centro)<\/span><\/span><\/p>\n<p class=\"s3\"><span class=\"s6\"><span class=\"bumpedFont15\">21\/08<\/span><\/span><\/p>\n<p class=\"s3\"><span class=\"s6\"><span class=\"bumpedFont15\">9h<\/span><\/span><span class=\"s5\"><span class=\"bumpedFont15\"> \u2013 <\/span><\/span><span class=\"s5\"><span class=\"bumpedFont15\">Corpo a corpo no Fonseca, em Niter\u00f3i (In\u00edcio: Rua S<\/span><\/span><span class=\"s5\"><span class=\"bumpedFont15\">\u00e3<\/span><\/span><span class=\"s5\"><span class=\"bumpedFont15\">o Janu<\/span><\/span><span class=\"s5\"><span class=\"bumpedFont15\">\u00e1<\/span><\/span><span class=\"s5\"><span class=\"bumpedFont15\">rio)<\/span><\/span><\/p>\n<!-- AddThis Advanced Settings generic via filter on the_content --><!-- AddThis Share Buttons generic via filter on the_content -->","protected":false},"excerpt":{"rendered":"<p>Evento aconteceu na noite desta sexta-feira na Tijuca, na Zona Norte carioca Gera\u00e7\u00e3o de emprego e renda, sa\u00eddas para a crise econ\u00f4mica e combate \u00e0 fome deram o tom, na noite desta sexta-feira (19\/08), \u00e0 inaugura\u00e7\u00e3o do comit\u00ea de campanha do candidato do PDT\u00a0\u00e0 Presid\u00eancia\u00a0da Rep\u00fablica, Ciro Gomes, na Tijuca, Zona Norte da cidade do&#8230;<!-- AddThis Advanced Settings generic via filter on wp_trim_excerpt --><!-- AddThis Share Buttons generic via filter on wp_trim_excerpt --><\/p>\n","protected":false},"author":17,"featured_media":83234,"comment_status":"closed","ping_status":"closed","sticky":false,"template":"","format":"standard","meta":{"_monsterinsights_skip_tracking":false,"_monsterinsights_sitenote_active":false,"_monsterinsights_sitenote_note":"","_monsterinsights_sitenote_category":0,"_uf_show_specific_survey":0,"_uf_disable_surveys":false,"footnotes":""},"categories":[1390,5417,5416,5414,5415],"tags":[],"class_list":["post-83233","post","type-post","status-publish","format-standard","has-post-thumbnail","hentry","category-editorias","category-carlos-lupi","category-ciro-gomes","category-estado","category-rodrigo-neves"],"acf":[],"_links":{"self":[{"href":"https:\/\/pdt-rj.org.br\/index.php\/wp-json\/wp\/v2\/posts\/83233","targetHints":{"allow":["GET"]}}],"collection":[{"href":"https:\/\/pdt-rj.org.br\/index.php\/wp-json\/wp\/v2\/posts"}],"about":[{"href":"https:\/\/pdt-rj.org.br\/index.php\/wp-json\/wp\/v2\/types\/post"}],"author":[{"embeddable":true,"href":"https:\/\/pdt-rj.org.br\/index.php\/wp-json\/wp\/v2\/users\/17"}],"replies":[{"embeddable":true,"href":"https:\/\/pdt-rj.org.br\/index.php\/wp-json\/wp\/v2\/comments?post=83233"}],"version-history":[{"count":8,"href":"https:\/\/pdt-rj.org.br\/index.php\/wp-json\/wp\/v2\/posts\/83233\/revisions"}],"predecessor-version":[{"id":83291,"href":"https:\/\/pdt-rj.org.br\/index.php\/wp-json\/wp\/v2\/posts\/83233\/revisions\/83291"}],"wp:featuredmedia":[{"embeddable":true,"href":"https:\/\/pdt-rj.org.br\/index.php\/wp-json\/wp\/v2\/media\/83234"}],"wp:attachment":[{"href":"https:\/\/pdt-rj.org.br\/index.php\/wp-json\/wp\/v2\/media?parent=83233"}],"wp:term":[{"taxonomy":"category","embeddable":true,"href":"https:\/\/pdt-rj.org.br\/index.php\/wp-json\/wp\/v2\/categories?post=83233"},{"taxonomy":"post_tag","embeddable":true,"href":"https:\/\/pdt-rj.org.br\/index.php\/wp-json\/wp\/v2\/tags?post=83233"}],"curies":[{"name":"wp","href":"https:\/\/api.w.org\/{rel}","templated":true}]}}