{"id":83217,"date":"2022-08-19T12:39:18","date_gmt":"2022-08-19T15:39:18","guid":{"rendered":"https:\/\/pdt-rj.org.br\/?p=83217"},"modified":"2022-08-19T14:10:08","modified_gmt":"2022-08-19T17:10:08","slug":"existem-cieps-alem-daqueles-das-estradas-por-apio-gomes","status":"publish","type":"post","link":"https:\/\/pdt-rj.org.br\/index.php\/existem-cieps-alem-daqueles-das-estradas-por-apio-gomes\/","title":{"rendered":"&#8220;Existem Cieps al\u00e9m daqueles das estradas&#8221;, por Apio Gomes"},"content":{"rendered":"<p>Em homenagem ao jornalista e militante do PDT Apio Gomes, que faleceu nesta sexta-feira (19) em Maric\u00e1, na Regi\u00e3o Metropolitana do Rio de Janeiro, resgatamos um dos seus artigos publicados em 2013.<\/p>\n<p><strong>Ao poeta Lu\u00eds de Cam\u00f5es pe\u00e7o licen\u00e7a pelo mote e inspira\u00e7\u00e3o para compor estas poucas linhas<\/strong><\/p>\n<p>Ao poeta Lu\u00eds de Cam\u00f5es pe\u00e7o licen\u00e7a pelo mote e inspira\u00e7\u00e3o para compor estas poucas linhas para apresentar o que foi a ocorr\u00eancia da primeira elei\u00e7\u00e3o geral\/posse\/gest\u00e3o p\u00f3s-ditadura, h\u00e1 30 anos, no Rio de Janeiro: a nossa Raquel.<\/p>\n<p>Claro que esta hist\u00f3ria \u00e9 narrada pelo nosso grupo; portanto suscet\u00edvel de alguns exageros, algumas alegorias; porque conviver com o sonho pol\u00edtico nos faz, vez por outra, tangenciar o cartesianismo \u2013 ou o ideal n\u00e3o se sustentaria. Mas, creia, em momento algum fomos subalternos nos textos produzidos: n\u00e3o tentamos fazer de nosso Lab\u00e3o um mito.<\/p>\n<p>Para que os mais jovens entendam a import\u00e2ncia do 15 de mar\u00e7o de 1983, \u00e9 preciso ambientar-se o in\u00edcio da d\u00e9cada de 60, em que o Brasil florescia como na\u00e7\u00e3o: uma arquitetura arrojada; surgia o cinema novo, a bossa nova; no Rio de Janeiro, os cinemas de arte, com debates ap\u00f3s filmes de Jean-Luc Godard, Alain Resnais, Pier Paolo Pasolini, Glauber Rocha; nas livrarias sempre se encontrava o \u00faltimo livro do fil\u00f3sofo Jean-Paul Sartre (naquela \u00e9poca, as livrarias n\u00e3o pegavam o nosso dinheiro e entregavam o livro tr\u00eas dias depois \u2013 era toma l\u00e1, d\u00e1 c\u00e1). Ainda se respirava a fragr\u00e2ncia do futebol-arte de Didi, Garrincha e Nilton Santos, comandantes supremos da vitoriosa campanha de 1958, na Su\u00e9cia.<\/p>\n<p>Mas no nosso calend\u00e1rio existiria um 1964, que, em seu primeiro de abril nos pregou uma pe\u00e7a: o sonho acabou, como na m\u00fasica de Gilberto Gil:<\/p>\n<p>\u201cO sonho acabou \/ Quem n\u00e3o dormiu no sleeping-bag nem sequer sonhou \/ O sonho acabou hoje, quando o c\u00e9u \/ Foi de-manhando, dessolvindo, vindo, vindo \/ Dissolvendo a noite na boca do dia \/ O sonho acabou \/ Dissolvendo a p\u00edlula de vida do doutor Ross \/ Na barriga de Maria \/ O sonho acabou desmanchando \/ A trama do doutor Silvana \/ A transa do doutor Fant\u00e1stico \/ E o meu mela\u00e7o de cana \/ O sonho acabou transformando \/ O sangue do cordeiro em \u00e1gua \/ Derretendo a minha m\u00e1goa \/ Derrubando a minha cama \/ O sonho acabou \/ Foi pesado o sono pra quem n\u00e3o sonhou.\u201d<\/p>\n<p>Neste curto espa\u00e7o n\u00e3o d\u00e1 para comentar o ocorrido naquelas duas d\u00e9cadas; mas o jornal Globo \u2013 insuspeito porque era um dos porta-vozes da ditadura \u2013 trouxe mat\u00e9rias, nas \u00faltimas semanas, sobre tortura de crian\u00e7as. D\u00ea asas \u00e0 sua imagina\u00e7\u00e3o e multiplique por muito.<\/p>\n<p>Convido-o a ler as seis mat\u00e9rias que comp\u00f5em este nosso trabalho, em que buscamos, para sua realiza\u00e7\u00e3o, a isen\u00e7\u00e3o que se deve ter, embora \u2013 acredite! \u2013 \u00e9 muito dif\u00edcil nos despir do on\u00edrico, ao lembrar como foi nossa participa\u00e7\u00e3o nesta revolu\u00e7\u00e3o no servi\u00e7o p\u00fablico do Rio de Janeiro, mesmo atuando em cargos que podem ser considerados menores: as tarefas eram t\u00e3o imediatas e interligadas que quase n\u00e3o existia diferen\u00e7a de classes.<\/p>\n<p>O inconsciente coletivo do brasileiro diz que pol\u00edtico nunca cumpre promessa de campanha. N\u00e3o sei bem se isto \u00e9 uma verdade plena; de certeza, somente tenho uma: as duas mais conhecidas de suas marcas de governo, nesta gest\u00e3o de Brizola, foram propostas em campanha. Com a palavra o pr\u00f3prio:<br \/>\n<strong><br \/>\nCombate \u00e0 viol\u00eancia<\/strong><\/p>\n<p>\u201cN\u00e3o. N\u00f3s vamos viver a plenitude dos nossos direitos: os direitos civis e os direitos humanos. A pol\u00edcia, no meu governo, vai ter outra postura: o mais humilde barraco tem o mesmo direito \u00e0 inviolabilidade que o pal\u00e1cio do rico.<\/p>\n<p>\u201cA pol\u00edcia discriminar? A pol\u00edcia contra as comunidades pobres, contra a favela; derrubar porta com botina\u00e7o; ficar dando tiros por a\u00ed, como quem solta foguete em festa de S\u00e3o Jo\u00e3o? Absolutamente, n\u00e3o! A pol\u00edcia ir\u00e1 cumprir com seu dever, enfrentar os riscos e sacrif\u00edcios, mas jamais humilhar, jamais alarmar, jamais agredir o cidad\u00e3o, a fam\u00edlia e a popula\u00e7\u00e3o. Ela tem que se integrar e readquirir a confian\u00e7a, o apre\u00e7o e a estima com a popula\u00e7\u00e3o\u201d.<\/p>\n<p><strong>Ciep<\/strong><\/p>\n<p>&#8220;Esta popula\u00e7\u00e3o n\u00e3o tem culpa de viver na pobreza, na mis\u00e9ria; e ter que fazer essa gin\u00e1stica incr\u00edvel para poder sobreviver. Vamos trabalhar juntos para que voc\u00eas tenham transporte eficiente; para que se urbanizem as favelas. Revoltar n\u00e3o existe no meu dicion\u00e1rio.<\/p>\n<p>\u201cVamos, sobretudo, criar grandes centros escolares integrados para que as crian\u00e7as passem l\u00e1 o dia inteiro: comam de manh\u00e3, ao meio-dia e de noite; s\u00f3 v\u00e3o para casa para dormir. V\u00e3o estudar; jogar; fazer lazer, manualidades; passar o dia inteiro na escola, numa vida s\u00e3, com assist\u00eancia m\u00e9dica, assist\u00eancia dent\u00e1ria\u201d.<\/p>\n<p><strong>*Por Apio Gomes, jornalista e militante do PDT.<\/strong><\/p>\n<!-- AddThis Advanced Settings generic via filter on the_content --><!-- AddThis Share Buttons generic via filter on the_content -->","protected":false},"excerpt":{"rendered":"<p>Em homenagem ao jornalista e militante do PDT Apio Gomes, que faleceu nesta sexta-feira (19) em Maric\u00e1, na Regi\u00e3o Metropolitana do Rio de Janeiro, resgatamos um dos seus artigos publicados em 2013. Ao poeta Lu\u00eds de Cam\u00f5es pe\u00e7o licen\u00e7a pelo mote e inspira\u00e7\u00e3o para compor estas poucas linhas Ao poeta Lu\u00eds de Cam\u00f5es pe\u00e7o licen\u00e7a&#8230;<!-- AddThis Advanced Settings generic via filter on wp_trim_excerpt --><!-- AddThis Share Buttons generic via filter on wp_trim_excerpt --><\/p>\n","protected":false},"author":17,"featured_media":83218,"comment_status":"closed","ping_status":"closed","sticky":false,"template":"","format":"standard","meta":{"_monsterinsights_skip_tracking":false,"_monsterinsights_sitenote_active":false,"_monsterinsights_sitenote_note":"","_monsterinsights_sitenote_category":0,"_uf_show_specific_survey":0,"_uf_disable_surveys":false,"footnotes":""},"categories":[1584,1390],"tags":[],"class_list":["post-83217","post","type-post","status-publish","format-standard","has-post-thumbnail","hentry","category-artigos","category-editorias"],"acf":[],"_links":{"self":[{"href":"https:\/\/pdt-rj.org.br\/index.php\/wp-json\/wp\/v2\/posts\/83217","targetHints":{"allow":["GET"]}}],"collection":[{"href":"https:\/\/pdt-rj.org.br\/index.php\/wp-json\/wp\/v2\/posts"}],"about":[{"href":"https:\/\/pdt-rj.org.br\/index.php\/wp-json\/wp\/v2\/types\/post"}],"author":[{"embeddable":true,"href":"https:\/\/pdt-rj.org.br\/index.php\/wp-json\/wp\/v2\/users\/17"}],"replies":[{"embeddable":true,"href":"https:\/\/pdt-rj.org.br\/index.php\/wp-json\/wp\/v2\/comments?post=83217"}],"version-history":[{"count":9,"href":"https:\/\/pdt-rj.org.br\/index.php\/wp-json\/wp\/v2\/posts\/83217\/revisions"}],"predecessor-version":[{"id":83231,"href":"https:\/\/pdt-rj.org.br\/index.php\/wp-json\/wp\/v2\/posts\/83217\/revisions\/83231"}],"wp:featuredmedia":[{"embeddable":true,"href":"https:\/\/pdt-rj.org.br\/index.php\/wp-json\/wp\/v2\/media\/83218"}],"wp:attachment":[{"href":"https:\/\/pdt-rj.org.br\/index.php\/wp-json\/wp\/v2\/media?parent=83217"}],"wp:term":[{"taxonomy":"category","embeddable":true,"href":"https:\/\/pdt-rj.org.br\/index.php\/wp-json\/wp\/v2\/categories?post=83217"},{"taxonomy":"post_tag","embeddable":true,"href":"https:\/\/pdt-rj.org.br\/index.php\/wp-json\/wp\/v2\/tags?post=83217"}],"curies":[{"name":"wp","href":"https:\/\/api.w.org\/{rel}","templated":true}]}}