{"id":83210,"date":"2022-08-19T12:01:52","date_gmt":"2022-08-19T15:01:52","guid":{"rendered":"https:\/\/pdt-rj.org.br\/?p=83210"},"modified":"2022-08-23T20:12:16","modified_gmt":"2022-08-23T23:12:16","slug":"pdt-perde-apio-gomes-jornalista-e-militante-ha-mais-de-40-anos","status":"publish","type":"post","link":"https:\/\/pdt-rj.org.br\/index.php\/pdt-perde-apio-gomes-jornalista-e-militante-ha-mais-de-40-anos\/","title":{"rendered":"PDT perde Apio Gomes, jornalista e militante h\u00e1 mais de 40 anos"},"content":{"rendered":"<p><strong>Ao longo dos anos, o trabalhista assumiu pap\u00e9is de destaque nos governos Brizola e foi revisor dos Tijola\u00e7os<\/strong><\/p>\n<p>Morreu na manh\u00e3 desta sexta-feira (19), aos 79 anos, o jornalista Apio Gomes em Maric\u00e1, Regi\u00e3o Metropolitana do Rio de Janeiro. Casado com Jacira e pai de Lucas e Felipe, o trabalhista era filiado ao PDT desde 1981 e, ao longo dos anos, assumiu pap\u00e9is de destaque nos governos Brizola no Estado fluminense.<\/p>\n<p>Personalidade de destaque, foi Chefe de Gabinete de Wagner Teixeira na Riotur, ainda em 1982. Depois se tornou revisor dos \u201cTijola\u00e7os\u201d, escritos por Brizola com ajuda de Fernando Brito. J\u00e1 no segundo governo Brizola, Apio era integrante da Secretaria de Imprensa do Governo, ao lado de Osvaldo Maneschy.<\/p>\n<p>Nos \u00faltimos anos, Apio se dedicava a organiza\u00e7\u00e3o de vasto material deixado por Brizola, entre artigos, entrevistas e os pr\u00f3prios Tijola\u00e7os. Ao lado do tamb\u00e9m jornalista e amigo Osvaldo Maneschy, organizou o livro \u201cLeonel Brizola, pensamentos conclusivos\u201d, publicado em 2011 pelo Nitpress.<\/p>\n<p>Em seu \u00faltimo trabalho, mergulhou com o afinco e compet\u00eancia \u2013 que lhe eram marcas \u2013 no Centro de Mem\u00f3ria Trabalhista (CMT), onde organizou todos os Tijola\u00e7os do Brizola. O trabalho culminou com o especial dos Cadernos Trabalhistas sobre textos do fundador do partido. H\u00e1 mais dois livros de Tijola\u00e7os para serem publicados pelo \u00f3rg\u00e3o vinculado \u00e0 Funda\u00e7\u00e3o Leonel Brizola &#8211; Alberto Pasqualini (FLB-AP).<\/p>\n<p>Nas redes sociais, o presidente nacional do partido, Carlos Lupi, lamentou a perda do expressivo quadro trabalhista, que completaria 80 anos em outubro pr\u00f3ximo.<\/p>\n<p>&#8220;Perdemos, esta manh\u00e3, Apio Gomes, no Rio. Companheiro de primeira hora e grande conhecedor do legado de Brizola, era nosso colaborador na comunica\u00e7\u00e3o do PDT. V\u00e1 em paz, amigo. Nossa luta continua neste plano com o valoroso trabalho deixado por voc\u00ea&#8221;, declarou.<\/p>\n<p><strong>Sepultamento<\/strong><\/p>\n<p>O enterro est\u00e1 programado para este s\u00e1bado (20), \u00e0s 14h, no cemint\u00e9rio Jardim da Saudade, que fica localizado na Avenida Carlos Pontes, 500, Jardim Sulacap, na Zona Oeste da capital.<\/p>\n<!-- AddThis Advanced Settings generic via filter on the_content --><!-- AddThis Share Buttons generic via filter on the_content -->","protected":false},"excerpt":{"rendered":"<p>Ao longo dos anos, o trabalhista assumiu pap\u00e9is de destaque nos governos Brizola e foi revisor dos Tijola\u00e7os Morreu na manh\u00e3 desta sexta-feira (19), aos 79 anos, o jornalista Apio Gomes em Maric\u00e1, Regi\u00e3o Metropolitana do Rio de Janeiro. Casado com Jacira e pai de Lucas e Felipe, o trabalhista era filiado ao PDT desde&#8230;<!-- AddThis Advanced Settings generic via filter on wp_trim_excerpt --><!-- AddThis Share Buttons generic via filter on wp_trim_excerpt --><\/p>\n","protected":false},"author":17,"featured_media":83211,"comment_status":"closed","ping_status":"closed","sticky":false,"template":"","format":"standard","meta":{"_monsterinsights_skip_tracking":false,"_monsterinsights_sitenote_active":false,"_monsterinsights_sitenote_note":"","_monsterinsights_sitenote_category":0,"_uf_show_specific_survey":0,"_uf_disable_surveys":false,"footnotes":""},"categories":[1390,1401],"tags":[],"class_list":["post-83210","post","type-post","status-publish","format-standard","has-post-thumbnail","hentry","category-editorias","category-nacional"],"acf":[],"_links":{"self":[{"href":"https:\/\/pdt-rj.org.br\/index.php\/wp-json\/wp\/v2\/posts\/83210","targetHints":{"allow":["GET"]}}],"collection":[{"href":"https:\/\/pdt-rj.org.br\/index.php\/wp-json\/wp\/v2\/posts"}],"about":[{"href":"https:\/\/pdt-rj.org.br\/index.php\/wp-json\/wp\/v2\/types\/post"}],"author":[{"embeddable":true,"href":"https:\/\/pdt-rj.org.br\/index.php\/wp-json\/wp\/v2\/users\/17"}],"replies":[{"embeddable":true,"href":"https:\/\/pdt-rj.org.br\/index.php\/wp-json\/wp\/v2\/comments?post=83210"}],"version-history":[{"count":8,"href":"https:\/\/pdt-rj.org.br\/index.php\/wp-json\/wp\/v2\/posts\/83210\/revisions"}],"predecessor-version":[{"id":83265,"href":"https:\/\/pdt-rj.org.br\/index.php\/wp-json\/wp\/v2\/posts\/83210\/revisions\/83265"}],"wp:featuredmedia":[{"embeddable":true,"href":"https:\/\/pdt-rj.org.br\/index.php\/wp-json\/wp\/v2\/media\/83211"}],"wp:attachment":[{"href":"https:\/\/pdt-rj.org.br\/index.php\/wp-json\/wp\/v2\/media?parent=83210"}],"wp:term":[{"taxonomy":"category","embeddable":true,"href":"https:\/\/pdt-rj.org.br\/index.php\/wp-json\/wp\/v2\/categories?post=83210"},{"taxonomy":"post_tag","embeddable":true,"href":"https:\/\/pdt-rj.org.br\/index.php\/wp-json\/wp\/v2\/tags?post=83210"}],"curies":[{"name":"wp","href":"https:\/\/api.w.org\/{rel}","templated":true}]}}