{"id":83195,"date":"2022-08-19T10:52:21","date_gmt":"2022-08-19T13:52:21","guid":{"rendered":"https:\/\/pdt-rj.org.br\/?p=83195"},"modified":"2022-08-20T02:01:36","modified_gmt":"2022-08-20T05:01:36","slug":"em-caxias-rodrigo-neves-conversa-sobre-emprego-e-renda","status":"publish","type":"post","link":"https:\/\/pdt-rj.org.br\/index.php\/em-caxias-rodrigo-neves-conversa-sobre-emprego-e-renda\/","title":{"rendered":"Em Duque de Caxias, Rodrigo Neves conversa sobre emprego e renda"},"content":{"rendered":"<p style=\"font-weight: 400;\"><strong>Candidato a governador pelo PDT fala sobre programa de renda b\u00e1sica para a popula\u00e7\u00e3o da Baixada Fluminense<\/strong><\/p>\n<p style=\"font-weight: 400;\">Em Duque de Caxias na manh\u00e3 desta quinta-feira, 18, o candidato a governador do Rio de Janeiro pelo PDT, Rodrigo Neves, falou sobre saneamento b\u00e1sico e gera\u00e7\u00e3o de emprego e renda para os moradores da Baixada Fluminense. Durante caminhada na Pra\u00e7a do Pacificador e no tradicional cal\u00e7ad\u00e3o de Duque de Caxias, o pedetista refor\u00e7ou o compromisso de priorizar a gera\u00e7\u00e3o de empregos.<\/p>\n<p style=\"font-weight: 400;\">\u201cMinha prioridade como governador vai ser criar frentes de trabalho, emprego e renda para recuperar a estrutura das escolas, das unidades de Sa\u00fade, que est\u00e3o muito prec\u00e1rias na Baixada Fluminense, para levar \u00e1gua e esgoto tratado para todos os bairros da Baixada e tamb\u00e9m de S\u00e3o Gon\u00e7alo, o interior e a Zona Oeste do Rio\u201d, afirmou Rodrigo Neves.<\/p>\n<p style=\"font-weight: 400;\">Ao lado do candidato a vice-governador, Felipe Santa Cruz, e do candidato a senador pelo PDT, Cabo Daciolo, entre outros candidatos da sua coliga\u00e7\u00e3o, Rodrigo Neves conversou com a popula\u00e7\u00e3o, falou sobre os projetos que vai implantar na regi\u00e3o como governador e apresentou a ideia de criar um programa de renda b\u00e1sica para as fam\u00edlias mais pobres do estado.<\/p>\n<p style=\"font-weight: 400;\">\u201cMeu compromisso como governador \u00e9 n\u00e3o deixar ningu\u00e9m passar fome em todas as 92 cidades do estado. Por isso vamos criar um programa de renda b\u00e1sica e garantir um aux\u00edlio de R$ 500 para todas as fam\u00edlias que vivem em extrema pobreza, especialmente na Baixada Fluminense, do mesmo modo que eu fiz quando fui prefeito de Niter\u00f3i\u201d.<\/p>\n<!-- AddThis Advanced Settings generic via filter on the_content --><!-- AddThis Share Buttons generic via filter on the_content -->","protected":false},"excerpt":{"rendered":"<p>Candidato a governador pelo PDT fala sobre programa de renda b\u00e1sica para a popula\u00e7\u00e3o da Baixada Fluminense Em Duque de Caxias na manh\u00e3 desta quinta-feira, 18, o candidato a governador do Rio de Janeiro pelo PDT, Rodrigo Neves, falou sobre saneamento b\u00e1sico e gera\u00e7\u00e3o de emprego e renda para os moradores da Baixada Fluminense. Durante&#8230;<!-- AddThis Advanced Settings generic via filter on wp_trim_excerpt --><!-- AddThis Share Buttons generic via filter on wp_trim_excerpt --><\/p>\n","protected":false},"author":17,"featured_media":83196,"comment_status":"closed","ping_status":"closed","sticky":false,"template":"","format":"standard","meta":{"_monsterinsights_skip_tracking":false,"_monsterinsights_sitenote_active":false,"_monsterinsights_sitenote_note":"","_monsterinsights_sitenote_category":0,"_uf_show_specific_survey":0,"_uf_disable_surveys":false,"footnotes":""},"categories":[1390,5414,5415],"tags":[],"class_list":["post-83195","post","type-post","status-publish","format-standard","has-post-thumbnail","hentry","category-editorias","category-estado","category-rodrigo-neves"],"acf":[],"_links":{"self":[{"href":"https:\/\/pdt-rj.org.br\/index.php\/wp-json\/wp\/v2\/posts\/83195","targetHints":{"allow":["GET"]}}],"collection":[{"href":"https:\/\/pdt-rj.org.br\/index.php\/wp-json\/wp\/v2\/posts"}],"about":[{"href":"https:\/\/pdt-rj.org.br\/index.php\/wp-json\/wp\/v2\/types\/post"}],"author":[{"embeddable":true,"href":"https:\/\/pdt-rj.org.br\/index.php\/wp-json\/wp\/v2\/users\/17"}],"replies":[{"embeddable":true,"href":"https:\/\/pdt-rj.org.br\/index.php\/wp-json\/wp\/v2\/comments?post=83195"}],"version-history":[{"count":5,"href":"https:\/\/pdt-rj.org.br\/index.php\/wp-json\/wp\/v2\/posts\/83195\/revisions"}],"predecessor-version":[{"id":83242,"href":"https:\/\/pdt-rj.org.br\/index.php\/wp-json\/wp\/v2\/posts\/83195\/revisions\/83242"}],"wp:featuredmedia":[{"embeddable":true,"href":"https:\/\/pdt-rj.org.br\/index.php\/wp-json\/wp\/v2\/media\/83196"}],"wp:attachment":[{"href":"https:\/\/pdt-rj.org.br\/index.php\/wp-json\/wp\/v2\/media?parent=83195"}],"wp:term":[{"taxonomy":"category","embeddable":true,"href":"https:\/\/pdt-rj.org.br\/index.php\/wp-json\/wp\/v2\/categories?post=83195"},{"taxonomy":"post_tag","embeddable":true,"href":"https:\/\/pdt-rj.org.br\/index.php\/wp-json\/wp\/v2\/tags?post=83195"}],"curies":[{"name":"wp","href":"https:\/\/api.w.org\/{rel}","templated":true}]}}