{"id":83190,"date":"2022-08-19T09:47:30","date_gmt":"2022-08-19T12:47:30","guid":{"rendered":"https:\/\/pdt-rj.org.br\/?p=83190"},"modified":"2022-08-21T07:50:25","modified_gmt":"2022-08-21T10:50:25","slug":"ciro-gomes-defende-refinanciamento-de-divida-de-empresas","status":"publish","type":"post","link":"https:\/\/pdt-rj.org.br\/index.php\/ciro-gomes-defende-refinanciamento-de-divida-de-empresas\/","title":{"rendered":"Ciro Gomes defende refinanciamento de d\u00edvida de empresas"},"content":{"rendered":"<p><strong>\u201cSeis milh\u00f5es de empresas brasileiras est\u00e3o no Serasa hoje na antessala da recupera\u00e7\u00e3o judicial. \u00c9 um absurdo!\u201d<\/strong><\/p>\n<p>Candidato do PDT \u00e0 Presid\u00eancia, Ciro Gomes, esteve na Associa\u00e7\u00e3o Comercial de S\u00e3o Paulo (ACSP), centro da capital paulista, na manh\u00e3 desta quinta-feira (18), onde defendeu um papel decisivo do Estado no refinanciamento da d\u00edvida das empresas brasileiras.<\/p>\n<p>\u201cSeis milh\u00f5es de empresas brasileiras est\u00e3o no Serasa hoje na antessala da recupera\u00e7\u00e3o judicial. \u00c9 um absurdo!\u201d, informou o presidenci\u00e1vel.<\/p>\n<p>Terceiro colocado nas pesquisas presidenciais, o ex-ministro falou sobre o endividamento como um todo, explicando sua proposta para resolver o problema que atinge 78 em cada 100 fam\u00edlias brasileiras.<\/p>\n<p>\u201c\u00c9 um recorde de endividamento e, como os juros brasileiros s\u00e3o h\u00e1 26 anos os mais altos do planeta Terra, h\u00e1 66 milh\u00f5es de pessoas inadimplentes.\u201d<\/p>\n<p>Acompanhado pelo presidente do PDT de S\u00e3o Paulo e candidato a deputado federal, Antonio Neto, pelo candidato ao Senado Aldo Rebelo (PDT) e pelo candidato do partido ao governo de S\u00e3o Paulo, Elvis Cezar, Ciro explicou como faria a renegocia\u00e7\u00e3o das d\u00edvidas e defendeu a necessidade de oferecer um grande programa de educa\u00e7\u00e3o financeira \u00e0s fam\u00edlias.<\/p>\n<p>\u201cChama e faz um leil\u00e3o reverso p\u00fablico. Financiando, n\u00e3o dando dinheiro pra ningu\u00e9m. \u00c9 assim fazemos a economia voltar a girar.\u201d<\/p>\n<p>Confira a \u00edntegra da paletra de Ciro Gomes na Associa\u00e7\u00e3o Comercial de S\u00e3o Paulo:<\/p>\n<p style=\"text-align: center;\"><iframe loading=\"lazy\" title=\"YouTube video player\" src=\"\/\/www.youtube.com\/embed\/YrGMUKxiQfw\" width=\"560\" height=\"315\" frameborder=\"0\" allowfullscreen=\"allowfullscreen\"><\/iframe><\/p>\n<!-- AddThis Advanced Settings generic via filter on the_content --><!-- AddThis Share Buttons generic via filter on the_content -->","protected":false},"excerpt":{"rendered":"<p>\u201cSeis milh\u00f5es de empresas brasileiras est\u00e3o no Serasa hoje na antessala da recupera\u00e7\u00e3o judicial. \u00c9 um absurdo!\u201d Candidato do PDT \u00e0 Presid\u00eancia, Ciro Gomes, esteve na Associa\u00e7\u00e3o Comercial de S\u00e3o Paulo (ACSP), centro da capital paulista, na manh\u00e3 desta quinta-feira (18), onde defendeu um papel decisivo do Estado no refinanciamento da d\u00edvida das empresas brasileiras&#8230;.<!-- AddThis Advanced Settings generic via filter on wp_trim_excerpt --><!-- AddThis Share Buttons generic via filter on wp_trim_excerpt --><\/p>\n","protected":false},"author":17,"featured_media":83191,"comment_status":"closed","ping_status":"closed","sticky":false,"template":"","format":"standard","meta":{"_monsterinsights_skip_tracking":false,"_monsterinsights_sitenote_active":false,"_monsterinsights_sitenote_note":"","_monsterinsights_sitenote_category":0,"_uf_show_specific_survey":0,"_uf_disable_surveys":false,"footnotes":""},"categories":[1390,5416,1401],"tags":[],"class_list":["post-83190","post","type-post","status-publish","format-standard","has-post-thumbnail","hentry","category-editorias","category-ciro-gomes","category-nacional"],"acf":[],"_links":{"self":[{"href":"https:\/\/pdt-rj.org.br\/index.php\/wp-json\/wp\/v2\/posts\/83190","targetHints":{"allow":["GET"]}}],"collection":[{"href":"https:\/\/pdt-rj.org.br\/index.php\/wp-json\/wp\/v2\/posts"}],"about":[{"href":"https:\/\/pdt-rj.org.br\/index.php\/wp-json\/wp\/v2\/types\/post"}],"author":[{"embeddable":true,"href":"https:\/\/pdt-rj.org.br\/index.php\/wp-json\/wp\/v2\/users\/17"}],"replies":[{"embeddable":true,"href":"https:\/\/pdt-rj.org.br\/index.php\/wp-json\/wp\/v2\/comments?post=83190"}],"version-history":[{"count":2,"href":"https:\/\/pdt-rj.org.br\/index.php\/wp-json\/wp\/v2\/posts\/83190\/revisions"}],"predecessor-version":[{"id":83250,"href":"https:\/\/pdt-rj.org.br\/index.php\/wp-json\/wp\/v2\/posts\/83190\/revisions\/83250"}],"wp:featuredmedia":[{"embeddable":true,"href":"https:\/\/pdt-rj.org.br\/index.php\/wp-json\/wp\/v2\/media\/83191"}],"wp:attachment":[{"href":"https:\/\/pdt-rj.org.br\/index.php\/wp-json\/wp\/v2\/media?parent=83190"}],"wp:term":[{"taxonomy":"category","embeddable":true,"href":"https:\/\/pdt-rj.org.br\/index.php\/wp-json\/wp\/v2\/categories?post=83190"},{"taxonomy":"post_tag","embeddable":true,"href":"https:\/\/pdt-rj.org.br\/index.php\/wp-json\/wp\/v2\/tags?post=83190"}],"curies":[{"name":"wp","href":"https:\/\/api.w.org\/{rel}","templated":true}]}}