{"id":83128,"date":"2022-08-11T10:18:33","date_gmt":"2022-08-11T13:18:33","guid":{"rendered":"https:\/\/pdt-rj.org.br\/?p=83128"},"modified":"2022-08-19T10:54:13","modified_gmt":"2022-08-19T13:54:13","slug":"rodrigo-neves-consolida-programa-de-governo","status":"publish","type":"post","link":"https:\/\/pdt-rj.org.br\/index.php\/rodrigo-neves-consolida-programa-de-governo\/","title":{"rendered":"Rodrigo Neves consolida Programa de Governo"},"content":{"rendered":"<p><strong>Documento de 130 p\u00e1ginas conta com a contribui\u00e7\u00e3o de especialistas em todos os setores da gest\u00e3o p\u00fablica e traz diagn\u00f3sticos e propostas para a reconstru\u00e7\u00e3o do estado do Rio de Janeiro<\/strong><\/p>\n<p>Nesta quarta-feira, 10, o candidato a governador do Rio de Janeiro pelo PDT, Rodrigo Neves, se reuniu com especialistas de diferentes \u00e1reas de atua\u00e7\u00e3o na administra\u00e7\u00e3o p\u00fablica para apresentar a consolida\u00e7\u00e3o das diretrizes e o alinhamento de metas do programa de governo para a reconstru\u00e7\u00e3o do estado do Rio de Janeiro. O resumo do documento, que ser\u00e1 lan\u00e7ado oficialmente no per\u00edodo eleitoral, foi apresentado pelo prefeito de Niter\u00f3i, Axel Grael, que vem acompanhando a produ\u00e7\u00e3o do programa junto com o prefeito do Rio de Janeiro, Eduardo Paes, e com o ex-governador do Esp\u00edrito Santo, Paulo Hartung. O candidato a vice-governador da coliga\u00e7\u00e3o, Felipe Santa Cruz, tamb\u00e9m participou do encontro.<\/p>\n<p>\u201cN\u00f3s temos aqui interlocutores que contribu\u00edram muito para a elabora\u00e7\u00e3o dos diagn\u00f3sticos que deram origem ao nosso programa, que tem mais de 130 p\u00e1ginas com propostas para todas as \u00e1reas da administra\u00e7\u00e3o p\u00fablica. De fato, este plano enfrenta com detalhes cada um dos problemas do nosso estado\u201d, contou Neves.<\/p>\n<p>O programa do governo traz a\u00e7\u00f5es de curto, m\u00e9dio e longo prazo. Como explica Rodrigo Neves, uma das a\u00e7\u00f5es emergenciais contempla a cria\u00e7\u00e3o de um programa de renda b\u00e1sica por meio de uma moeda social, como a que foi criada em Niter\u00f3i, para que logo no primeiro ano de governo seja poss\u00edvel tirar tr\u00eas milh\u00f5es de pessoas da situa\u00e7\u00e3o de fome e pobreza extrema no estado do Rio de Janeiro.<\/p>\n<p>\u201cN\u00f3s iniciaremos tamb\u00e9m logo a partir dos primeiros cem dias uma a\u00e7\u00e3o emergencial que vai gerar emprego e renda para a popula\u00e7\u00e3o com a cria\u00e7\u00e3o de frentes de trabalho para recuperar escolas e hospitais abandonados e para levar \u00e1gua e esgoto tratado para a Baixada Fluminense, para a Zona Oeste da capital e para S\u00e3o Gon\u00e7alo. O objetivo \u00e9 gerar 150 mil novos empregos no primeiro ano de governo com contrata\u00e7\u00f5es para estas frentes de trabalho\u201d, explicou Rodrigo Neves.<\/p>\n<p>Entre os especialistas que participaram nestes \u00faltimos meses da elabora\u00e7\u00e3o dos diagn\u00f3sticos do programa de governo est\u00e3o nomes da Seguran\u00e7a P\u00fablica como a delegada e deputada Martha Rocha e o diretor do Instituto Cidade Segura Alberto\u00a0Kopittke; da Sa\u00fade como os m\u00e9dicos e secret\u00e1rios de Sa\u00fade de Niter\u00f3i e do Rio Rodrigo Oliveira e Daniel Soranz; da Educa\u00e7\u00e3o como a P\u00f3s-Doutora em Educa\u00e7\u00e3o Lia Faria, os professores, deputados e ex-secret\u00e1rios de Educa\u00e7\u00e3o Waldeck Carneiro e Comte Bittencourt, e o economista, deputado e ex-secret\u00e1rio de Educa\u00e7\u00e3o do Rio, Renan Ferreirinha; da igualdade racial como o presidente do Conselho Estadual dos Direitos do Negro, Luiz Eduardo Oliveira Negrogun; dos direitos da mulheres, como a coordenadora da Coordenadoria de Pol\u00edticas e Direitos das Mulheres de Niter\u00f3i, Fernanda Sixel; da Gest\u00e3o P\u00fablica como o engenheiro Glaucio Neves, a secret\u00e1ria de Planejamento de Niter\u00f3i, Ellen Benedetti, e o economista e ex-secret\u00e1rio de Fazendo do Rio, Pedro Paulo; do desenvolvimento econ\u00f4mico como Ronaldo Cesar Coelho e Marcio Fortes; e da Sustentabilidade como o economista Sergio Besserman e o professor Willian de Aquino.<\/p>\n<!-- AddThis Advanced Settings generic via filter on the_content --><!-- AddThis Share Buttons generic via filter on the_content -->","protected":false},"excerpt":{"rendered":"<p>Documento de 130 p\u00e1ginas conta com a contribui\u00e7\u00e3o de especialistas em todos os setores da gest\u00e3o p\u00fablica e traz diagn\u00f3sticos e propostas para a reconstru\u00e7\u00e3o do estado do Rio de Janeiro Nesta quarta-feira, 10, o candidato a governador do Rio de Janeiro pelo PDT, Rodrigo Neves, se reuniu com especialistas de diferentes \u00e1reas de atua\u00e7\u00e3o&#8230;<!-- AddThis Advanced Settings generic via filter on wp_trim_excerpt --><!-- AddThis Share Buttons generic via filter on wp_trim_excerpt --><\/p>\n","protected":false},"author":17,"featured_media":83129,"comment_status":"closed","ping_status":"closed","sticky":false,"template":"","format":"standard","meta":{"_monsterinsights_skip_tracking":false,"_monsterinsights_sitenote_active":false,"_monsterinsights_sitenote_note":"","_monsterinsights_sitenote_category":0,"_uf_show_specific_survey":0,"_uf_disable_surveys":false,"footnotes":""},"categories":[1390,5414,5415],"tags":[],"class_list":["post-83128","post","type-post","status-publish","format-standard","has-post-thumbnail","hentry","category-editorias","category-estado","category-rodrigo-neves"],"acf":[],"_links":{"self":[{"href":"https:\/\/pdt-rj.org.br\/index.php\/wp-json\/wp\/v2\/posts\/83128","targetHints":{"allow":["GET"]}}],"collection":[{"href":"https:\/\/pdt-rj.org.br\/index.php\/wp-json\/wp\/v2\/posts"}],"about":[{"href":"https:\/\/pdt-rj.org.br\/index.php\/wp-json\/wp\/v2\/types\/post"}],"author":[{"embeddable":true,"href":"https:\/\/pdt-rj.org.br\/index.php\/wp-json\/wp\/v2\/users\/17"}],"replies":[{"embeddable":true,"href":"https:\/\/pdt-rj.org.br\/index.php\/wp-json\/wp\/v2\/comments?post=83128"}],"version-history":[{"count":3,"href":"https:\/\/pdt-rj.org.br\/index.php\/wp-json\/wp\/v2\/posts\/83128\/revisions"}],"predecessor-version":[{"id":83198,"href":"https:\/\/pdt-rj.org.br\/index.php\/wp-json\/wp\/v2\/posts\/83128\/revisions\/83198"}],"wp:featuredmedia":[{"embeddable":true,"href":"https:\/\/pdt-rj.org.br\/index.php\/wp-json\/wp\/v2\/media\/83129"}],"wp:attachment":[{"href":"https:\/\/pdt-rj.org.br\/index.php\/wp-json\/wp\/v2\/media?parent=83128"}],"wp:term":[{"taxonomy":"category","embeddable":true,"href":"https:\/\/pdt-rj.org.br\/index.php\/wp-json\/wp\/v2\/categories?post=83128"},{"taxonomy":"post_tag","embeddable":true,"href":"https:\/\/pdt-rj.org.br\/index.php\/wp-json\/wp\/v2\/tags?post=83128"}],"curies":[{"name":"wp","href":"https:\/\/api.w.org\/{rel}","templated":true}]}}