{"id":83123,"date":"2022-08-10T11:07:54","date_gmt":"2022-08-10T14:07:54","guid":{"rendered":"https:\/\/pdt-rj.org.br\/?p=83123"},"modified":"2022-08-11T10:29:52","modified_gmt":"2022-08-11T13:29:52","slug":"rodrigo-neves-tem-encontro-com-trabalhadores-da-cultura","status":"publish","type":"post","link":"https:\/\/pdt-rj.org.br\/index.php\/rodrigo-neves-tem-encontro-com-trabalhadores-da-cultura\/","title":{"rendered":"Rodrigo Neves tem encontro com trabalhadores da Cultura"},"content":{"rendered":"<p style=\"font-weight: 400;\"><strong>Candidato a governador do Rio de Janeiro apresentou realiza\u00e7\u00f5es e propostas<\/strong><\/p>\n<p style=\"font-weight: 400;\">Em encontro com artistas, produtores e gestores culturais na noite desta ter\u00e7a-feira, 9, o candidato a governador do Rio de Janeiro pelo PDT, Rodrigo Neves, apresentou propostas para o setor da Cultura, entre elas os compromissos de triplicar o or\u00e7amento da Cultura no estado no primeiro ano de governo, desenvolver um Plano de Cultura Participativo e trabalhar para trazer a sede do futuro Minist\u00e9rio da Cultura para o Pal\u00e1cio Capanema, no Centro da cidade do Rio de Janeiro.<\/p>\n<p style=\"font-weight: 400;\">\u201cO Rio de Janeiro \u00e9 a grande refer\u00eancia do pensamento da Cultura brasileira. Vamos lutar para que o Minist\u00e9rio da Cultura seja instalado na cidade do Rio de Janeiro, no Pal\u00e1cio Capanema. Isso \u00e9 poss\u00edvel, \u00e9 vi\u00e1vel\u201d, afirmou Neves.<\/p>\n<p style=\"font-weight: 400;\">Ao lado do seu candidato a vice-governador, Felipe Santa Cruz (PSD),\u00a0o pedetista garantiu aos trabalhadores da Cultura que, caso seja eleito, \u201co estado do Rio de Janeiro ter\u00e1 o governador da Cultura a partir de janeiro de 2023\u201d. Em seguida, o candidato falou sobre o or\u00e7amento da pasta: \u201cVamos triplicar o or\u00e7amento da Cultura no primeiro ano de governo e vamos fazer um Plano de Cultura Participativo, que envolva todos os segmentos, toda a pluralidade da Cultura do Rio de Janeiro\u201d.<\/p>\n<p style=\"font-weight: 400;\">Neves tamb\u00e9m apontou caminhos para o desenvolvimento econ\u00f4mico e social do estado a partir de um novo modelo de gest\u00e3o. \u201cConosco, o Rio de Janeiro vai retomar o protagonismo e a vanguarda depois deste per\u00edodo sombrio. Nosso estado tem potencial para ser l\u00edder na Am\u00e9rica do Sul em Cultura, Economia do Conhecimento, Economia Verde e em qualidade de vida. \u00c9 poss\u00edvel. O Rio tem conserto, mas n\u00e3o podemos errar: esta elei\u00e7\u00e3o \u00e9 a mais importante da Hist\u00f3ria do nosso estado\u201d.<\/p>\n<p style=\"font-weight: 400;\">O candidato a governador tamb\u00e9m apresentou pautas sociais, como as lutas pela igualdade racial e pela igualdade de g\u00eanero, e lembrou de realiza\u00e7\u00f5es \u00e0 frente da Prefeitura de Niter\u00f3i. \u201cTenho um orgulho danado por ter sido o primeiro prefeito do nosso estado a criar um Estatuto Municipal da Igualdade Racial. A quest\u00e3o racial ser\u00e1 transversal em todo o nosso governo. \u00c9 preciso mudar este cen\u00e1rio de exclus\u00e3o dos negros e negras do processo decis\u00f3rio. N\u00f3s viemos da tradi\u00e7\u00e3o de Abdias do Nascimento e Carlos Alberto Ca\u00f3. Os negros tamb\u00e9m v\u00e3o estar no primeiro escal\u00e3o do nosso governo\u201d. E completou: \u201cNos meus mandatos as mulheres administravam 80% do or\u00e7amento municipal, e certamente \u00e0 frente do governo do estado do Rio de Janeiro teremos pelo menos 50% do secretariado ocupado por mulheres\u201d.<\/p>\n<p style=\"font-weight: 400;\"><strong>Apoio do setor<\/strong><\/p>\n<p style=\"font-weight: 400;\">O cantor e compositor Moacyr Luz participou do encontro, comentou a gest\u00e3o realizada por Rodrigo Neves em Niter\u00f3i e declarou torcida pelo candidato do PDT: \u201cEu estou atento ao Rodrigo Neves h\u00e1 muito tempo, porque esta quest\u00e3o da Cultura \u00e9 muito importante para mim, para o meu trabalho, pela vida do Rio de Janeiro, que tem uma identifica\u00e7\u00e3o muito grande com as coisas que eu fa\u00e7o. E Niter\u00f3i estava dando inveja na gente, pois l\u00e1 tem um carinho especial com a gente, com o Samba, com a Cultura em geral. Estou torcendo para ele\u201d.<\/p>\n<p style=\"font-weight: 400;\">O secret\u00e1rio municipal de Cultura do Rio de Janeiro, Marcus Faustini, falou sobre a alian\u00e7a entre Neves e o prefeito Eduardo Paes, dois gestores que valorizam a Cultura: \u201cN\u00f3s temos a possibilidade de ter um governador aliado da Cultura. A Cultura no estado do Rio de Janeiro foi muito maltratada nos \u00faltimos tempos. A gente tem uma for\u00e7a muito grande para contribuir com o desenvolvimento do estado, e agora n\u00f3s temos uma grande oportunidade com esta alian\u00e7a entre o prefeito Eduardo Paes e o ex-prefeito Rodrigo Neves, pois as duas prefeituras implementaram uma gest\u00e3o que investe em Cultura com meta, com foco no desenvolvimento\u201d.<\/p>\n<p style=\"font-weight: 400;\">O ex-ministro da Cultura, ex-secret\u00e1rio de Cultura do Rio e candidato a deputado federal Marcelo Calero tamb\u00e9m declarou seu apoio a Rodrigo Neves, por seu compromisso. \u201cFico muito feliz em apoiar a candidatura do Rodrigo Neves, que tem compromisso com a Cultura, compromisso em pensar a Cultura como vetor do desenvolvimento econ\u00f4mico e social. Uma candidatura que vai unir o Rio de Janeiro em torno desta agenda t\u00e3o importante e que tem a cara do nosso estado\u201d.<\/p>\n<!-- AddThis Advanced Settings generic via filter on the_content --><!-- AddThis Share Buttons generic via filter on the_content -->","protected":false},"excerpt":{"rendered":"<p>Candidato a governador do Rio de Janeiro apresentou realiza\u00e7\u00f5es e propostas Em encontro com artistas, produtores e gestores culturais na noite desta ter\u00e7a-feira, 9, o candidato a governador do Rio de Janeiro pelo PDT, Rodrigo Neves, apresentou propostas para o setor da Cultura, entre elas os compromissos de triplicar o or\u00e7amento da Cultura no estado&#8230;<!-- AddThis Advanced Settings generic via filter on wp_trim_excerpt --><!-- AddThis Share Buttons generic via filter on wp_trim_excerpt --><\/p>\n","protected":false},"author":17,"featured_media":83124,"comment_status":"closed","ping_status":"closed","sticky":false,"template":"","format":"standard","meta":{"_monsterinsights_skip_tracking":false,"_monsterinsights_sitenote_active":false,"_monsterinsights_sitenote_note":"","_monsterinsights_sitenote_category":0,"_uf_show_specific_survey":0,"_uf_disable_surveys":false,"footnotes":""},"categories":[1390,5414,5415],"tags":[],"class_list":["post-83123","post","type-post","status-publish","format-standard","has-post-thumbnail","hentry","category-editorias","category-estado","category-rodrigo-neves"],"acf":[],"_links":{"self":[{"href":"https:\/\/pdt-rj.org.br\/index.php\/wp-json\/wp\/v2\/posts\/83123","targetHints":{"allow":["GET"]}}],"collection":[{"href":"https:\/\/pdt-rj.org.br\/index.php\/wp-json\/wp\/v2\/posts"}],"about":[{"href":"https:\/\/pdt-rj.org.br\/index.php\/wp-json\/wp\/v2\/types\/post"}],"author":[{"embeddable":true,"href":"https:\/\/pdt-rj.org.br\/index.php\/wp-json\/wp\/v2\/users\/17"}],"replies":[{"embeddable":true,"href":"https:\/\/pdt-rj.org.br\/index.php\/wp-json\/wp\/v2\/comments?post=83123"}],"version-history":[{"count":2,"href":"https:\/\/pdt-rj.org.br\/index.php\/wp-json\/wp\/v2\/posts\/83123\/revisions"}],"predecessor-version":[{"id":83132,"href":"https:\/\/pdt-rj.org.br\/index.php\/wp-json\/wp\/v2\/posts\/83123\/revisions\/83132"}],"wp:featuredmedia":[{"embeddable":true,"href":"https:\/\/pdt-rj.org.br\/index.php\/wp-json\/wp\/v2\/media\/83124"}],"wp:attachment":[{"href":"https:\/\/pdt-rj.org.br\/index.php\/wp-json\/wp\/v2\/media?parent=83123"}],"wp:term":[{"taxonomy":"category","embeddable":true,"href":"https:\/\/pdt-rj.org.br\/index.php\/wp-json\/wp\/v2\/categories?post=83123"},{"taxonomy":"post_tag","embeddable":true,"href":"https:\/\/pdt-rj.org.br\/index.php\/wp-json\/wp\/v2\/tags?post=83123"}],"curies":[{"name":"wp","href":"https:\/\/api.w.org\/{rel}","templated":true}]}}