{"id":83120,"date":"2022-08-10T11:05:42","date_gmt":"2022-08-10T14:05:42","guid":{"rendered":"https:\/\/pdt-rj.org.br\/?p=83120"},"modified":"2022-08-12T14:09:15","modified_gmt":"2022-08-12T17:09:15","slug":"pdt-vai-ao-stf-para-impedir-que-renda-dos-mais-pobres-fique-para-os-bancos","status":"publish","type":"post","link":"https:\/\/pdt-rj.org.br\/index.php\/pdt-vai-ao-stf-para-impedir-que-renda-dos-mais-pobres-fique-para-os-bancos\/","title":{"rendered":"PDT vai ao STF para impedir que renda dos mais pobres fique para os bancos"},"content":{"rendered":"<h3><strong>Nova Lei permite que metade do valor do Aux\u00edlio Brasil seja utilizada para pagar consignados<\/strong><\/h3>\n<p>O PDT entrou com uma A\u00e7\u00e3o Direta de Inconstitucionalidade (ADI) no Supremo Tribunal Federal (STF) contra a Lei n\u00ba 14.431, publicada no \u00faltimo dia 4, que permite que benefici\u00e1rios do Aux\u00edlio Brasil comprometam at\u00e9 45% da sua renda com empr\u00e9stimos consignados. Se a medida permanecer em vigor, os efeitos v\u00e3o do superendividamento das fam\u00edlias ao aumento da taxa de juros no pa\u00eds, o que contribuiria com a miserabilidade da popula\u00e7\u00e3o mais vulner\u00e1vel.<\/p>\n<p>Com o surgimento da nova lei, pessoas que antes n\u00e3o tinham acesso ao cr\u00e9dito agora passam a ter. S\u00e3o aposentados, pensionistas e benefici\u00e1rios de programas de transfer\u00eancia de renda. Entretanto, essas pessoas que se tornaram aptas ao endividamento fazem parte de uma parcela da popula\u00e7\u00e3o que usa mais de 85% da sua renda para o consumo b\u00e1sico: alimenta\u00e7\u00e3o, moradia e transporte. Dedicar quase metade do dinheiro do m\u00eas para cobrir empr\u00e9stimo pode levar muitos \u00e0 mis\u00e9ria.<\/p>\n<p>\u201cA parcela da renda que poder\u00e1 ser comprometida para garantia de empr\u00e9stimos \u00e9 elevada, especificamente para indiv\u00edduos que t\u00eam programas assistenciais e de transfer\u00eancia de renda como \u00fanica fonte de subsist\u00eancia, tratando-se de verbas alimentares e indispon\u00edveis, alcan\u00e7ando mais de 52 milh\u00f5es de pessoas que j\u00e1 vivem em situa\u00e7\u00e3o de pobreza ou miserabilidade, o que releva a extens\u00e3o do poss\u00edvel dano propiciado pela medida\u201d, explica a a\u00e7\u00e3o.<\/p>\n<p>Outro dano claro sofrido pelo consumidor com a edi\u00e7\u00e3o da nova norma \u00e9 a alt\u00edssima taxa de juros para esses consignados. Por aus\u00eancia de garantias econ\u00f4micas, as institui\u00e7\u00f5es financeiras v\u00e3o elevar essas taxas a valores que podem chegar a 98% ao ano. \u00c9 um prato cheio para transferir a renda do povo aos bancos e para gerar o superendividamento.<\/p>\n<p>\u201cProva do movimento de aumento de juros para conter a aus\u00eancia de garantia de pagamento dos benefici\u00e1rios do Aux\u00edlio Brasil \u00e9 a taxa de juros estimada para a modalidade, as quais est\u00e3o previstas em 4,99% ao m\u00eas, o equivalente a alarmantes 79% ao ano. Em simula\u00e7\u00e3o feita por reportagem da Folha de S\u00e3o Paulo, as taxas previstas durante o cadastramento eram de 5,88% ao m\u00eas, chegando a 98% ao ano\u201d, exp\u00f5e a ADI pedetista.<\/p>\n<p>Sendo um cr\u00e9dito de mensalidade elevada cuja fonte pagadora \u00e9 tempor\u00e1ria em muitos casos, o natural \u00e9 que, ap\u00f3s o aquecimento imediato da economia \u2013 justificativa para a aprova\u00e7\u00e3o da Lei \u2013, a inadimpl\u00eancia dos consignados cres\u00e7a substancialmente. Isso aumentaria a taxa de juros do pa\u00eds e, consequentemente, a desigualdade social.<\/p>\n<p>\u201cPerante a possibilidade n\u00edtida de aumento de juros, ressalta-se que a rentabilidade de investimentos em renda fixa de longo prazo \u00e9, tamb\u00e9m, elevada, favorecendo aumentos vertiginosos da desigualdade social que sempre assolou o nosso pa\u00eds, considerando que a parcela mais rica da popula\u00e7\u00e3o seria beneficiada, enquanto os hiper vulner\u00e1veis comprometem sua renda apenas para alcan\u00e7ar patamares b\u00e1sicos de sobreviv\u00eancia\u201d, alerta o documento.<\/p>\n<p>O PDT pede ao STF que suspenda a efic\u00e1cia dos Artigos 1\u00ba e 2\u00ba da Lei n\u00ba 14.431\/2022 at\u00e9 o julgamento da A\u00e7\u00e3o Direta de Inconstitucionalidade. Para ler a a\u00e7\u00e3o completa, clique no link abaixo.<\/p>\n<p><a href=\"https:\/\/www.pdt.org.br\/wp-content\/uploads\/2022\/08\/PETICAO.INICIAL-4.pdf\" data-wpel-link=\"internal\">PETICAO.INICIAL<\/a><\/p>\n<!-- AddThis Advanced Settings generic via filter on the_content --><!-- AddThis Share Buttons generic via filter on the_content -->","protected":false},"excerpt":{"rendered":"<p>Nova Lei permite que metade do valor do Aux\u00edlio Brasil seja utilizada para pagar consignados O PDT entrou com uma A\u00e7\u00e3o Direta de Inconstitucionalidade (ADI) no Supremo Tribunal Federal (STF) contra a Lei n\u00ba 14.431, publicada no \u00faltimo dia 4, que permite que benefici\u00e1rios do Aux\u00edlio Brasil comprometam at\u00e9 45% da sua renda com empr\u00e9stimos&#8230;<!-- AddThis Advanced Settings generic via filter on wp_trim_excerpt --><!-- AddThis Share Buttons generic via filter on wp_trim_excerpt --><\/p>\n","protected":false},"author":17,"featured_media":83121,"comment_status":"closed","ping_status":"closed","sticky":false,"template":"","format":"standard","meta":{"_monsterinsights_skip_tracking":false,"_monsterinsights_sitenote_active":false,"_monsterinsights_sitenote_note":"","_monsterinsights_sitenote_category":0,"_uf_show_specific_survey":0,"_uf_disable_surveys":false,"footnotes":""},"categories":[1390,1401],"tags":[],"class_list":["post-83120","post","type-post","status-publish","format-standard","has-post-thumbnail","hentry","category-editorias","category-nacional"],"acf":[],"_links":{"self":[{"href":"https:\/\/pdt-rj.org.br\/index.php\/wp-json\/wp\/v2\/posts\/83120","targetHints":{"allow":["GET"]}}],"collection":[{"href":"https:\/\/pdt-rj.org.br\/index.php\/wp-json\/wp\/v2\/posts"}],"about":[{"href":"https:\/\/pdt-rj.org.br\/index.php\/wp-json\/wp\/v2\/types\/post"}],"author":[{"embeddable":true,"href":"https:\/\/pdt-rj.org.br\/index.php\/wp-json\/wp\/v2\/users\/17"}],"replies":[{"embeddable":true,"href":"https:\/\/pdt-rj.org.br\/index.php\/wp-json\/wp\/v2\/comments?post=83120"}],"version-history":[{"count":2,"href":"https:\/\/pdt-rj.org.br\/index.php\/wp-json\/wp\/v2\/posts\/83120\/revisions"}],"predecessor-version":[{"id":83135,"href":"https:\/\/pdt-rj.org.br\/index.php\/wp-json\/wp\/v2\/posts\/83120\/revisions\/83135"}],"wp:featuredmedia":[{"embeddable":true,"href":"https:\/\/pdt-rj.org.br\/index.php\/wp-json\/wp\/v2\/media\/83121"}],"wp:attachment":[{"href":"https:\/\/pdt-rj.org.br\/index.php\/wp-json\/wp\/v2\/media?parent=83120"}],"wp:term":[{"taxonomy":"category","embeddable":true,"href":"https:\/\/pdt-rj.org.br\/index.php\/wp-json\/wp\/v2\/categories?post=83120"},{"taxonomy":"post_tag","embeddable":true,"href":"https:\/\/pdt-rj.org.br\/index.php\/wp-json\/wp\/v2\/tags?post=83120"}],"curies":[{"name":"wp","href":"https:\/\/api.w.org\/{rel}","templated":true}]}}