{"id":83080,"date":"2022-08-07T12:29:56","date_gmt":"2022-08-07T15:29:56","guid":{"rendered":"https:\/\/pdt-rj.org.br\/?p=83080"},"modified":"2022-08-08T18:08:31","modified_gmt":"2022-08-08T21:08:31","slug":"eleicoes-2022-rodrigo-neves-participa-de-primeiro-debate-na-band","status":"publish","type":"post","link":"https:\/\/pdt-rj.org.br\/index.php\/eleicoes-2022-rodrigo-neves-participa-de-primeiro-debate-na-band\/","title":{"rendered":"Elei\u00e7\u00f5es 2022: Rodrigo Neves participa de primeiro debate na Band"},"content":{"rendered":"<p class=\"gmail-MsoNoSpacing\"><strong>Eleitores t\u00eam oportunidade de analisar as propostas do ex-prefeito pedetista de Niter\u00f3i<\/strong><\/p>\n<p class=\"gmail-MsoNoSpacing\"><wbr \/>O candidato do PDT ao governo do Rio de Janeiro, Rodrigo Neves, participar\u00e1\u00a0neste <wbr \/>domingo (<wbr \/>7\/<wbr \/>8), a partir das 21h, do debate promovido pela TV Band.\u00a0Al\u00e9<wbr \/>m <wbr \/>do pedetista, tamb\u00e9m estar\u00e3o presentes\u00a0<wbr \/>Marcelo <wbr \/>Freixo (<wbr \/>PSB),\u00a0<wbr \/>Cl\u00e1<wbr \/>udio <wbr \/>Castro, atual\u00a0<wbr \/>governador, e <wbr \/>Paulo <wbr \/>Ganime (Novo).<\/p>\n<div>\n<div>\n<p>Com media\u00e7\u00e3o da apresentadora da BandNews FM Tha\u00eds Dias, o debate permitir\u00e1 que os fluminenses conhe\u00e7am, em detalhes, as propostas pedetistas inclusas no Projeto Estadual de Desenvolvimento, bem como toda a trajet\u00f3ria de sucesso de Neves \u00e0 frente da Prefeitura de Niter\u00f3i.<\/p>\n<p>Em cerca de 1h40 de dura\u00e7\u00e3o, o programa contar\u00e1 com\u00a0tr\u00eas blocos. No primeiro, os pr\u00e9-candidatos ter\u00e3o um minuto para responder a uma pergunta feita pelo jornalismo da Band. Em seguida, ser\u00e1 feita uma rodada de perguntas e respostas entre candidatos, com temas escolhidos em sorteio.<\/p>\n<p>No segundo bloco, acontece o confronto direto entre eles, com temas livres. No terceiro e \u00faltimo bloco, os pol\u00edticos respondem a uma nova pergunta formulada pelo jornalismo da Band. Por fim, cada um ter\u00e1 1 minuto e meio para as considera\u00e7\u00f5es finais.<\/p>\n<\/div>\n<\/div>\n<!-- AddThis Advanced Settings generic via filter on the_content --><!-- AddThis Share Buttons generic via filter on the_content -->","protected":false},"excerpt":{"rendered":"<p>Eleitores t\u00eam oportunidade de analisar as propostas do ex-prefeito pedetista de Niter\u00f3i O candidato do PDT ao governo do Rio de Janeiro, Rodrigo Neves, participar\u00e1\u00a0neste domingo (7\/8), a partir das 21h, do debate promovido pela TV Band.\u00a0Al\u00e9m do pedetista, tamb\u00e9m estar\u00e3o presentes\u00a0Marcelo Freixo (PSB),\u00a0Cl\u00e1udio Castro, atual\u00a0governador, e Paulo Ganime (Novo). Com media\u00e7\u00e3o da apresentadora da&#8230;<!-- AddThis Advanced Settings generic via filter on wp_trim_excerpt --><!-- AddThis Share Buttons generic via filter on wp_trim_excerpt --><\/p>\n","protected":false},"author":17,"featured_media":83082,"comment_status":"closed","ping_status":"closed","sticky":false,"template":"","format":"standard","meta":{"_monsterinsights_skip_tracking":false,"_monsterinsights_sitenote_active":false,"_monsterinsights_sitenote_note":"","_monsterinsights_sitenote_category":0,"_uf_show_specific_survey":0,"_uf_disable_surveys":false,"footnotes":""},"categories":[1390,5414],"tags":[],"class_list":["post-83080","post","type-post","status-publish","format-standard","has-post-thumbnail","hentry","category-editorias","category-estado"],"acf":[],"_links":{"self":[{"href":"https:\/\/pdt-rj.org.br\/index.php\/wp-json\/wp\/v2\/posts\/83080","targetHints":{"allow":["GET"]}}],"collection":[{"href":"https:\/\/pdt-rj.org.br\/index.php\/wp-json\/wp\/v2\/posts"}],"about":[{"href":"https:\/\/pdt-rj.org.br\/index.php\/wp-json\/wp\/v2\/types\/post"}],"author":[{"embeddable":true,"href":"https:\/\/pdt-rj.org.br\/index.php\/wp-json\/wp\/v2\/users\/17"}],"replies":[{"embeddable":true,"href":"https:\/\/pdt-rj.org.br\/index.php\/wp-json\/wp\/v2\/comments?post=83080"}],"version-history":[{"count":6,"href":"https:\/\/pdt-rj.org.br\/index.php\/wp-json\/wp\/v2\/posts\/83080\/revisions"}],"predecessor-version":[{"id":83093,"href":"https:\/\/pdt-rj.org.br\/index.php\/wp-json\/wp\/v2\/posts\/83080\/revisions\/83093"}],"wp:featuredmedia":[{"embeddable":true,"href":"https:\/\/pdt-rj.org.br\/index.php\/wp-json\/wp\/v2\/media\/83082"}],"wp:attachment":[{"href":"https:\/\/pdt-rj.org.br\/index.php\/wp-json\/wp\/v2\/media?parent=83080"}],"wp:term":[{"taxonomy":"category","embeddable":true,"href":"https:\/\/pdt-rj.org.br\/index.php\/wp-json\/wp\/v2\/categories?post=83080"},{"taxonomy":"post_tag","embeddable":true,"href":"https:\/\/pdt-rj.org.br\/index.php\/wp-json\/wp\/v2\/tags?post=83080"}],"curies":[{"name":"wp","href":"https:\/\/api.w.org\/{rel}","templated":true}]}}