{"id":83077,"date":"2022-08-05T12:06:48","date_gmt":"2022-08-05T15:06:48","guid":{"rendered":"https:\/\/pdt-rj.org.br\/?p=83077"},"modified":"2022-08-17T16:26:15","modified_gmt":"2022-08-17T19:26:15","slug":"ana-paula-matos-e-a-candidata-a-vice-presidente-na-chapa-de-ciro-gomes","status":"publish","type":"post","link":"https:\/\/pdt-rj.org.br\/index.php\/ana-paula-matos-e-a-candidata-a-vice-presidente-na-chapa-de-ciro-gomes\/","title":{"rendered":"Ana Paula Matos \u00e9 a candidata a vice-presidente na chapa de Ciro Gomes"},"content":{"rendered":"<h3>Vice-prefeita de Salvador tem perfil que melhor representa o projeto pedetista para o Brasil<\/h3>\n<p>O PDT anunciou Ana Paula Matos, vice-prefeita de Salvador (BA), como candidata a vice-presidente da Rep\u00fablica, compondo a chapa de Ciro Gomes na corrida ao Pal\u00e1cio do Planalto. O nome foi anunciado no in\u00edcio da tarde desta sexta-feira (5), em coletiva de imprensa realizada na sede nacional do partido, em Bras\u00edlia, com a presen\u00e7a dos agora candidatos e do presidente nacional da legenda, Carlos Lupi.<\/p>\n<p>A candidata pedetista firmou seu posto diante dos jornalistas e do povo brasileiro. \u201c\u00c9 assim que me apresento ao pa\u00eds: algu\u00e9m que \u00e9 preparada, que estudou e estuda, mas, mais do que dos bancos da universidade, algu\u00e9m que \u00e9 preparada pelo labor com o povo e pelo amor ao povo. Ent\u00e3o, \u00e9 com humildade, \u00e9 com carinho, mas com confian\u00e7a tamb\u00e9m nesse trabalho, e unindo meu amor pelo pa\u00eds a capacidade e a vontade de servir, que estou me apresentando a voc\u00eas e, atrav\u00e9s de voc\u00eas, a todo o povo\u201d, afirmou Ana Paula.<\/p>\n<p>O PDT chega ao pleito deste ano com uma chapa pura, formada apenas por pedetistas. A escolha de Ana Paula aconteceu ap\u00f3s uma s\u00e9rie de debates internos. A vice-prefeita de Salvador tem grande experi\u00eancia na gest\u00e3o p\u00fablica, contribuir\u00e1 com a coordena\u00e7\u00e3o do plano de governo e ter\u00e1 papel fundamental na defesa do Projeto Nacional de Desenvolvimento (PND).<\/p>\n<p>\u201cNeste momento, ela (Ana Paula) vem pra preencher uma vaga nessa estrat\u00e9gia nossa que desvenda, de uma vez por todas, aquilo de que se trata as elei\u00e7\u00f5es nacionais agora. Na verdade, trata-se de uma \u00fanica chapa abolicionista contra diversas chapas escravistas [\u2026] Ana Paula vem para me ajudar a coordenar o programa de governo, pra circular o pa\u00eds representando uma enorme fidelidade por si mesma e pela estreita confian\u00e7a que eu tenho na capacidade que ela tem, na seriedade que ela tem, no patriotismo que ela tem, mas vem especialmente para me ajudar a fazer do meu governo um governo feminino\u201d, exp\u00f4s Ciro Gomes.<\/p>\n<p>Advogada, professora, p\u00f3s-graduada em finan\u00e7as e com mestrado em administra\u00e7\u00e3o, Ana Paula, 44 anos, \u00e9 servidora concursada da Petrobras. Iniciou a trajet\u00f3ria na gest\u00e3o municipal como diretora geral de Educa\u00e7\u00e3o, em 2013. Na sequ\u00eancia, Ana Paula foi chefe de gabinete da vice-prefeitura, presidente do instituto de previd\u00eancia municipal, secret\u00e1ria das Prefeituras-Bairro, secret\u00e1ria de Promo\u00e7\u00e3o Social e combate \u00e0 pobreza, e secret\u00e1ria de Governo de Salvador. Em 2020 foi eleita vice-prefeita de Salvador, em chapa com Bruno Reis (DEM).<\/p>\n<p>O perfil de Ana Paula foi decisivo na escolha no partido, como explicou o presidente nacional do PDT: \u201cA gente foi somando muita coisa: funcion\u00e1ria da Petrobr\u00e1s, mulher, negra. \u00c9 a quest\u00e3o da representa\u00e7\u00e3o que o nosso partido quer ter pra se diferenciar. O Ciro, que \u00e9 um homem que tem uma experi\u00eancia larga \u2013 administrador, prefeito, ministro \u2013, j\u00e1 muito conhecido, faz com a Ana uma esp\u00e9cie de contra balan\u00e7a com seu perfil. No fundo, \u00e9 a gente querer mostrar para a sociedade um quadro de supera\u00e7\u00e3o\u201d, revelou.<\/p>\n<p><strong>\u00a0<\/strong><strong>Perfil<\/strong><\/p>\n<p>Professora, formada em Administra\u00e7\u00e3o de Empresas pela Universidade Salvador (1998) e em Direito pela Universidade Cat\u00f3lica do Salvador (2001), \u00e9 p\u00f3s-graduada em Finan\u00e7as Corporativas pela Unifacs (2000) e mestre em Administra\u00e7\u00e3o, pela Universidade Federal da Bahia (2002). \u00c9 servidora, concursada pela Petrobras, casada com Vin\u00edcius desde 2006, filha da professora Sandra Matos e do m\u00e9dico Paulo Matos.<\/p>\n<p>Na Prefeitura de Salvador j\u00e1 atua desde 2013, no primeiro ano da gest\u00e3o do, a \u00e9poca, prefeito ACM Neto. Iniciou a trajet\u00f3ria profissional no munic\u00edpio como diretora geral de suporte \u00e0 educa\u00e7\u00e3o, na Secretaria de Educa\u00e7\u00e3o, onde foi respons\u00e1vel pela convoca\u00e7\u00e3o de mais de 1.000 professores e pelo Plano de Carreira da categoria.<\/p>\n<p>Em 2015, foi convidada para assumir a subsecretaria Municipal de Promo\u00e7\u00e3o Social, Esporte e Combate \u00e0 Pobreza, pasta que tinha como titular o atual prefeito de Salvador Bruno Reis. Com pouco mais de um m\u00eas no cargo, juntos, passaram pelos desafios das fortes chuvas de 2015, que foram um marco para a evolu\u00e7\u00e3o das pol\u00edticas p\u00fablicas de assist\u00eancia social na capital soteropolitana.<\/p>\n<p>Quando Bruno Reis deixou a Secretaria de Promo\u00e7\u00e3o Social para ser candidato a vice-prefeito de Salvador, Ana Paula Matos foi conduzida para a titularidade da ent\u00e3o Semps (Hoje \u2013 Secretaria Municipal de Promo\u00e7\u00e3o Social, Combate \u00e0 Pobreza, Esportes e Lazer).<\/p>\n<p>Em 2017, assumiu a chefia de Gabinete do vice-prefeito de Salvador. No mesmo ano se tornou secret\u00e1ria Municipal das Prefeituras-bairro e conduziu o exitoso processo de descentraliza\u00e7\u00e3o da administra\u00e7\u00e3o municipal. Em julho 2019 reassumiu a Secret\u00e1ria Municipal de Promo\u00e7\u00e3o Social e Combate \u00e0 Pobreza (Sempre). Em 2020 foi eleita vice-prefeita de Salvador na chapa com Bruno Reis.<\/p>\n<!-- AddThis Advanced Settings generic via filter on the_content --><!-- AddThis Share Buttons generic via filter on the_content -->","protected":false},"excerpt":{"rendered":"<p>Vice-prefeita de Salvador tem perfil que melhor representa o projeto pedetista para o Brasil O PDT anunciou Ana Paula Matos, vice-prefeita de Salvador (BA), como candidata a vice-presidente da Rep\u00fablica, compondo a chapa de Ciro Gomes na corrida ao Pal\u00e1cio do Planalto. O nome foi anunciado no in\u00edcio da tarde desta sexta-feira (5), em coletiva&#8230;<!-- AddThis Advanced Settings generic via filter on wp_trim_excerpt --><!-- AddThis Share Buttons generic via filter on wp_trim_excerpt --><\/p>\n","protected":false},"author":17,"featured_media":83078,"comment_status":"closed","ping_status":"closed","sticky":false,"template":"","format":"standard","meta":{"_monsterinsights_skip_tracking":false,"_monsterinsights_sitenote_active":false,"_monsterinsights_sitenote_note":"","_monsterinsights_sitenote_category":0,"_uf_show_specific_survey":0,"_uf_disable_surveys":false,"footnotes":""},"categories":[1390,1401],"tags":[],"class_list":["post-83077","post","type-post","status-publish","format-standard","has-post-thumbnail","hentry","category-editorias","category-nacional"],"acf":[],"_links":{"self":[{"href":"https:\/\/pdt-rj.org.br\/index.php\/wp-json\/wp\/v2\/posts\/83077","targetHints":{"allow":["GET"]}}],"collection":[{"href":"https:\/\/pdt-rj.org.br\/index.php\/wp-json\/wp\/v2\/posts"}],"about":[{"href":"https:\/\/pdt-rj.org.br\/index.php\/wp-json\/wp\/v2\/types\/post"}],"author":[{"embeddable":true,"href":"https:\/\/pdt-rj.org.br\/index.php\/wp-json\/wp\/v2\/users\/17"}],"replies":[{"embeddable":true,"href":"https:\/\/pdt-rj.org.br\/index.php\/wp-json\/wp\/v2\/comments?post=83077"}],"version-history":[{"count":2,"href":"https:\/\/pdt-rj.org.br\/index.php\/wp-json\/wp\/v2\/posts\/83077\/revisions"}],"predecessor-version":[{"id":83179,"href":"https:\/\/pdt-rj.org.br\/index.php\/wp-json\/wp\/v2\/posts\/83077\/revisions\/83179"}],"wp:featuredmedia":[{"embeddable":true,"href":"https:\/\/pdt-rj.org.br\/index.php\/wp-json\/wp\/v2\/media\/83078"}],"wp:attachment":[{"href":"https:\/\/pdt-rj.org.br\/index.php\/wp-json\/wp\/v2\/media?parent=83077"}],"wp:term":[{"taxonomy":"category","embeddable":true,"href":"https:\/\/pdt-rj.org.br\/index.php\/wp-json\/wp\/v2\/categories?post=83077"},{"taxonomy":"post_tag","embeddable":true,"href":"https:\/\/pdt-rj.org.br\/index.php\/wp-json\/wp\/v2\/tags?post=83077"}],"curies":[{"name":"wp","href":"https:\/\/api.w.org\/{rel}","templated":true}]}}