{"id":83074,"date":"2022-08-03T08:36:27","date_gmt":"2022-08-03T11:36:27","guid":{"rendered":"https:\/\/pdt-rj.org.br\/?p=83074"},"modified":"2022-08-03T14:39:48","modified_gmt":"2022-08-03T17:39:48","slug":"ciro-e-a-dinamica-eleitoral","status":"publish","type":"post","link":"https:\/\/pdt-rj.org.br\/index.php\/ciro-e-a-dinamica-eleitoral\/","title":{"rendered":"Ciro e a din\u00e2mica eleitoral"},"content":{"rendered":"<p><strong>Faltando dois meses para as elei\u00e7\u00f5es presidenciais deste ano, as pesquisas teimam em manter Ciro Gomes \u201ccolado\u201d nos 8%. Fato muito parecido com o que aconteceu em 2018 porque Ciro tem muito mais<\/strong><\/p>\n<p>Faltam exatos dois meses para as elei\u00e7\u00f5es. Uma disputa, como reiteradamente falamos neste espa\u00e7o, restrita a tr\u00eas candidatos com chances de vit\u00f3ria.<\/p>\n<p>Mas antes de abordar o pleito do dia 02\/10, voltemos a 2018, para refrescar a mem\u00f3ria. Em agosto daquele ano, a pesquisa Datafolha tinha os seguintes n\u00fameros: Lula 39, Bolsonaro, 18, Alckmin 6, Ciro 5.<\/p>\n<p>O primeiro dado relevante a ser resgatado \u00e9 o fato de que n\u00e3o era necess\u00e1rio ser expert em pol\u00edtica para saber que Lula n\u00e3o seria candidato. O segundo, era que a classe dominante apostava suas fichas em Geraldo Alckmin. O terceiro \u00e9 que o plano B do sistema, por mais incr\u00edvel que pudesse parecer, era Jair Bolsonaro.<\/p>\n<p>Por isso, Lula foi inviabilizado, com uma pris\u00e3o absolutamente arbitr\u00e1ria e ilegal, e como o plano A, de Alckmin, n\u00e3o decolou, a elite do atraso resolveu apostar suas fichas em Bolsonaro. Bem, n\u00e3o em Bolsonaro, mas em Paulo Guedes, que de acordo com o racioc\u00ednio dos promotores do golpe de 2016, seguiria implementando a agenda, iniciada no mandato ileg\u00edtimo de Michel Temer.<\/p>\n<p>Mas o que a classe dominante n\u00e3o contava era que o bobo da corte gostasse de ser a atra\u00e7\u00e3o principal do espet\u00e1culo e acabasse por ser um empecilho, mesmo que involunt\u00e1rio, \u00e0 aplica\u00e7\u00e3o do receitu\u00e1rio de entrega do patrim\u00f4nio nacional e retirada dos direitos da popula\u00e7\u00e3o.<\/p>\n<p>A in\u00e9pcia e a irresponsabilidade de Bolsonaro levaram o pa\u00eds a maior crise social, pol\u00edtica e econ\u00f4mica, desde o fim da ditadura militar. Para al\u00e9m disso, deixa um legado de desmoraliza\u00e7\u00e3o e instabilidade institucional.<\/p>\n<p>O disfuncional governo, desgra\u00e7adamente, cumpriu as promessas de transformar o pa\u00eds em \u201cp\u00e1ria internacional\u201d e de \u201cmais destruir do que construir\u201d.<\/p>\n<p>Assim, parte significativa da burguesia nacional se distancia do governo. Afinal, para o capitalismo, vale a regra b\u00e1sica de m\u00e1xima rentabilidade, dentro de um clima de estabilidade. Estabilidade e Bolsonaro s\u00e3o palavras que n\u00e3o cabem na mesma frase.<\/p>\n<p>Voltando aos dias atuais, hoje, a colunista M\u00f4nica Bergamo, em sua coluna na Folha, divulgou o grande medo de Bolsonaro, em caso de derrota eleitoral: a cadeia.<\/p>\n<p>O presidente n\u00e3o passa de um espantalho, um morto-vivo, uma esp\u00e9cie de zumbi do seriado The Walking Dead. Ainda assim tem o poder de uma Bic com muita tinta, al\u00e9m de uma consider\u00e1vel base de devotos. Em minha avalia\u00e7\u00e3o, \u00e9 menor do que indicam as pesquisas do Datafolha e do IPEC (ex-Ibope), que apontam algo em torno de 30%. Posso estar equivocado, mas em minha opini\u00e3o s\u00e3o cerca de 25%. \u00c9 o suficiente para lev\u00e1-lo ao segundo turno, caso haja segundo turno? Essa \u00e9 a pergunta de um milh\u00e3o de d\u00f3lares.<\/p>\n<p>A t\u00e1tica eleitoral de Bolsonaro lembra muito a usada por Marcelo Crivella, na elei\u00e7\u00e3o para a Prefeitura do Rio: radicalizar para manter a base unida, mesmo que falando apenas para dentro. O bispo neopentecostal at\u00e9 foi para o segundo turno, mas sofreu uma derrota humilhante.<\/p>\n<p>Ent\u00e3o, Lula \u00e9 o candidato do sistema? N\u00e3o. Lula \u00e9 apenas um instrumento, um Cavalo de Tr\u00f3ia. O plano A continua sendo Alckmin. Agora chancelado por uma grande coliga\u00e7\u00e3o de ex-querda, comandada pelo PT.<\/p>\n<p>As pesquisas d\u00e3o entre 45 e 47% ao candidato, mas&#8230; Vamos, novamente, desafinar o coro dos contentes. Historicamente, o lulismo, que sempre foi maior do que o petismo, tem algo na casa de um ter\u00e7o do eleitorado. Portanto, mesmo com o descalabro do atual governo \u00e9 muito dif\u00edcil crer que Lula tenha quase a metade do eleitorado. As pr\u00f3prias pesquisas mostram uma rejei\u00e7\u00e3o ao ex-presidente de mais de 30%.<\/p>\n<p>Avalio que essa candidatura, que pode se transformar no maior estelionato eleitoral da nossa hist\u00f3ria, tenha algo em torno de 35% do eleitorado.<\/p>\n<p>Sobre o terceiro postulante, n\u00e3o confundam por favor com \u201cTerceira Via\u201d, hoje na nona vers\u00e3o, Simone Tebet, de quem n\u00e3o falarei nesse texto, mas Ciro, aquele mesmo que tinha 5% em agosto de 2018, segundo as pesquisas, e chegou a 12,5% nas urnas.<\/p>\n<p>Desculpem a sinceridade, mas n\u00e3o creio nesses hipot\u00e9ticos 8% das atuais pesquisas. N\u00e3o \u00e9 cr\u00edvel que uma candidatura que, mesmo em uma elei\u00e7\u00e3o muito mais adversa, com uma fort\u00edssima onda bolsonarista, menos organiza\u00e7\u00e3o e milit\u00e2ncia, comece em um patamar menor do que o anterior. Ciro deve ter algo na casa dos 15%, ou seja, continua, para desespero da classe dominante, no jogo.<\/p>\n<p>Nesses dois meses \u00e9 necess\u00e1rio dobrar a vota\u00e7\u00e3o de Ciro. O tempo \u00e9 curto, a tarefa \u00e9 desafiadora, mas a miss\u00e3o de cada um de n\u00f3s \u00e9 conquistar, pelo menos, mais dois votos para o Projeto Nacional de Desenvolvimento, tirar Bolsonaro do segundo turno e travar o debate com o PT, o lulismo e suas contradi\u00e7\u00f5es.<\/p>\n<p>Come\u00e7o agora as minhas preces para S\u00e3o Jo\u00e3o. S\u00e3o Jo\u00e3o Santana&#8230;<\/p>\n<p><strong>(*) Lindinor Larangeira \u00e9 jornalista.<\/strong><\/p>\n<!-- AddThis Advanced Settings generic via filter on the_content --><!-- AddThis Share Buttons generic via filter on the_content -->","protected":false},"excerpt":{"rendered":"<p>Faltando dois meses para as elei\u00e7\u00f5es presidenciais deste ano, as pesquisas teimam em manter Ciro Gomes \u201ccolado\u201d nos 8%. Fato muito parecido com o que aconteceu em 2018 porque Ciro tem muito mais Faltam exatos dois meses para as elei\u00e7\u00f5es. Uma disputa, como reiteradamente falamos neste espa\u00e7o, restrita a tr\u00eas candidatos com chances de vit\u00f3ria&#8230;.<!-- AddThis Advanced Settings generic via filter on wp_trim_excerpt --><!-- AddThis Share Buttons generic via filter on wp_trim_excerpt --><\/p>\n","protected":false},"author":17,"featured_media":83075,"comment_status":"closed","ping_status":"closed","sticky":false,"template":"","format":"standard","meta":{"_monsterinsights_skip_tracking":false,"_monsterinsights_sitenote_active":false,"_monsterinsights_sitenote_note":"","_monsterinsights_sitenote_category":0,"_uf_show_specific_survey":0,"_uf_disable_surveys":false,"footnotes":""},"categories":[1584,1390],"tags":[],"class_list":["post-83074","post","type-post","status-publish","format-standard","has-post-thumbnail","hentry","category-artigos","category-editorias"],"acf":[],"_links":{"self":[{"href":"https:\/\/pdt-rj.org.br\/index.php\/wp-json\/wp\/v2\/posts\/83074","targetHints":{"allow":["GET"]}}],"collection":[{"href":"https:\/\/pdt-rj.org.br\/index.php\/wp-json\/wp\/v2\/posts"}],"about":[{"href":"https:\/\/pdt-rj.org.br\/index.php\/wp-json\/wp\/v2\/types\/post"}],"author":[{"embeddable":true,"href":"https:\/\/pdt-rj.org.br\/index.php\/wp-json\/wp\/v2\/users\/17"}],"replies":[{"embeddable":true,"href":"https:\/\/pdt-rj.org.br\/index.php\/wp-json\/wp\/v2\/comments?post=83074"}],"version-history":[{"count":1,"href":"https:\/\/pdt-rj.org.br\/index.php\/wp-json\/wp\/v2\/posts\/83074\/revisions"}],"predecessor-version":[{"id":83076,"href":"https:\/\/pdt-rj.org.br\/index.php\/wp-json\/wp\/v2\/posts\/83074\/revisions\/83076"}],"wp:featuredmedia":[{"embeddable":true,"href":"https:\/\/pdt-rj.org.br\/index.php\/wp-json\/wp\/v2\/media\/83075"}],"wp:attachment":[{"href":"https:\/\/pdt-rj.org.br\/index.php\/wp-json\/wp\/v2\/media?parent=83074"}],"wp:term":[{"taxonomy":"category","embeddable":true,"href":"https:\/\/pdt-rj.org.br\/index.php\/wp-json\/wp\/v2\/categories?post=83074"},{"taxonomy":"post_tag","embeddable":true,"href":"https:\/\/pdt-rj.org.br\/index.php\/wp-json\/wp\/v2\/tags?post=83074"}],"curies":[{"name":"wp","href":"https:\/\/api.w.org\/{rel}","templated":true}]}}