{"id":83063,"date":"2022-08-03T14:20:59","date_gmt":"2022-08-03T17:20:59","guid":{"rendered":"https:\/\/pdt-rj.org.br\/?p=83063"},"modified":"2022-08-03T14:34:25","modified_gmt":"2022-08-03T17:34:25","slug":"niteroi-vai-celebrar-com-shows-os-50-anos-do-lp-clube-da-esquina","status":"publish","type":"post","link":"https:\/\/pdt-rj.org.br\/index.php\/niteroi-vai-celebrar-com-shows-os-50-anos-do-lp-clube-da-esquina\/","title":{"rendered":"Niter\u00f3i vai celebrar com shows os 50 anos do LP \u201cClube da Esquina\u201d"},"content":{"rendered":"<p><strong>Evento foi idealizado pelo prefeito Axel Grael e pelo ex-presidente da Funda\u00e7\u00e3o de Arte de Niter\u00f3i<\/strong><\/p>\n<p>Os 50 anos do LP duplo \u201cClube da Esquina\u201d, o movimento mineiro que foi marco na m\u00fasica popular brasileira reunindo os compositores Milton Nascimento, L\u00f4 Borges, Beto Guedes, Wagner Tiso e Toninho Horta, entre outros, ser\u00e3o celebrados em Niter\u00f3i de 22 a 25 de setembro com uma s\u00e9rie de shows por iniciativa da prefeitura. Foi na prainha de Piratininga, na regi\u00e3o Oce\u00e2nica de Niter\u00f3i, que nasceram muitas das m\u00fasicas do disco lan\u00e7ado em 1972.<\/p>\n<p>Milton Nascimento trouxe L\u00f4 Borges e Beto Guedes para Niter\u00f3i para planejar o disco, em casa alugada na Prainha de Piratininga, tamb\u00e9m chamada de Mar Azul, e foi l\u00e1 que compuseram alguns dos v\u00e1rios sucessos que integram o disco e marcaram \u00e9poca. Para homenagear os 50 anos do lan\u00e7amento, o prefeito Axel Grael e o ex-presidente da Funda\u00e7\u00e3o de Arte de Niter\u00f3i (FAN), Marcos Sabino, junto com a produtora Frances Pina, idealizaram a celebra\u00e7\u00e3o.<\/p>\n<p>Segundo Wagner Tiso, quando Milton, L\u00f4 Borges e Beto Guedes vieram para Niter\u00f3i, passou tamb\u00e9m a vir com frequ\u00eancia \u00e0 cidade e foi em Piratininga, na Prainha, que ele e Luiz Alves compuseram a m\u00fasica \u201cMar Azul\u201d, que faz parte do disco.<\/p>\n<p>A programa\u00e7\u00e3o pelos 50 anos do \u201cClube da Esquina\u201d inclui apresenta\u00e7\u00f5es de Wagner Tiso e Toninho Horta, no dia 22 de setembro, no Teatro Municipal de Niter\u00f3i; show de L\u00f4 Borges no Palco Mar Azul, que ser\u00e1 montado na praia de Piratininga e, no mesmo palco, no dia seguinte, artistas niteroienses homenagear\u00e3o Milton Nascimento com o show \u201cViva Milton, o nosso Bituca\u201d. Na sequ\u00eancia, Beto Guedes tamb\u00e9m se apresentar\u00e1 no local.<\/p>\n<p>No dia 25 de setembro, em S\u00e3o Francisco, na Pra\u00e7a do R\u00e1dio Amador, as celebra\u00e7\u00f5es se encerram com o show \u201cOs sonhos n\u00e3o envelhecem\u201d que reunir\u00e1 Wagner Tiso, Beto Guedes, Toninho Horta e o grupo Som Imagin\u00e1rio.<\/p>\n<p>\u201cRetornar a Niter\u00f3i agora, ap\u00f3s tanto tempo, para celebrar os 50 anos do Clube da Esquina, ser\u00e1 especial\u201d, disse Tiso, lembrando que quando participou do \u201cClube da Esquina\u201d j\u00e1 era profissional, mas em come\u00e7o de carreira, rec\u00e9m-chegado de Minas, quando tudo era dif\u00edcil.<\/p>\n<p>O \u201cClube da Esquina\u201d foi um movimento que reuniu m\u00fasicos, compositores e letristas na d\u00e9cada de 1960, em Belo Horizonte \u2013 entre eles Milton Nascimento, Toninho Horta, Wagner Tiso, L\u00f4 Borges, Beto Guedes e M\u00e1rcio Borges.\u00a0 M\u00fasicos inovadores e com sonoridade pr\u00f3pria, fundindo Bossa Nova com elementos do jazz, do rock e da m\u00fasica folcl\u00f3rica dos negros e mineira, al\u00e9m de m\u00fasica erudita e m\u00fasica hisp\u00e2nica.<\/p>\n<p>Nos anos 70, esses artistas tornaram-se refer\u00eancia de qualidade na MPB pelo alto n\u00edvel de suas composi\u00e7\u00f5es. O Clube da Esquina nasceu da grande amizade entre Milton Nascimento e os irm\u00e3os Borges (Marilton, M\u00e1rcio e L\u00f4), no bairro de Santa Tereza, em Belo Horizonte, na d\u00e9cada de 1960. A amizade come\u00e7ou em 1963, depois que Milton chegou \u00e0 capital para estudar e trabalhar, vindo de Tr\u00eas Pontas, indo morar no Edif\u00edcio Levy, em BH, onde morava a fam\u00edlia Borges. Para conversar sobre m\u00fasica e tocar, o pequeno grupo se reunia na esquina das ruas Divin\u00f3polis e Parais\u00f3polis, da\u00ed o nome Clube da Esquina.<\/p>\n<p>Al\u00e9m de Milton, Tiso e os irm\u00e3os Borges, Fernando Brant, Nivaldo Ornelas, Toninho Horta e Paulo Braga tamb\u00e9m se reuniam para cantar no mesmo local.\u00a0 Em 1972, ap\u00f3s se tornar um dos maiores nomes da m\u00fasica brasileira, Milton Nascimento prop\u00f4s \u00e0 gravadora EMI-Odeon a produ\u00e7\u00e3o de um \u00e1lbum duplo, em que reuniria os m\u00fasicos mineiros que j\u00e1 se destacavam. Milton ent\u00e3o convidou L\u00f4 Borges e Beto Guedes para se reunirem no Rio, da\u00ed alugaram a casa na Prainha de Piratininga.<\/p>\n<p>O \u00e1lbum duplo inclui m\u00fasicas, que viraram sucesso, como \u201cUm Girassol da Cor do Seu Cabelo\u201d, \u201cTudo o Que Voc\u00ea Podia Ser\u201d, \u201cO Trem Azul\u201d; \u201cPaisagem da Janela\u201d; \u201cSa\u00eddas e Bandeiras N\u00ba2\u201d; \u201cCais\u201d, \u201cNada Ser\u00e1 Como Antes\u201d, \u201cUm Gosto de Sol\u201d, \u201cSan Vicente\u201d; \u201cCravo e Canela\u201d, \u201cMar Azul\u201d, al\u00e9m de m\u00fasicas folcl\u00f3ricas de Minas.<\/p>\n<!-- AddThis Advanced Settings generic via filter on the_content --><!-- AddThis Share Buttons generic via filter on the_content -->","protected":false},"excerpt":{"rendered":"<p>Evento foi idealizado pelo prefeito Axel Grael e pelo ex-presidente da Funda\u00e7\u00e3o de Arte de Niter\u00f3i Os 50 anos do LP duplo \u201cClube da Esquina\u201d, o movimento mineiro que foi marco na m\u00fasica popular brasileira reunindo os compositores Milton Nascimento, L\u00f4 Borges, Beto Guedes, Wagner Tiso e Toninho Horta, entre outros, ser\u00e3o celebrados em Niter\u00f3i&#8230;<!-- AddThis Advanced Settings generic via filter on wp_trim_excerpt --><!-- AddThis Share Buttons generic via filter on wp_trim_excerpt --><\/p>\n","protected":false},"author":17,"featured_media":83072,"comment_status":"closed","ping_status":"closed","sticky":false,"template":"","format":"standard","meta":{"_monsterinsights_skip_tracking":false,"_monsterinsights_sitenote_active":false,"_monsterinsights_sitenote_note":"","_monsterinsights_sitenote_category":0,"_uf_show_specific_survey":0,"_uf_disable_surveys":false,"footnotes":""},"categories":[1390,1402],"tags":[],"class_list":["post-83063","post","type-post","status-publish","format-standard","has-post-thumbnail","hentry","category-editorias","category-cidades"],"acf":[],"_links":{"self":[{"href":"https:\/\/pdt-rj.org.br\/index.php\/wp-json\/wp\/v2\/posts\/83063","targetHints":{"allow":["GET"]}}],"collection":[{"href":"https:\/\/pdt-rj.org.br\/index.php\/wp-json\/wp\/v2\/posts"}],"about":[{"href":"https:\/\/pdt-rj.org.br\/index.php\/wp-json\/wp\/v2\/types\/post"}],"author":[{"embeddable":true,"href":"https:\/\/pdt-rj.org.br\/index.php\/wp-json\/wp\/v2\/users\/17"}],"replies":[{"embeddable":true,"href":"https:\/\/pdt-rj.org.br\/index.php\/wp-json\/wp\/v2\/comments?post=83063"}],"version-history":[{"count":2,"href":"https:\/\/pdt-rj.org.br\/index.php\/wp-json\/wp\/v2\/posts\/83063\/revisions"}],"predecessor-version":[{"id":83073,"href":"https:\/\/pdt-rj.org.br\/index.php\/wp-json\/wp\/v2\/posts\/83063\/revisions\/83073"}],"wp:featuredmedia":[{"embeddable":true,"href":"https:\/\/pdt-rj.org.br\/index.php\/wp-json\/wp\/v2\/media\/83072"}],"wp:attachment":[{"href":"https:\/\/pdt-rj.org.br\/index.php\/wp-json\/wp\/v2\/media?parent=83063"}],"wp:term":[{"taxonomy":"category","embeddable":true,"href":"https:\/\/pdt-rj.org.br\/index.php\/wp-json\/wp\/v2\/categories?post=83063"},{"taxonomy":"post_tag","embeddable":true,"href":"https:\/\/pdt-rj.org.br\/index.php\/wp-json\/wp\/v2\/tags?post=83063"}],"curies":[{"name":"wp","href":"https:\/\/api.w.org\/{rel}","templated":true}]}}