{"id":83049,"date":"2022-08-02T16:27:56","date_gmt":"2022-08-02T19:27:56","guid":{"rendered":"https:\/\/pdt-rj.org.br\/?p=83049"},"modified":"2022-08-02T16:27:56","modified_gmt":"2022-08-02T19:27:56","slug":"prefeitura-de-niteroi-ja-alcancou-53-das-metas-tracadas-para-este-ano","status":"publish","type":"post","link":"https:\/\/pdt-rj.org.br\/index.php\/prefeitura-de-niteroi-ja-alcancou-53-das-metas-tracadas-para-este-ano\/","title":{"rendered":"Prefeitura de Niter\u00f3i j\u00e1 alcan\u00e7ou 53% das metas tra\u00e7adas para este ano"},"content":{"rendered":"<p><strong>Plano de Metas Anual \u00e9 uma das ferramentas utilizadas pela administra\u00e7\u00e3o para modernizar a gest\u00e3o<\/strong><\/p>\n<p>A Prefeitura de Niter\u00f3i, administrada pelo PDT, j\u00e1 alcan\u00e7ou cerca de 53% das metas tra\u00e7adas para este ano. O resultado foi apresentado nesta sexta-feira (29), no 9\u00b0 Encontro de Gestores, que teve a presen\u00e7a de todos os secret\u00e1rios e dos presidentes das empresas municipais do munic\u00edpio. Entre os destaques est\u00e3o a moderniza\u00e7\u00e3o da gest\u00e3o, com iniciativas de digitaliza\u00e7\u00e3o dos servi\u00e7os da Prefeitura, com o objetivo de desburocratizar e agilizar o atendimento \u00e0 popula\u00e7\u00e3o.<\/p>\n<p>O Plano de Metas Anual \u00e9 uma das ferramentas utilizadas pela administra\u00e7\u00e3o para modernizar a gest\u00e3o da cidade e planejar o crescimento sustent\u00e1vel de Niter\u00f3i. Cada secret\u00e1rio apresenta um balan\u00e7o das a\u00e7\u00f5es de sua pasta e explicou quais etapas j\u00e1 foram cumpridas, quais est\u00e3o em andamento e qual o status de cada uma delas. O planejamento \u00e9 alinhado com os demais instrumentos de planejamento do governo, como o Plano Plurianual e o Plano Estrat\u00e9gico Niter\u00f3i Que Queremos e o resultado da consulta p\u00fablica Participa Niter\u00f3i 2022-2025.<\/p>\n<p>\u201cNos reunimos com todo o secretariado, dirigentes de \u00f3rg\u00e3os e autarquias, imersos em muito planejamento e monitoramento das metas neste 9\u00b0 Encontro de Gestores. Tivemos um grande progresso geral, avan\u00e7amos at\u00e9 agora cerca de 53% das metas. Atrav\u00e9s do Plano Niter\u00f3i 450, nossa cidade vem recebendo um dos maiores investimentos da hist\u00f3ria, perpassando todas as \u00e1reas da administra\u00e7\u00e3o municipal\u201d, destacou Axel Grael.<\/p>\n<p>A Secretaria Municipal de Planejamento, Or\u00e7amento e Moderniza\u00e7\u00e3o da Gest\u00e3o anunciou a amplia\u00e7\u00e3o do projeto \u201cPrefeitura sem Papel\u201d. Uma das metas em destaque \u00e9 a implanta\u00e7\u00e3o do processo eletr\u00f4nico para tramitar os processos administrativos da Prefeitura de Niter\u00f3i. Atualmente, j\u00e1 s\u00e3o mais de mil servidores ativos e capacitados para o uso do sistema e-CIGA, com mais de 3 mil processos tramitados ou em tramita\u00e7\u00e3o. Em setembro, ser\u00e1 realizada mais uma expans\u00e3o de tipos processuais eletr\u00f4nicos, com foco nos processos de aquisi\u00e7\u00e3o. Com a expans\u00e3o do processo eletr\u00f4nico, ser\u00e3o reduzidas 12 toneladas de folhas impressas ao ano, gerando uma economia de R$ 360 mil.<\/p>\n<p>\u201cAo fim do primeiro semestre de 2022, a Prefeitura alcan\u00e7ou mais de 50% das metas pactuadas pelos \u00f3rg\u00e3os. Este \u00e9 um resultado expressivo, que demonstra o compromisso do Executivo com a popula\u00e7\u00e3o, em aprimorar as pol\u00edticas p\u00fablicas e servi\u00e7os para o cidad\u00e3o. Atuamos por meio de uma gest\u00e3o orientada para resultados e neste sentido o encontro de gestores \u00e9 o espa\u00e7o para integra\u00e7\u00e3o do secretariado e das equipes e que permite o monitoramento das metas pactuadas ao in\u00edcio do ano. Mais uma vez, Niter\u00f3i ser\u00e1 pioneira ao implementar a Estrat\u00e9gia de Governo Digital, investindo na implementa\u00e7\u00e3o do processo eletr\u00f4nico e na transforma\u00e7\u00e3o digital dos servi\u00e7os\u201d, disse Ellen Benedetti, secret\u00e1ria de Planejamento.<\/p>\n<p>Dentre os resultados apresentados, destaca-se a \u00e1rea de resultado Niter\u00f3i Inclusiva, com 68% de execu\u00e7\u00e3o das metas. As entregas, que tem o objetivo de promover oportunidades para a popula\u00e7\u00e3o com menos condi\u00e7\u00e3o de acess\u00e1-las, incluem a finaliza\u00e7\u00e3o das obras de adequa\u00e7\u00e3o de nove equipamentos socioassistenciais (Centro POP, CRAS Centro, entre outros), a inaugura\u00e7\u00e3o da casa de Direitos Humanos e a implementa\u00e7\u00e3o do programa Aprova Jovem presencial, com a disponibiliza\u00e7\u00e3o de 100 vagas, al\u00e9m da inaugura\u00e7\u00e3o de quatro ag\u00eancias do Banco Arariboia.<\/p>\n<p>Outro eixo em destaque \u00e9 o Niter\u00f3i Eficiente e Comprometida, com 55% de execu\u00e7\u00e3o das metas, o que corrobora o compromisso do Munic\u00edpio de Niter\u00f3i em proporcionar ao cidad\u00e3o cada vez mais uma gest\u00e3o transparente, eficiente, participativa e digital. Nessa \u00e1rea de resultado destacam-se as entregas relacionadas ao planejamento participativo nas comunidades (Participa Comunidades), que ouviu os moradores de Niter\u00f3i sobre as melhorias desejadas para as comunidades, auxiliando na elabora\u00e7\u00e3o do Plano Niter\u00f3i 450 anos, eixo Comunidades. Outra entrega foi a adequa\u00e7\u00e3o da pol\u00edtica de investimento do fundo previdenci\u00e1rio e o aumento da participa\u00e7\u00e3o social nas pol\u00edticas p\u00fablicas municipais com a realiza\u00e7\u00e3o de quatro consultas p\u00fablicas.<\/p>\n<p>J\u00e1 a Secretaria Municipal de Assist\u00eancia Social e Economia Solid\u00e1ria (SMASES) destacou a import\u00e2ncia de inclus\u00e3o da plataforma digital para regula\u00e7\u00e3o de popula\u00e7\u00e3o adulta aos abrigos e a implanta\u00e7\u00e3o do programa Qualificar, com 200 vagas em cursos profissionalizantes no Senai para pessoas em situa\u00e7\u00e3o de rua.<\/p>\n<p>At\u00e9 o fim do ano, outras importantes entregas ainda ser\u00e3o realizadas, como o in\u00edcio das obras de reforma de mais cinco m\u00f3dulos do Programa M\u00e9dico de Fam\u00edlia, al\u00e9m dos outros cinco que j\u00e1 est\u00e3o em andamento; a finaliza\u00e7\u00e3o da\u00a0implanta\u00e7\u00e3o de mais cinco novas quadras poliesportivas em unidades educacionais municipais, completando seis unidades at\u00e9 o fim do ano (a quadra da E.M. Dom Jos\u00e9 Pereira Alves j\u00e1 foi finalizada); expans\u00e3o do efetivo da Guarda Municipal; melhorias habitacionais; e a finaliza\u00e7\u00e3o das obras de drenagem e pavimenta\u00e7\u00e3o nas vias do Engenho do Mato, onde sete ruas j\u00e1 foram pavimentadas at\u00e9 o momento.<\/p>\n<!-- AddThis Advanced Settings generic via filter on the_content --><!-- AddThis Share Buttons generic via filter on the_content -->","protected":false},"excerpt":{"rendered":"<p>Plano de Metas Anual \u00e9 uma das ferramentas utilizadas pela administra\u00e7\u00e3o para modernizar a gest\u00e3o A Prefeitura de Niter\u00f3i, administrada pelo PDT, j\u00e1 alcan\u00e7ou cerca de 53% das metas tra\u00e7adas para este ano. O resultado foi apresentado nesta sexta-feira (29), no 9\u00b0 Encontro de Gestores, que teve a presen\u00e7a de todos os secret\u00e1rios e dos&#8230;<!-- AddThis Advanced Settings generic via filter on wp_trim_excerpt --><!-- AddThis Share Buttons generic via filter on wp_trim_excerpt --><\/p>\n","protected":false},"author":17,"featured_media":83050,"comment_status":"closed","ping_status":"closed","sticky":false,"template":"","format":"standard","meta":{"_monsterinsights_skip_tracking":false,"_monsterinsights_sitenote_active":false,"_monsterinsights_sitenote_note":"","_monsterinsights_sitenote_category":0,"_uf_show_specific_survey":0,"_uf_disable_surveys":false,"footnotes":""},"categories":[1390,1402],"tags":[],"class_list":["post-83049","post","type-post","status-publish","format-standard","has-post-thumbnail","hentry","category-editorias","category-cidades"],"acf":[],"_links":{"self":[{"href":"https:\/\/pdt-rj.org.br\/index.php\/wp-json\/wp\/v2\/posts\/83049","targetHints":{"allow":["GET"]}}],"collection":[{"href":"https:\/\/pdt-rj.org.br\/index.php\/wp-json\/wp\/v2\/posts"}],"about":[{"href":"https:\/\/pdt-rj.org.br\/index.php\/wp-json\/wp\/v2\/types\/post"}],"author":[{"embeddable":true,"href":"https:\/\/pdt-rj.org.br\/index.php\/wp-json\/wp\/v2\/users\/17"}],"replies":[{"embeddable":true,"href":"https:\/\/pdt-rj.org.br\/index.php\/wp-json\/wp\/v2\/comments?post=83049"}],"version-history":[{"count":1,"href":"https:\/\/pdt-rj.org.br\/index.php\/wp-json\/wp\/v2\/posts\/83049\/revisions"}],"predecessor-version":[{"id":83051,"href":"https:\/\/pdt-rj.org.br\/index.php\/wp-json\/wp\/v2\/posts\/83049\/revisions\/83051"}],"wp:featuredmedia":[{"embeddable":true,"href":"https:\/\/pdt-rj.org.br\/index.php\/wp-json\/wp\/v2\/media\/83050"}],"wp:attachment":[{"href":"https:\/\/pdt-rj.org.br\/index.php\/wp-json\/wp\/v2\/media?parent=83049"}],"wp:term":[{"taxonomy":"category","embeddable":true,"href":"https:\/\/pdt-rj.org.br\/index.php\/wp-json\/wp\/v2\/categories?post=83049"},{"taxonomy":"post_tag","embeddable":true,"href":"https:\/\/pdt-rj.org.br\/index.php\/wp-json\/wp\/v2\/tags?post=83049"}],"curies":[{"name":"wp","href":"https:\/\/api.w.org\/{rel}","templated":true}]}}