{"id":83044,"date":"2022-08-01T15:56:03","date_gmt":"2022-08-01T18:56:03","guid":{"rendered":"https:\/\/pdt-rj.org.br\/?p=83044"},"modified":"2022-08-01T15:56:31","modified_gmt":"2022-08-01T18:56:31","slug":"parques-bom-para-cachorro-por-everton-gomes","status":"publish","type":"post","link":"https:\/\/pdt-rj.org.br\/index.php\/parques-bom-para-cachorro-por-everton-gomes\/","title":{"rendered":"&#8220;Parques bom para cachorro&#8221;, por Everton Gomes"},"content":{"rendered":"<p><strong>&#8220;Parc\u00e3o&#8221; deve ser um lugar em que os pets e seu tutor tenham conforto<\/strong><\/p>\n<p>Os parques s\u00e3o espa\u00e7os de lazer e bem-estar dentro das grandes cidades: verdadeiros o\u00e1sis em meio a uma vida ca\u00f3tica e complexa, na qual as pessoas cada vez tem menos contato com a Natureza. Nestes espa\u00e7os \u2013 ess\u00eancias para a qualidade de vida \u2013, tornou-se uma cena rotineira tamb\u00e9m a presen\u00e7a de animais, especialmente c\u00e3es. Nossos \u201caumiguinhos\u201d tamb\u00e9m s\u00e3o levados por seus donos como companheiros em caminhadas, em exerc\u00edcios; ou apenas para dispor de um lugar amplo para brincar e relaxar.<\/p>\n<p>Sabedores destas presen\u00e7a ilustres \u2013 de pequeno ou grande porte \u2013, alguns planejadores urbanos desenvolveram espa\u00e7os exclusivos para os pets. Sim! Agora, em muitos parques tamb\u00e9m temos \u00e1reas destinadas para a cachorrada: os parc\u00f5es.<\/p>\n<p>O parc\u00e3o deve ser um lugar em que os pets e seu tutor tenham conforto; de prefer\u00eancia dos dois. Ali, podemos encontrar atividades que permitam ao animal explorar suas condi\u00e7\u00f5es f\u00edsicas e mentais \u2013 correr, pular, brincar, latir \u2013 sem que isto seja um inc\u00f4modo para ningu\u00e9m; j\u00e1 que o local ali \u00e9 deles. Nestas \u00e1reas a ele reservadas, pode agu\u00e7ar seu instinto animal; treinar seu esp\u00edrito de lideran\u00e7a; ou mesmo conhecer outros c\u00e3es tamb\u00e9m frequentadores.<\/p>\n<p>Pensando-se em um passeio sem problemas, \u00e9 necess\u00e1rio que nos espa\u00e7os existam regras de conviv\u00eancia, seguran\u00e7a e higiene. Afinal, ao passear com seu peludo n\u00e3o queremos eventuais acidentes. N\u00e3o \u00e9 aconselh\u00e1vel alimentar os animais no lugar, pois isto pode produzir brigas pela disputa pelo alimento, cada vez mais sofisticado e cheiroso. Ainda \u00e9 aconselh\u00e1vel que a guia e a coleira sempre estejam \u00e0 m\u00e3o; \u00e9 oportuno lembrarmos que muitas cidades possuem legisla\u00e7\u00f5es especiais sobre uso da focinheira e outros itens de seguran\u00e7a para a condu\u00e7\u00e3o de c\u00e3es considerados ferozes, no espa\u00e7o p\u00fablico.<\/p>\n<p>Neste sentido, no Estado do Rio de Janeiro a focinheira \u00e9 paramento obrigat\u00f3rio, conforme o disposto na Lei 4.597\/2005. Por \u00faltimo, sempre \u00e9 bom que os tutores levem consigo sacolinhas para recolher as sujeiras do c\u00e3o, permitindo que aquele ambiente mantenha-se limpo.<\/p>\n<p>Os parc\u00f5es tamb\u00e9m se tornaram um belo espa\u00e7o para promo\u00e7\u00f5es e servi\u00e7os: feiras de ado\u00e7\u00e3o; campanhas de vacina\u00e7\u00e3o contra zoonoses; organiza\u00e7\u00e3o de competi\u00e7\u00f5es de esportes para c\u00e3es, como \u201cagility\u201d; adestramento; e, principalmente, um ponto de refer\u00eancia para pequenos eventos voltados para bem-estar e venda de produtos caninos.<\/p>\n<p>Nunca \u00e9 demais destacar que os animais s\u00e3o protegidos por uma s\u00e9rie de regramentos contra maus tratos. E nos parc\u00f5es, obviamente, condutas danosas, reprov\u00e1veis e degradantes \u2013 bem como o abandono animal \u2013 por serem tipificados como crimes, devem ser imediatamente comunicadas a autoridades p\u00fablicas, evitando sofrimentos de nossos melhores amigos.<\/p>\n<p>No Rio j\u00e1 existem muitos espa\u00e7os em que os animais s\u00e3o bem-vindos. O ParC\u00e3o da Lagoa \u00e9 um belo exemplo. Hoje, o espa\u00e7o \u00e9 adotado e recebe cuidados e manuten\u00e7\u00e3o constante sendo uma boa op\u00e7\u00e3o para quem deseja dar um passeio na zona sul. A Pra\u00e7a Antero de Quental, no Leblon, acaba de receber um belo espa\u00e7o todo feito de material reciclado. Uma \u00f3tima iniciativa!<\/p>\n<p>Infelizmente, nem sempre \u00e9 assim. Na Ilha do Governador, mais especificamente no Moner\u00f3, existe um dos poucos parc\u00f5es do bairro. L\u00e1, os moradores reclamam que o local escolhido para a instala\u00e7\u00e3o do espa\u00e7o n\u00e3o foi o melhor. Sua conserva\u00e7\u00e3o \u00e9 uma das mais prec\u00e1rias que presenciamos, ao longo das vistorias \u2013 blitz cidad\u00e3 do coletivo Rio boa Pra\u00e7a \u2013 que fazemos nas \u00e1reas verdes da cidade: mato alto; gradil comprometido (enferrujado e quebrado); al\u00e9m de os port\u00f5es totalmente quebrados, gerando inseguran\u00e7a para os usu\u00e1rios. Um horror!<\/p>\n<p>Pensando no bem-estar animal nos somamos aos apaixonados por esta bela solu\u00e7\u00e3o urbana, que pode permitir uma boa rela\u00e7\u00e3o entre os diferentes perfis de usu\u00e1rios dos parques e pra\u00e7as da cidade. Defendemos que os parc\u00f5es sejam melhor cuidados; e, no cada vez, mais lugares do Rio os recebam. Nossos aumiguinhos v\u00e3o adorar \u2013 afinal, quem n\u00e3o quer um lugarzinho pra dizer que \u00e9 seu?<\/p>\n<!-- AddThis Advanced Settings generic via filter on the_content --><!-- AddThis Share Buttons generic via filter on the_content -->","protected":false},"excerpt":{"rendered":"<p>&#8220;Parc\u00e3o&#8221; deve ser um lugar em que os pets e seu tutor tenham conforto Os parques s\u00e3o espa\u00e7os de lazer e bem-estar dentro das grandes cidades: verdadeiros o\u00e1sis em meio a uma vida ca\u00f3tica e complexa, na qual as pessoas cada vez tem menos contato com a Natureza. Nestes espa\u00e7os \u2013 ess\u00eancias para a qualidade&#8230;<!-- AddThis Advanced Settings generic via filter on wp_trim_excerpt --><!-- AddThis Share Buttons generic via filter on wp_trim_excerpt --><\/p>\n","protected":false},"author":17,"featured_media":83045,"comment_status":"closed","ping_status":"closed","sticky":false,"template":"","format":"standard","meta":{"_monsterinsights_skip_tracking":false,"_monsterinsights_sitenote_active":false,"_monsterinsights_sitenote_note":"","_monsterinsights_sitenote_category":0,"_uf_show_specific_survey":0,"_uf_disable_surveys":false,"footnotes":""},"categories":[1584,1390],"tags":[],"class_list":["post-83044","post","type-post","status-publish","format-standard","has-post-thumbnail","hentry","category-artigos","category-editorias"],"acf":[],"_links":{"self":[{"href":"https:\/\/pdt-rj.org.br\/index.php\/wp-json\/wp\/v2\/posts\/83044","targetHints":{"allow":["GET"]}}],"collection":[{"href":"https:\/\/pdt-rj.org.br\/index.php\/wp-json\/wp\/v2\/posts"}],"about":[{"href":"https:\/\/pdt-rj.org.br\/index.php\/wp-json\/wp\/v2\/types\/post"}],"author":[{"embeddable":true,"href":"https:\/\/pdt-rj.org.br\/index.php\/wp-json\/wp\/v2\/users\/17"}],"replies":[{"embeddable":true,"href":"https:\/\/pdt-rj.org.br\/index.php\/wp-json\/wp\/v2\/comments?post=83044"}],"version-history":[{"count":2,"href":"https:\/\/pdt-rj.org.br\/index.php\/wp-json\/wp\/v2\/posts\/83044\/revisions"}],"predecessor-version":[{"id":83047,"href":"https:\/\/pdt-rj.org.br\/index.php\/wp-json\/wp\/v2\/posts\/83044\/revisions\/83047"}],"wp:featuredmedia":[{"embeddable":true,"href":"https:\/\/pdt-rj.org.br\/index.php\/wp-json\/wp\/v2\/media\/83045"}],"wp:attachment":[{"href":"https:\/\/pdt-rj.org.br\/index.php\/wp-json\/wp\/v2\/media?parent=83044"}],"wp:term":[{"taxonomy":"category","embeddable":true,"href":"https:\/\/pdt-rj.org.br\/index.php\/wp-json\/wp\/v2\/categories?post=83044"},{"taxonomy":"post_tag","embeddable":true,"href":"https:\/\/pdt-rj.org.br\/index.php\/wp-json\/wp\/v2\/tags?post=83044"}],"curies":[{"name":"wp","href":"https:\/\/api.w.org\/{rel}","templated":true}]}}