{"id":83031,"date":"2022-07-28T16:00:10","date_gmt":"2022-07-28T19:00:10","guid":{"rendered":"https:\/\/pdt-rj.org.br\/?p=83031"},"modified":"2022-08-09T22:03:56","modified_gmt":"2022-08-10T01:03:56","slug":"ciro-almeja-revolucao-na-educacao-publica-ao-nacionalizar-padrao-do-ceara","status":"publish","type":"post","link":"https:\/\/pdt-rj.org.br\/index.php\/ciro-almeja-revolucao-na-educacao-publica-ao-nacionalizar-padrao-do-ceara\/","title":{"rendered":"Ciro almeja revolu\u00e7\u00e3o na educa\u00e7\u00e3o p\u00fablica ao nacionalizar padr\u00e3o do Cear\u00e1"},"content":{"rendered":"<p style=\"font-weight: 400;\"><strong>Presidenci\u00e1vel do PDT pretende colocar ensino do Brasil entre os dez melhores do mundo \u00a0<\/strong><\/p>\n<p style=\"font-weight: 400;\">Na sabatina promovida pela GloboNews nesta quarta-feira (27), o candidato do PDT a presidente da Rep\u00fablica, Ciro Gomes, projetou uma \u201crevolu\u00e7\u00e3o na educa\u00e7\u00e3o\u201d ao propor, a partir de 2023, a nacionaliza\u00e7\u00e3o do exitoso padr\u00e3o implantado no Cear\u00e1. Para o ex-governador, a qualifica\u00e7\u00e3o do ensino p\u00fablico, que \u00e9 prioridade no Projeto Nacional de Desenvolvimento (PND), colocar\u00e1 o Brasil entre os \u201cdez melhores do mundo no prazo de 15 anos\u201d.<\/p>\n<p style=\"font-weight: 400;\">\u201cPretendo que o centro do meu programa de governo seja uma revolu\u00e7\u00e3o na educa\u00e7\u00e3o, porque sem isso nada mais \u00e9 vi\u00e1vel e todo o resto \u00e9 mentira. Ou a gente educa o nosso povo, prepara para a economia do conhecimento e para as tecnologias disruptivas ou nada mais vai acontecer\u201d, afirmou.<\/p>\n<p style=\"font-weight: 400;\">Ao vincular os resultados positivos de longo prazo \u00e0 \u201cconcep\u00e7\u00e3o de estadista\u201d da sua gest\u00e3o no estado, o pedetista detalhou a efetividade das pol\u00edticas p\u00fablicas cearenses, que ser\u00e3o replicadas a partir de um \u201cprocesso de coopera\u00e7\u00e3o federativa\u201d para fomentar a mudan\u00e7a da estrutura pedag\u00f3gica e o aumento o volume de recursos dispon\u00edveis para o setor.<\/p>\n<p style=\"font-weight: 400;\">\u201cA Uni\u00e3o vai cumprir basicamente duas grandes tarefas: a primeira \u00e9 mudar o padr\u00e3o pedag\u00f3gico. Precisamos fazer uma nova pedagogia em que o aluno ao inv\u00e9s de saber responder ele precisa saber perguntar. A segunda \u00e9 aumentar o or\u00e7amento\u201d, pontuou.<\/p>\n<p style=\"font-weight: 400;\">\u201cEu ajudei a plantar no Cear\u00e1 e estamos colhendo excelentes frutos anos depois. Agora, ningu\u00e9m nunca mais arranca essa nossa obra! E \u00e9 isso que eu quero fazer pelo Brasil\u201d, completou.<\/p>\n<p style=\"font-weight: 400;\"><strong>Conjuntura<\/strong><\/p>\n<p style=\"font-weight: 400;\">Para fortalecer as transforma\u00e7\u00f5es que julga emergenciais e indispens\u00e1veis, Ciro refor\u00e7ou a import\u00e2ncia do di\u00e1logo democr\u00e1tico sobre propostas concretas atreladas \u00e0 realidade do povo brasileiro.<\/p>\n<p style=\"font-weight: 400;\">\u201cQuero ser presidente para restaurar a autoridade da presid\u00eancia da Rep\u00fablica, que hoje est\u00e1 desmoralizada. E se faz isso propondo um novo projeto e tentando transformar as elei\u00e7\u00f5es em um debate de ideias e n\u00e3o em uma disputa entre Chico, Manuel ou Maria\u201d, disse.<\/p>\n<p style=\"font-weight: 400;\">\u201cSer\u00e1 que a \u00fanica tarefa do Brasil \u00e9 derrotar o fascismo? E o dia seguinte? E a fome? E o desemprego? E o desastre generalizado que o pa\u00eds est\u00e1 vivendo? Ou a gente discute isso, ou n\u00e3o teremos a cumplicidade necess\u00e1ria para mudar o que precisa ser mudado no pa\u00eds\u201d, concluiu.<\/p>\n<p style=\"font-weight: 400;\">Os v\u00eddeos com trechos da entrevista podem ser acessados\u00a0<a href=\"https:\/\/g1.globo.com\/globonews\/central-das-eleicoes\/playlist\/videos-central-das-eleicoes-entrevista-ciro-gomes-candidato-do-pdt.ghtml\" data-saferedirecturl=\"https:\/\/www.google.com\/url?q=https:\/\/g1.globo.com\/globonews\/central-das-eleicoes\/playlist\/videos-central-das-eleicoes-entrevista-ciro-gomes-candidato-do-pdt.ghtml&amp;source=gmail&amp;ust=1659117986285000&amp;usg=AOvVaw3oOECdeRnC7smCJQbVTZCf\">aqui<\/a>.<\/p>\n<!-- AddThis Advanced Settings generic via filter on the_content --><!-- AddThis Share Buttons generic via filter on the_content -->","protected":false},"excerpt":{"rendered":"<p>Presidenci\u00e1vel do PDT pretende colocar ensino do Brasil entre os dez melhores do mundo \u00a0 Na sabatina promovida pela GloboNews nesta quarta-feira (27), o candidato do PDT a presidente da Rep\u00fablica, Ciro Gomes, projetou uma \u201crevolu\u00e7\u00e3o na educa\u00e7\u00e3o\u201d ao propor, a partir de 2023, a nacionaliza\u00e7\u00e3o do exitoso padr\u00e3o implantado no Cear\u00e1. Para o ex-governador,&#8230;<!-- AddThis Advanced Settings generic via filter on wp_trim_excerpt --><!-- AddThis Share Buttons generic via filter on wp_trim_excerpt --><\/p>\n","protected":false},"author":17,"featured_media":83032,"comment_status":"closed","ping_status":"closed","sticky":false,"template":"","format":"standard","meta":{"_monsterinsights_skip_tracking":false,"_monsterinsights_sitenote_active":false,"_monsterinsights_sitenote_note":"","_monsterinsights_sitenote_category":0,"_uf_show_specific_survey":0,"_uf_disable_surveys":false,"footnotes":""},"categories":[1390,5416,1401],"tags":[],"class_list":["post-83031","post","type-post","status-publish","format-standard","has-post-thumbnail","hentry","category-editorias","category-ciro-gomes","category-nacional"],"acf":[],"_links":{"self":[{"href":"https:\/\/pdt-rj.org.br\/index.php\/wp-json\/wp\/v2\/posts\/83031","targetHints":{"allow":["GET"]}}],"collection":[{"href":"https:\/\/pdt-rj.org.br\/index.php\/wp-json\/wp\/v2\/posts"}],"about":[{"href":"https:\/\/pdt-rj.org.br\/index.php\/wp-json\/wp\/v2\/types\/post"}],"author":[{"embeddable":true,"href":"https:\/\/pdt-rj.org.br\/index.php\/wp-json\/wp\/v2\/users\/17"}],"replies":[{"embeddable":true,"href":"https:\/\/pdt-rj.org.br\/index.php\/wp-json\/wp\/v2\/comments?post=83031"}],"version-history":[{"count":3,"href":"https:\/\/pdt-rj.org.br\/index.php\/wp-json\/wp\/v2\/posts\/83031\/revisions"}],"predecessor-version":[{"id":83118,"href":"https:\/\/pdt-rj.org.br\/index.php\/wp-json\/wp\/v2\/posts\/83031\/revisions\/83118"}],"wp:featuredmedia":[{"embeddable":true,"href":"https:\/\/pdt-rj.org.br\/index.php\/wp-json\/wp\/v2\/media\/83032"}],"wp:attachment":[{"href":"https:\/\/pdt-rj.org.br\/index.php\/wp-json\/wp\/v2\/media?parent=83031"}],"wp:term":[{"taxonomy":"category","embeddable":true,"href":"https:\/\/pdt-rj.org.br\/index.php\/wp-json\/wp\/v2\/categories?post=83031"},{"taxonomy":"post_tag","embeddable":true,"href":"https:\/\/pdt-rj.org.br\/index.php\/wp-json\/wp\/v2\/tags?post=83031"}],"curies":[{"name":"wp","href":"https:\/\/api.w.org\/{rel}","templated":true}]}}