{"id":83018,"date":"2022-07-27T11:35:06","date_gmt":"2022-07-27T14:35:06","guid":{"rendered":"https:\/\/pdt-rj.org.br\/?p=83018"},"modified":"2022-08-02T16:35:28","modified_gmt":"2022-08-02T19:35:28","slug":"cabo-frio-realiza-conscientizacao-pelo-dia-internacional-de-protecao-dos-manguezais","status":"publish","type":"post","link":"https:\/\/pdt-rj.org.br\/index.php\/cabo-frio-realiza-conscientizacao-pelo-dia-internacional-de-protecao-dos-manguezais\/","title":{"rendered":"Cabo Frio realiza conscientiza\u00e7\u00e3o pelo Dia Internacional de Prote\u00e7\u00e3o dos Manguezais"},"content":{"rendered":"<p><strong>Evento ser\u00e1 realizado na sexta-feira (29), no Parque Natural Municipal Dormit\u00f3rio das Gar\u00e7as<\/strong><\/p>\n<p>Em comemora\u00e7\u00e3o pelo Dia Internacional de Prote\u00e7\u00e3o aos Manguezais, celebrado em 26 de julho, a Prefeitura de Cabo Frio, administrada pelo PDT, vai realizar na sexta-feira (29), um evento no Parque Natural Municipal do Dormit\u00f3rio das Gar\u00e7as, com direito \u00e0 contempla\u00e7\u00e3o do p\u00f4r do sol; revoada das aves da unidade de conserva\u00e7\u00e3o e soltura de guaiamuns.<\/p>\n<p>O evento ser\u00e1 aberto ao p\u00fablico e vai come\u00e7ar \u00e0s 16h. Na ocasi\u00e3o, ser\u00e1 realizada a exibi\u00e7\u00e3o de imagens do processo de degrada\u00e7\u00e3o e recupera\u00e7\u00e3o ambiental do Dormit\u00f3rio das Gar\u00e7as e o panorama atual da unidade, que desde o in\u00edcio do m\u00eas de julho, vem passando por uma s\u00e9rie de a\u00e7\u00f5es de revitaliza\u00e7\u00e3o.<\/p>\n<p>Um curta-metragem sobre os pescadores de guaiamum do Rio S\u00e3o Jo\u00e3o tamb\u00e9m ser\u00e1 apresentado, com falas sobre a import\u00e2ncia da prote\u00e7\u00e3o e conserva\u00e7\u00e3o da esp\u00e9cie e do trabalho realizado para a conserva\u00e7\u00e3o do manguezal do Parque Natural Municipal do Mico-Le\u00e3o-Dourado, em Tamoios.<\/p>\n<p>\u201cO guaiamum \u00e9 uma esp\u00e9cie de caranguejo de grande porte, que devido \u00e0 captura predat\u00f3ria est\u00e1 entre as esp\u00e9cies amea\u00e7adas de extin\u00e7\u00e3o. A prote\u00e7\u00e3o ao guaiamum \u00e9 importante, assim como a conscientiza\u00e7\u00e3o da import\u00e2ncia da preserva\u00e7\u00e3o dos manguezais, que s\u00e3o ecossistemas de grande import\u00e2ncia n\u00e3o s\u00f3 do ponto de vista ambiental como tamb\u00e9m social e econ\u00f4mico\u201d, afirma o bi\u00f3logo e assessor especial da Secretaria Municipal de Meio Ambiente, Diego Moura, que est\u00e1 organizando o evento do Parque Natural Municipal Dormit\u00f3rio das Gar\u00e7as.<\/p>\n<p>Segundo ele, o Dormit\u00f3rio das Gar\u00e7as \u00e9 uma Unidade de Conserva\u00e7\u00e3o Municipal s\u00edmbolo da luta dos movimentos ambientais para recupera\u00e7\u00e3o de uma \u00e1rea que, no passado, foi um majestoso manguezal na entrada da cidade de Cabo Frio.<\/p>\n<p>\u201cTrata-se tamb\u00e9m de um ecossistema que sofreu com a depreda\u00e7\u00e3o e degrada\u00e7\u00e3o ambiental resultante das a\u00e7\u00f5es de dragagem indiscriminada da Laguna de Araruama e foi alvo de grande e exitoso processo de recupera\u00e7\u00e3o ambiental, com replantio de vegeta\u00e7\u00e3o nativa de mangue e efetiva implanta\u00e7\u00e3o de Unidade de Conserva\u00e7\u00e3o com recursos exclusivamente municipais\u201d, explica.<\/p>\n<p>DIA MUNDIAL DE PROTE\u00c7\u00c3O DOS MANGUEZAIS<\/p>\n<p>O data de 26 de Julho foi institu\u00edda desde 2004 como o Dia Mundial de Prote\u00e7\u00e3o dos Manguezais. Esse dia constitui uma forma de conscientiza\u00e7\u00e3o global contra o cont\u00ednuo desaparecimento desse ecossistema e a consequente perturba\u00e7\u00e3o no modo de vida das comunidades que dependem dele.<\/p>\n<p>Por serem ambientes altamente produtivos, os manguezais s\u00e3o reconhecidos por sua import\u00e2ncia socioecon\u00f4mica. A produtividade dos ambientes marinhos depende da integridade desses ecossistemas e cerca de 75% dos peixes, crust\u00e1ceos e moluscos capturados para fins comerciais tamb\u00e9m s\u00e3o dependentes e habitam os manguezais em algum est\u00e1gio do seu ciclo de vida.<\/p>\n<p>A preserva\u00e7\u00e3o dos manguezais implica na subsist\u00eancia de pescadores, ribeirinhos, e todos aqueles que, de alguma forma, precisam desse bioma para sobreviver.<\/p>\n<!-- AddThis Advanced Settings generic via filter on the_content --><!-- AddThis Share Buttons generic via filter on the_content -->","protected":false},"excerpt":{"rendered":"<p>Evento ser\u00e1 realizado na sexta-feira (29), no Parque Natural Municipal Dormit\u00f3rio das Gar\u00e7as Em comemora\u00e7\u00e3o pelo Dia Internacional de Prote\u00e7\u00e3o aos Manguezais, celebrado em 26 de julho, a Prefeitura de Cabo Frio, administrada pelo PDT, vai realizar na sexta-feira (29), um evento no Parque Natural Municipal do Dormit\u00f3rio das Gar\u00e7as, com direito \u00e0 contempla\u00e7\u00e3o do&#8230;<!-- AddThis Advanced Settings generic via filter on wp_trim_excerpt --><!-- AddThis Share Buttons generic via filter on wp_trim_excerpt --><\/p>\n","protected":false},"author":17,"featured_media":83020,"comment_status":"closed","ping_status":"closed","sticky":false,"template":"","format":"standard","meta":{"_monsterinsights_skip_tracking":false,"_monsterinsights_sitenote_active":false,"_monsterinsights_sitenote_note":"","_monsterinsights_sitenote_category":0,"_uf_show_specific_survey":0,"_uf_disable_surveys":false,"footnotes":""},"categories":[1390,1402],"tags":[],"class_list":["post-83018","post","type-post","status-publish","format-standard","has-post-thumbnail","hentry","category-editorias","category-cidades"],"acf":[],"_links":{"self":[{"href":"https:\/\/pdt-rj.org.br\/index.php\/wp-json\/wp\/v2\/posts\/83018","targetHints":{"allow":["GET"]}}],"collection":[{"href":"https:\/\/pdt-rj.org.br\/index.php\/wp-json\/wp\/v2\/posts"}],"about":[{"href":"https:\/\/pdt-rj.org.br\/index.php\/wp-json\/wp\/v2\/types\/post"}],"author":[{"embeddable":true,"href":"https:\/\/pdt-rj.org.br\/index.php\/wp-json\/wp\/v2\/users\/17"}],"replies":[{"embeddable":true,"href":"https:\/\/pdt-rj.org.br\/index.php\/wp-json\/wp\/v2\/comments?post=83018"}],"version-history":[{"count":1,"href":"https:\/\/pdt-rj.org.br\/index.php\/wp-json\/wp\/v2\/posts\/83018\/revisions"}],"predecessor-version":[{"id":83021,"href":"https:\/\/pdt-rj.org.br\/index.php\/wp-json\/wp\/v2\/posts\/83018\/revisions\/83021"}],"wp:featuredmedia":[{"embeddable":true,"href":"https:\/\/pdt-rj.org.br\/index.php\/wp-json\/wp\/v2\/media\/83020"}],"wp:attachment":[{"href":"https:\/\/pdt-rj.org.br\/index.php\/wp-json\/wp\/v2\/media?parent=83018"}],"wp:term":[{"taxonomy":"category","embeddable":true,"href":"https:\/\/pdt-rj.org.br\/index.php\/wp-json\/wp\/v2\/categories?post=83018"},{"taxonomy":"post_tag","embeddable":true,"href":"https:\/\/pdt-rj.org.br\/index.php\/wp-json\/wp\/v2\/tags?post=83018"}],"curies":[{"name":"wp","href":"https:\/\/api.w.org\/{rel}","templated":true}]}}