{"id":83014,"date":"2022-07-26T11:29:35","date_gmt":"2022-07-26T14:29:35","guid":{"rendered":"https:\/\/pdt-rj.org.br\/?p=83014"},"modified":"2022-07-27T11:36:05","modified_gmt":"2022-07-27T14:36:05","slug":"saude-em-japeri-diversas-acoes-marcarao-a-ultima-semana-de-julho","status":"publish","type":"post","link":"https:\/\/pdt-rj.org.br\/index.php\/saude-em-japeri-diversas-acoes-marcarao-a-ultima-semana-de-julho\/","title":{"rendered":"Sa\u00fade em Japeri: diversas a\u00e7\u00f5es marcar\u00e3o a \u00faltima semana de julho"},"content":{"rendered":"<p class=\"has-text-align-center\"><strong>De ter\u00e7a a sexta-feira ser\u00e3o realizadas seis a\u00e7\u00f5es e Mobiliza\u00e7\u00f5es da Sa\u00fade no munic\u00edpio<\/strong><\/p>\n<p class=\"has-text-align-justify\">Julho foi, de fato, o m\u00eas da sa\u00fade em Japeri. Desde seu in\u00edcio foram realizadas diversas iniciativas que ofertaram servi\u00e7os de aten\u00e7\u00e3o b\u00e1sica de forma itinerante nos bairros do munic\u00edpio. Na pr\u00f3xima semana, com o encerramento da campanha Julho Amarelo, s\u00e3o somadas mais seis a\u00e7\u00f5es e mobiliza\u00e7\u00f5es da Sa\u00fade no munic\u00edpio administrado pelo PDT.<\/p>\n<p class=\"has-text-align-justify\">A proposta \u00e9 refor\u00e7ar as a\u00e7\u00f5es de conscientiza\u00e7\u00e3o e combate \u00e0s hepatites virais. Nesse sentido, o objetivo \u00e9 alertar sobre as formas de preven\u00e7\u00e3o, incentivar as pessoas a se vacinarem contra as hepatites A e B, e a buscarem o diagn\u00f3stico precoce e o tratamento para a hepatite C.<\/p>\n<p><strong>Confira o calend\u00e1rio das a\u00e7\u00f5es<\/strong><\/p>\n<p class=\"has-text-align-justify\">Alguns dos servi\u00e7os oferecidos nos eventos s\u00e3o: atendimento m\u00e9dico, atualiza\u00e7\u00e3o de caderneta de vacina, vacina\u00e7\u00e3o Covid-19, verifica\u00e7\u00e3o de HGT (monitoramento dos n\u00edveis sangu\u00edneos de glicose), verifica\u00e7\u00e3o de Press\u00e3o Arterial, pesagem do Aux\u00edlio Brasil, teste r\u00e1pido HIV, s\u00edfilis e hepatites.<\/p>\n<p class=\"has-text-align-justify\">A agenda da semana come\u00e7a na pr\u00f3xima ter\u00e7a-feira (26), \u00e0s 9h, na Tenda Amarela preparada em frente \u00e0 Unidade B\u00e1sica de Sa\u00fade Nova Bel\u00e9m. Na quarta-feira (27), \u00e0s 10h, o encontro ser\u00e1 na Mobiliza\u00e7\u00e3o da Sa\u00fade na Pra\u00e7a Leni Ferreira. Na quinta-feira (28) ser\u00e1 na UBS Vila Central ser\u00e1 focado no Julho Amarelo, no qual estar\u00e3o dispon\u00edveis profissionais para dar orienta\u00e7\u00f5es sobre as doen\u00e7as. Em Alecrim tamb\u00e9m haver\u00e1 a disponibiliza\u00e7\u00e3o de diversos servi\u00e7os \u00e0 comunidade.<\/p>\n<p class=\"has-text-align-justify\">Ainda na quinta-feira (28), \u00e0s 9h, no evento \u201cMulher que se ama \u00e9 mulher que se cuida\u201d, os profissionais da sa\u00fade formar\u00e3o duas rodas de conversas com uma psic\u00f3loga e nutricionista para falar sobre \u201cAnsiedade, depress\u00e3o, compuls\u00e3o alimentar\u201d e \u201cAlimenta\u00e7\u00e3o em todas as fases da vida da mulher\u201d, respectivamente. Neste caso, as palestras acontecem na Unidade de Sa\u00fade da Fam\u00edlia Guandu, em Engenheiro Pedreira.<\/p>\n<p class=\"has-text-align-justify\">Para fechar a semana, na sexta-feira (29) est\u00e3o marcadas duas Mobiliza\u00e7\u00e3o da Sa\u00fade. O projeto na Lagoa do Sapo ter\u00e1 in\u00edcio \u00e0s 9h e os presentes participar\u00e3o de uma palestra sobre o Julho Amarelo, al\u00e9m de receberem o atendimento. J\u00e1 a mobiliza\u00e7\u00e3o que ser\u00e1 realizada na Unidade B\u00e1sica de Sa\u00fade de Marab\u00e1 come\u00e7ar\u00e1 \u00e0s 10h.<\/p>\n<p class=\"has-text-align-justify\"><strong>Fechamento do Julho Amarelo<\/strong><\/p>\n<p class=\"has-text-align-justify\">A vacina para hepatites B e A est\u00e1 dispon\u00edvel nas salas de vacina\u00e7\u00e3o da rede municipal. Al\u00e9m disso, profissionais da sa\u00fade podem dar orienta\u00e7\u00f5es sobre as doen\u00e7as. No caso da hepatite C, o tratamento que possibilita a elimina\u00e7\u00e3o da hepatite C tem dura\u00e7\u00e3o de tr\u00eas meses, e pode ser feito em Japeri, no Centro de Especialidade de Engenheiro Pedreira (antiga UMEP), com m\u00e9dico infectologista e equipe multidisciplinar.<\/p>\n<p class=\"has-text-align-justify\">A imuniza\u00e7\u00e3o contra a Hepatite B \u00e9 aplicada no Brasil em beb\u00eas e reaplicada ao longo da vida. Adolescentes de 10 a 19 anos podem ser vacinados, al\u00e9m de adultos de 20 a 59 anos, idosos e gestantes. Para ser vacinado, basta comparecer \u00e0 Unidade B\u00e1sica de Sa\u00fade mais pr\u00f3xima e apresentar documento com foto e caderneta de vacina\u00e7\u00e3o (para as crian\u00e7as \u00e9 obrigat\u00f3rio).<\/p>\n<!-- AddThis Advanced Settings generic via filter on the_content --><!-- AddThis Share Buttons generic via filter on the_content -->","protected":false},"excerpt":{"rendered":"<p>De ter\u00e7a a sexta-feira ser\u00e3o realizadas seis a\u00e7\u00f5es e Mobiliza\u00e7\u00f5es da Sa\u00fade no munic\u00edpio Julho foi, de fato, o m\u00eas da sa\u00fade em Japeri. Desde seu in\u00edcio foram realizadas diversas iniciativas que ofertaram servi\u00e7os de aten\u00e7\u00e3o b\u00e1sica de forma itinerante nos bairros do munic\u00edpio. Na pr\u00f3xima semana, com o encerramento da campanha Julho Amarelo, s\u00e3o&#8230;<!-- AddThis Advanced Settings generic via filter on wp_trim_excerpt --><!-- AddThis Share Buttons generic via filter on wp_trim_excerpt --><\/p>\n","protected":false},"author":17,"featured_media":83015,"comment_status":"closed","ping_status":"closed","sticky":false,"template":"","format":"standard","meta":{"_monsterinsights_skip_tracking":false,"_monsterinsights_sitenote_active":false,"_monsterinsights_sitenote_note":"","_monsterinsights_sitenote_category":0,"_uf_show_specific_survey":0,"_uf_disable_surveys":false,"footnotes":""},"categories":[1390,1402],"tags":[],"class_list":["post-83014","post","type-post","status-publish","format-standard","has-post-thumbnail","hentry","category-editorias","category-cidades"],"acf":[],"_links":{"self":[{"href":"https:\/\/pdt-rj.org.br\/index.php\/wp-json\/wp\/v2\/posts\/83014","targetHints":{"allow":["GET"]}}],"collection":[{"href":"https:\/\/pdt-rj.org.br\/index.php\/wp-json\/wp\/v2\/posts"}],"about":[{"href":"https:\/\/pdt-rj.org.br\/index.php\/wp-json\/wp\/v2\/types\/post"}],"author":[{"embeddable":true,"href":"https:\/\/pdt-rj.org.br\/index.php\/wp-json\/wp\/v2\/users\/17"}],"replies":[{"embeddable":true,"href":"https:\/\/pdt-rj.org.br\/index.php\/wp-json\/wp\/v2\/comments?post=83014"}],"version-history":[{"count":2,"href":"https:\/\/pdt-rj.org.br\/index.php\/wp-json\/wp\/v2\/posts\/83014\/revisions"}],"predecessor-version":[{"id":83022,"href":"https:\/\/pdt-rj.org.br\/index.php\/wp-json\/wp\/v2\/posts\/83014\/revisions\/83022"}],"wp:featuredmedia":[{"embeddable":true,"href":"https:\/\/pdt-rj.org.br\/index.php\/wp-json\/wp\/v2\/media\/83015"}],"wp:attachment":[{"href":"https:\/\/pdt-rj.org.br\/index.php\/wp-json\/wp\/v2\/media?parent=83014"}],"wp:term":[{"taxonomy":"category","embeddable":true,"href":"https:\/\/pdt-rj.org.br\/index.php\/wp-json\/wp\/v2\/categories?post=83014"},{"taxonomy":"post_tag","embeddable":true,"href":"https:\/\/pdt-rj.org.br\/index.php\/wp-json\/wp\/v2\/tags?post=83014"}],"curies":[{"name":"wp","href":"https:\/\/api.w.org\/{rel}","templated":true}]}}