{"id":82943,"date":"2022-07-18T07:51:40","date_gmt":"2022-07-18T10:51:40","guid":{"rendered":"https:\/\/pdt-rj.org.br\/?p=82943"},"modified":"2022-07-18T09:54:49","modified_gmt":"2022-07-18T12:54:49","slug":"petrobras-amplia-prazo-para-tentar-privatizar-tres-refinarias-do-brasil","status":"publish","type":"post","link":"https:\/\/pdt-rj.org.br\/index.php\/petrobras-amplia-prazo-para-tentar-privatizar-tres-refinarias-do-brasil\/","title":{"rendered":"Petrobr\u00e1s amplia prazo para tentar privatizar tr\u00eas refinarias do Brasil"},"content":{"rendered":"<p class=\"x_MsoNormal\"><strong>Bolsonaro insistem na &#8220;venda&#8221; das refinarias Abreu e Lima, Get\u00falio Vargas e Alberto Pasqualini<\/strong><\/p>\n<p class=\"x_MsoNormal\">A Petrobr\u00e1s \u00a0ampliou nesta sexta-feira 915\/7) o prazo,\u00a0 que terminou sem interessados na pr\u00f3pria sexta-feira, para tentar entregar, \u00a0a pre\u00e7os irris\u00f3rios e danosos ao pa\u00eds, \u00a0mais tr\u00eas refinarias \u00a0\u2013 a Abreu Lima (Rnest), em Pernambuco, Presidente Get\u00falio Vargas, no Paran\u00e1; e Alberto Pasqualini (Refap), no Rio Grande do Sul &#8211; al\u00e9m de gasodutos e terminais; em &#8220;leil\u00f5es&#8221; que na pr\u00e1tica entregam as petrol\u00edferas estrangeiras, concorrentes da Petrobr\u00e1s, o patrim\u00f4nio da empresa constru\u00eddo ao longo de d\u00e9cadas.<\/p>\n<p class=\"x_MsoNormal\">A informa\u00e7\u00e3o foi publicada com destaque na p\u00e1gina online do jornal &#8220;Hora do Povo&#8221; j\u00e1 que os ve\u00edculos da grande m\u00eddia preferem ignorar o assunto.<\/p>\n<p class=\"x_MsoNormal\">Na corrida para desmontar o patrim\u00f4nio da Petrobr\u00e1s, o governo Bolsonaro divulgou que estendeu prazos para que\u00a0 &#8220;investidores&#8221; se apresentem no processo de compra das tr\u00eas, bem como dos ativos log\u00edsticos integrados a elas, como unidades de refino, oleodutos e terminais. Um verdadeiro crime de lesa-p\u00e1tria j\u00e1 que construir refinarias leva anos e junto com elas a Petrobr\u00e1s est\u00e1, tamb\u00e9m, entregando os mercados regionais que elas atendem.<\/p>\n<p class=\"x_MsoNormal\">As refinarias brasileiras foram constru\u00eddas ao longo de d\u00e9cadas ap\u00f3s a cria\u00e7\u00e3o da Petrobr\u00e1s porque, ao mesmo tempo em que iniciou pesquisas para ampliar a produ\u00e7\u00e3o nacional de petr\u00f3leo, a Petrobr\u00e1s fez pesados investimentos nas refinarias para processar o petr\u00f3leo importado por um barril de petr\u00f3leo, refinado e transformado em combust\u00edveis, multiplica por sete, aproximadamente, o seu valor.<\/p>\n<p class=\"x_MsoNormal\">Como n\u00e3o t\u00ednhamos petr\u00f3leo pr\u00f3prio, a Petrobr\u00e1s investiu maci\u00e7amente na constru\u00e7\u00e3o das refinarias existentes que custaram bilh\u00f5es de d\u00f3lares e, agora, est\u00e3o sendo privatizadas em negociatas escandalosas e danosas aos interesses nacionais.<\/p>\n<p class=\"x_MsoNormal\">No final de junho, a dire\u00e7\u00e3o da Petrobr\u00e1s havia reiniciado os processos de venda da Refinaria Abreu e Lima (Rnest), em Pernambuco, \u00a0da Refinaria Presidente Get\u00falio Vargas (Repar), no Paran\u00e1; e da Refinaria Alberto Pasqualini (Refap), no Rio Grande do Sul, com prazo para que os potenciais compradores demonstrassem interesse no neg\u00f3cio at\u00e9 a \u00faltima sexta.<\/p>\n<p class=\"x_MsoNormal\">Como n\u00e3o houve nenhuma manifesta\u00e7\u00e3o de interesse, o governo entreguista de Bolsonaro agora trabalha com o prazo de at\u00e9 29 de julho para que os compradores se apresentem e at\u00e9 12 de agosto para assinar acordos de confidencialidade e declara\u00e7\u00f5es de conformidade, ou seja, entregar as refinarias que pertencem ao povo brasileiro.<\/p>\n<p class=\"x_MsoNormal\">O plano de desinvestimento em refino da Petrobr\u00e1s \u2013 a venda do patrim\u00f4nio da empresa &#8212; representa, aproximadamente, 50% da capacidade de refino nacional, totalizando 1,1 milh\u00e3o de barris por dia de petr\u00f3leo processado. Entregues empresas estrangeiras \u2013 as que t\u00eam capital para compr\u00e1-las \u2013 essas refinarias agravam a depend\u00eancia brasileira da importa\u00e7\u00e3o de combust\u00edveis, prejudicando o pa\u00eds como um todo.<\/p>\n<p class=\"x_MsoNormal\">De acordo com a Petrobr\u00e1s, a Refinaria Abreu e Lima &#8220;\u00e9 a mais moderna refinaria que j\u00e1 constru\u00edmos e j\u00e1 contribui para atendermos a demanda nacional por derivados de petr\u00f3leo. Dentre todas as refinarias brasileiras, A RNEST apresenta a maior taxa de convers\u00e3o de petr\u00f3leo cru em diesel (70%), combust\u00edvel essencial para a circula\u00e7\u00e3o de produtos e riquezas do pa\u00eds&#8221;.<\/p>\n<p class=\"x_MsoNormal\">A refinaria Presidente Get\u00falio Vargas (Repar) \u00e9 respons\u00e1vel por aproximadamente 12% da produ\u00e7\u00e3o nacional de derivados de petr\u00f3leo. Seus produtos atendem principalmente os mercados do Paran\u00e1, Santa Catarina, sul de S\u00e3o Paulo e do Mato Grosso do Sul.<\/p>\n<p class=\"x_MsoNormal\">A Refinaria Alberto Pasqualini processa 32 mil m 3\/dia e atende principalmente ao mercado regional, com foco na maximiza\u00e7\u00e3o da produ\u00e7\u00e3o de \u00f3leo diesel.<\/p>\n<p class=\"x_MsoNormal\">\u00c9 esse patrim\u00f4nio que Bolsonaro quer entregar para os estrangeiros.<\/p>\n<p class=\"x_MsoNormal\">Com o Brasil precisando avan\u00e7ar no refino para nos tirar do quadro de depend\u00eancia do mercado mundial, cada vez mais inst\u00e1vel, o governo se desfaz de suas refinarias, entregando o refino ao capital especulativo estrangeiro, como no caso da refinaria Landulpho Alves (Rlam) da Petrobr\u00e1s, na Bahia, que foi comprada pela Acelen \u2013 pertencente ao fundo \u00e1rabe Mubadala Capital, que hoje vende o combust\u00edvel mais caro do Brasil, como aponta o economista do Observat\u00f3rio Social da Petrobras (OSP), Eric Gil Dantas.<\/p>\n<p class=\"x_MsoNormal\">&#8220;A Refinaria Mataripe [antiga Rlam] est\u00e1 sob opera\u00e7\u00e3o da Acelen desde dezembro do ano passado. Essa refinaria, quando era de propriedade da Petrobr\u00e1s vendia gasolina em m\u00e9dia 2 centavos mais barato do que as outras refinarias da estatal e o diesel em m\u00e9dia 3 centavos mais barato (dados de 01\/08\/2019 at\u00e9 29\/09\/2021). Ap\u00f3s a privatiza\u00e7\u00e3o, a refinaria passou a ter pre\u00e7os bem mais elevados do que todas as outras, transformando-se na refinaria mais cara do pa\u00eds&#8221;, escreveu Dantas em seu recente artigo Efeito da Privatiza\u00e7\u00e3o de Refinarias da Petrobr\u00e1s nos Pre\u00e7os Dos Combust\u00edveis: Dois Cen\u00e1rios Poss\u00edveis&#8221;.<\/p>\n<p class=\"x_MsoNormal\">&#8220;A exce\u00e7\u00e3o de 13 dias ao longo de 2022, Mataripe sempre teve pre\u00e7os mais elevados do que a Petrobr\u00e1s. Em m\u00e9dia, ao longo do ano de 2022 a Acelen cobrou 8% a mais pela gasolina do que a estatal. Isto ocorre mais ou menos igual para o diesel. Em apenas 22 dias do ano a Acelen vendeu diesel abaixo do pre\u00e7o da Petrobr\u00e1s. Na m\u00e9dia, a Acelen vendeu diesel 6,7% mais caro do que a Petrobr\u00e1s&#8221;, denunciou o economista que tamb\u00e9m \u00e9 do Instituto Brasileiro de Estudos Pol\u00edticos e Sociais (IBEPS).<\/p>\n<p class=\"x_MsoNormal\">O governo Bolsonaro privatizou tamb\u00e9m \u00e0s refinarias Isaac Sabb\u00e1, no Amazonas, para o grupo Atem; Lubrificantes e Derivados de Petr\u00f3leo do Nordeste (Lubnor), para Grepar Participa\u00e7\u00f5es; e a Unidade de Industrializa\u00e7\u00e3o do Xisto (SIX), no Paran\u00e1, para a canadense Forbes &amp; Manhattan Resources Inc.<\/p>\n<!-- AddThis Advanced Settings generic via filter on the_content --><!-- AddThis Share Buttons generic via filter on the_content -->","protected":false},"excerpt":{"rendered":"<p>Bolsonaro insistem na &#8220;venda&#8221; das refinarias Abreu e Lima, Get\u00falio Vargas e Alberto Pasqualini A Petrobr\u00e1s \u00a0ampliou nesta sexta-feira 915\/7) o prazo,\u00a0 que terminou sem interessados na pr\u00f3pria sexta-feira, para tentar entregar, \u00a0a pre\u00e7os irris\u00f3rios e danosos ao pa\u00eds, \u00a0mais tr\u00eas refinarias \u00a0\u2013 a Abreu Lima (Rnest), em Pernambuco, Presidente Get\u00falio Vargas, no Paran\u00e1; e&#8230;<!-- AddThis Advanced Settings generic via filter on wp_trim_excerpt --><!-- AddThis Share Buttons generic via filter on wp_trim_excerpt --><\/p>\n","protected":false},"author":17,"featured_media":82944,"comment_status":"closed","ping_status":"closed","sticky":false,"template":"","format":"standard","meta":{"_monsterinsights_skip_tracking":false,"_monsterinsights_sitenote_active":false,"_monsterinsights_sitenote_note":"","_monsterinsights_sitenote_category":0,"_uf_show_specific_survey":0,"_uf_disable_surveys":false,"footnotes":""},"categories":[1390,1401],"tags":[],"class_list":["post-82943","post","type-post","status-publish","format-standard","has-post-thumbnail","hentry","category-editorias","category-nacional"],"acf":[],"_links":{"self":[{"href":"https:\/\/pdt-rj.org.br\/index.php\/wp-json\/wp\/v2\/posts\/82943","targetHints":{"allow":["GET"]}}],"collection":[{"href":"https:\/\/pdt-rj.org.br\/index.php\/wp-json\/wp\/v2\/posts"}],"about":[{"href":"https:\/\/pdt-rj.org.br\/index.php\/wp-json\/wp\/v2\/types\/post"}],"author":[{"embeddable":true,"href":"https:\/\/pdt-rj.org.br\/index.php\/wp-json\/wp\/v2\/users\/17"}],"replies":[{"embeddable":true,"href":"https:\/\/pdt-rj.org.br\/index.php\/wp-json\/wp\/v2\/comments?post=82943"}],"version-history":[{"count":1,"href":"https:\/\/pdt-rj.org.br\/index.php\/wp-json\/wp\/v2\/posts\/82943\/revisions"}],"predecessor-version":[{"id":82945,"href":"https:\/\/pdt-rj.org.br\/index.php\/wp-json\/wp\/v2\/posts\/82943\/revisions\/82945"}],"wp:featuredmedia":[{"embeddable":true,"href":"https:\/\/pdt-rj.org.br\/index.php\/wp-json\/wp\/v2\/media\/82944"}],"wp:attachment":[{"href":"https:\/\/pdt-rj.org.br\/index.php\/wp-json\/wp\/v2\/media?parent=82943"}],"wp:term":[{"taxonomy":"category","embeddable":true,"href":"https:\/\/pdt-rj.org.br\/index.php\/wp-json\/wp\/v2\/categories?post=82943"},{"taxonomy":"post_tag","embeddable":true,"href":"https:\/\/pdt-rj.org.br\/index.php\/wp-json\/wp\/v2\/tags?post=82943"}],"curies":[{"name":"wp","href":"https:\/\/api.w.org\/{rel}","templated":true}]}}