{"id":82910,"date":"2022-07-14T19:07:20","date_gmt":"2022-07-14T22:07:20","guid":{"rendered":"https:\/\/pdt-rj.org.br\/?p=82910"},"modified":"2022-07-20T20:03:56","modified_gmt":"2022-07-20T23:03:56","slug":"convencao-nacional-do-pdt-acontece-nesta-quarta-feira-20-em-brasilia-df","status":"publish","type":"post","link":"https:\/\/pdt-rj.org.br\/index.php\/convencao-nacional-do-pdt-acontece-nesta-quarta-feira-20-em-brasilia-df\/","title":{"rendered":"Conven\u00e7\u00e3o Nacional do PDT acontece nesta quarta-feira (20), em Bras\u00edlia (DF)"},"content":{"rendered":"<p><strong>Reuni\u00e3o h\u00edbrida ser\u00e1 liderada pelo presidente nacional do partido, Carlos Lupi<\/strong><\/p>\n<p>O presidente da Executiva Nacional do PDT, Carlos Lupi, convoca os membros do Diret\u00f3rio Nacional, o Conselho Pol\u00edtico, os presidentes dos movimentos de base do partido \u2014 devidamente organizados em \u00e0mbito nacional \u2014, senadores, deputados federais, delegados dos Diret\u00f3rios Estaduais e os presidentes das Comiss\u00f5es Provis\u00f3rias Estaduais para Conven\u00e7\u00e3o Nacional do partido que acontece na pr\u00f3xima quarta-feira (20), a partir das 15h.<\/p>\n<p>O encontro ser\u00e1 realizado de forma h\u00edbrida, simultaneamente presencial, na sede nacional da legenda em Bras\u00edlia (DF), e virtual, pela plataforma Zoom.<\/p>\n<p>Entre os pontos a serem discutidos e deliberados nesta Conven\u00e7\u00e3o Nacional, destacam-se: a decis\u00e3o acerca da escolha dos candidatos do PDT a presidente e vice-presidente da Rep\u00fablica do Brasil \u2014 o nome do pr\u00e9-candidato Ciro Gomes ser\u00e1 ratificado como o candidato da legenda trabalhista ao Pal\u00e1cio do Planalto \u2014 e as coliga\u00e7\u00f5es partid\u00e1rias a serem firmadas para o pleito de 2022, al\u00e9m de assuntos gerais relativos \u00e0 conjuntura pol\u00edtica do Pa\u00eds.<\/p>\n<p><a href=\"https:\/\/pdt-rj.org.br\/wp-content\/uploads\/2022\/07\/Edital-de-Convocacao-PDT-Convencao-Nacional.pdf\">Edital de Convoca\u00e7\u00e3o PDT &#8211; Conven\u00e7\u00e3o Nacional<\/a>.<\/p>\n<p><strong>Servi\u00e7o:<\/strong><\/p>\n<p><em><strong>Conven\u00e7\u00e3o Nacional do PDT<\/strong><\/em><\/p>\n<p><strong>Data:<\/strong> 20 de julho de 2022<\/p>\n<p><strong>Hor\u00e1rio:<\/strong> das 15 \u00e0s 18h<\/p>\n<p><strong>Endere\u00e7o:<\/strong> Sede Nacional do PDT \u2013 Setor de Autarquias Federais Sul (SAFS), Quadra 02, Lote 03, Bras\u00edlia \u2013 DF.<\/p>\n<p><strong>Orienta\u00e7\u00f5es<\/strong><\/p>\n<p>Abaixo, seguem anexos os documentos elaborados pela Executiva Nacional, pela Coordenadoria Estatut\u00e1ria da Executiva Nacional e pelo Jur\u00eddico Nacional do partido:<\/p>\n<ul>\n<li><a href=\"https:\/\/www.pdt.org.br\/wp-content\/uploads\/2022\/07\/Instrucoes-para-as-Convencoes-Estaduais-do-PDT-2022.pdf\" data-wpel-link=\"internal\">Instru\u00e7\u00f5es para a realiza\u00e7\u00e3o das conven\u00e7\u00f5es estaduais do PDT\/2022.<\/a><\/li>\n<li><a href=\"https:\/\/www.pdt.org.br\/wp-content\/uploads\/2022\/07\/ResolucaoPDT_002-2022-Normas-Eleicoes-2022.pdf\" data-wpel-link=\"internal\">Resolu\u00e7\u00e3o 002-2022 \u2013 Que fixa normas para a escolha de candidatos e forma\u00e7\u00e3o de coliga\u00e7\u00f5es majorit\u00e1rias para as elei\u00e7\u00f5es estaduais de 2022.<\/a><\/li>\n<li><a href=\"https:\/\/pdt-rj.org.br\/wp-content\/uploads\/2022\/07\/Resolucao_003-2022-Normas-Eleicoes-2022.pdf\">Resolu\u00e7\u00e3o_003-2022 Normas Elei\u00e7\u00f5es 2022<\/a><\/li>\n<li><a href=\"https:\/\/www.pdt.org.br\/wp-content\/uploads\/2022\/07\/Manual-PDT-Eleicoes-2022.pdf\" data-wpel-link=\"internal\">Manual para as elei\u00e7\u00f5es 2022<\/a><\/li>\n<\/ul>\n<!-- AddThis Advanced Settings generic via filter on the_content --><!-- AddThis Share Buttons generic via filter on the_content -->","protected":false},"excerpt":{"rendered":"<p>Reuni\u00e3o h\u00edbrida ser\u00e1 liderada pelo presidente nacional do partido, Carlos Lupi O presidente da Executiva Nacional do PDT, Carlos Lupi, convoca os membros do Diret\u00f3rio Nacional, o Conselho Pol\u00edtico, os presidentes dos movimentos de base do partido \u2014 devidamente organizados em \u00e0mbito nacional \u2014, senadores, deputados federais, delegados dos Diret\u00f3rios Estaduais e os presidentes das&#8230;<!-- AddThis Advanced Settings generic via filter on wp_trim_excerpt --><!-- AddThis Share Buttons generic via filter on wp_trim_excerpt --><\/p>\n","protected":false},"author":17,"featured_media":82911,"comment_status":"closed","ping_status":"closed","sticky":false,"template":"","format":"standard","meta":{"_monsterinsights_skip_tracking":false,"_monsterinsights_sitenote_active":false,"_monsterinsights_sitenote_note":"","_monsterinsights_sitenote_category":0,"_uf_show_specific_survey":0,"_uf_disable_surveys":false,"footnotes":""},"categories":[1390,1401],"tags":[],"class_list":["post-82910","post","type-post","status-publish","format-standard","has-post-thumbnail","hentry","category-editorias","category-nacional"],"acf":[],"_links":{"self":[{"href":"https:\/\/pdt-rj.org.br\/index.php\/wp-json\/wp\/v2\/posts\/82910","targetHints":{"allow":["GET"]}}],"collection":[{"href":"https:\/\/pdt-rj.org.br\/index.php\/wp-json\/wp\/v2\/posts"}],"about":[{"href":"https:\/\/pdt-rj.org.br\/index.php\/wp-json\/wp\/v2\/types\/post"}],"author":[{"embeddable":true,"href":"https:\/\/pdt-rj.org.br\/index.php\/wp-json\/wp\/v2\/users\/17"}],"replies":[{"embeddable":true,"href":"https:\/\/pdt-rj.org.br\/index.php\/wp-json\/wp\/v2\/comments?post=82910"}],"version-history":[{"count":9,"href":"https:\/\/pdt-rj.org.br\/index.php\/wp-json\/wp\/v2\/posts\/82910\/revisions"}],"predecessor-version":[{"id":82958,"href":"https:\/\/pdt-rj.org.br\/index.php\/wp-json\/wp\/v2\/posts\/82910\/revisions\/82958"}],"wp:featuredmedia":[{"embeddable":true,"href":"https:\/\/pdt-rj.org.br\/index.php\/wp-json\/wp\/v2\/media\/82911"}],"wp:attachment":[{"href":"https:\/\/pdt-rj.org.br\/index.php\/wp-json\/wp\/v2\/media?parent=82910"}],"wp:term":[{"taxonomy":"category","embeddable":true,"href":"https:\/\/pdt-rj.org.br\/index.php\/wp-json\/wp\/v2\/categories?post=82910"},{"taxonomy":"post_tag","embeddable":true,"href":"https:\/\/pdt-rj.org.br\/index.php\/wp-json\/wp\/v2\/tags?post=82910"}],"curies":[{"name":"wp","href":"https:\/\/api.w.org\/{rel}","templated":true}]}}