{"id":82833,"date":"2022-07-11T21:16:17","date_gmt":"2022-07-12T00:16:17","guid":{"rendered":"https:\/\/pdt-rj.org.br\/?p=82833"},"modified":"2022-07-20T20:05:25","modified_gmt":"2022-07-20T23:05:25","slug":"ciro-gomes-e-rodrigo-neves-unidos-para-transformar-o-rio-destaca-lupi","status":"publish","type":"post","link":"https:\/\/pdt-rj.org.br\/index.php\/ciro-gomes-e-rodrigo-neves-unidos-para-transformar-o-rio-destaca-lupi\/","title":{"rendered":"\u201cCiro Gomes e Rodrigo Neves unidos para transformar o Rio\u201d, destaca Lupi"},"content":{"rendered":"<p class=\"p1\"><strong><span class=\"s1\">PDT fortalece pr\u00e9-candidaturas e define data para realiza\u00e7\u00e3o da conven\u00e7\u00e3o estadual: 23 de julho<\/span><\/strong><\/p>\n<p class=\"p1\"><span class=\"s2\">\u201cCiro Gomes e Rodrigo Neves unidos para transformar o Rio de Janeiro e Brasil\u201d, garantiu presidente nacional do partido, Carlos Lupi, ap\u00f3s reuni\u00e3o da Executiva Estadual nesta segunda-feira (11), na sede da Funda\u00e7\u00e3o Leonel Brizola \u2013 Alberto Pasqualini (FLB-AP), no Centro da capital fluminense. O colegiado definiu que a conven\u00e7\u00e3o local ocorrer\u00e1 no pr\u00f3ximo dia 23. <\/span><\/p>\n<p class=\"p1\"><span class=\"s2\">Ao destacar o potencial dos pr\u00e9-candidatos pedetistas a presidente da Rep\u00fablica e a governador do estado, Lupi citou o projeto trabalhista como diferencial para furar as polariza\u00e7\u00f5es nacional e estadual. <\/span><\/p>\n<p class=\"p1\"><span class=\"s2\">\u201cCom Ciro e Rodrigo, vamos seguir unificando e fortalecendo o partido de Leonel Brizola e Darcy Ribeiro para vencer no Rio e no Brasil\u201d, garantiu, ao lado dos prefeitos de Cabo Frio e Niter\u00f3i, Jos\u00e9 Bonif\u00e1cio e Axel Grael, respectivamente, do deputado federal Chico D\u2019Angelo e da deputada estadual Martha Rocha. <\/span><\/p>\n<p class=\"p1\"><span class=\"s2\">Sobre a representatividade de Neves, Lupi ressaltou ainda a capacidade de gest\u00e3o que j\u00e1 foi reconhecida e aprovada em Niter\u00f3i. <\/span><\/p>\n<p class=\"p1\"><span class=\"s2\">\u201cRodrigo Neves \u00e9 o mais preparado, ap\u00f3s Brizola, para governar o Rio. O \u00fanico que tem o que mostrar em termos de gest\u00e3o. Para n\u00f3s, do PDT, \u00e9 Rodrigo governador\u201d, disse.<\/span><\/p>\n<p><img loading=\"lazy\" decoding=\"async\" class=\"aligncenter wp-image-82835 \" src=\"https:\/\/pdt-rj.org.br\/wp-content\/uploads\/2022\/07\/343F5840-92EE-4A33-876A-C51D2A1555AE.jpeg\" alt=\"\" width=\"571\" height=\"428\" srcset=\"https:\/\/pdt-rj.org.br\/wp-content\/uploads\/2022\/07\/343F5840-92EE-4A33-876A-C51D2A1555AE.jpeg 1024w, https:\/\/pdt-rj.org.br\/wp-content\/uploads\/2022\/07\/343F5840-92EE-4A33-876A-C51D2A1555AE-300x225.jpeg 300w, https:\/\/pdt-rj.org.br\/wp-content\/uploads\/2022\/07\/343F5840-92EE-4A33-876A-C51D2A1555AE-100x75.jpeg 100w, https:\/\/pdt-rj.org.br\/wp-content\/uploads\/2022\/07\/343F5840-92EE-4A33-876A-C51D2A1555AE-768x576.jpeg 768w, https:\/\/pdt-rj.org.br\/wp-content\/uploads\/2022\/07\/343F5840-92EE-4A33-876A-C51D2A1555AE-120x90.jpeg 120w\" sizes=\"auto, (max-width: 571px) 100vw, 571px\" \/><\/p>\n<p class=\"p1\"><strong><span class=\"s1\">Integra\u00e7\u00e3o<\/span><\/strong><\/p>\n<p class=\"p1\"><span class=\"s2\">Com uma hist\u00f3ria resultante \u201cda tradi\u00e7\u00e3o do trabalhismo em Niter\u00f3i\u201d, o ex-prefeito mostrou que \u00e9 uma alternativa diferenciada para resgatar o estado. <\/span><\/p>\n<p class=\"p1\"><span class=\"s2\">\u201cA minha trajet\u00f3ria \u00e9 baseada na transpar\u00eancia, boa gest\u00e3o e compromisso com o povo\u201d, pontuou.<\/span><\/p>\n<p class=\"p1\"><span class=\"s2\">Convocando lideran\u00e7as e militantes para o ato vinculado ao Ciro Gomes, no pr\u00f3ximo s\u00e1bado (16) em todo o estado, Neves valorizou o alinhamento com o ex-governador do Cear\u00e1 para transformar a realidade do povo. <\/span><\/p>\n<p class=\"p1\"><span class=\"s2\">\u201cAjustamos e superamos dif\u00edceis situa\u00e7\u00f5es para seguir batalhando contra a desindustrializa\u00e7\u00e3o, o rentismo e o sofrimento do povo. Por isso, o Ciro Gomes \u00e9 fundamental\u201d, relatou, ao tamb\u00e9m manifestar a import\u00e2ncia da contribui\u00e7\u00e3o dos movimentos e militantes. <\/span><\/p>\n<p class=\"p1\"><strong><span class=\"s1\">Conven\u00e7\u00f5es<\/span><\/strong><\/p>\n<p class=\"p1\"><span class=\"s2\">As lideran\u00e7as pedetistas acordaram que a conven\u00e7\u00e3o estadual, que ratificar\u00e1 oficialmente o nome de Neves como representante da sigla na disputa do Pal\u00e1cio Guanabara, ocorrer\u00e1 no pr\u00f3ximo dia 23, com local a ser definido. <\/span><\/p>\n<p class=\"p1\"><span class=\"s2\">A convec\u00e7\u00e3o nacional est\u00e1 programada para o pr\u00f3ximo dia 20, na sede nacional do partido em Bras\u00edlia (DF). No evento, o PDT efetivar\u00e1 o Ciro Gomes como o representante da sigla na disputa da Presid\u00eancia da Rep\u00fablica.<\/span><\/p>\n<!-- AddThis Advanced Settings generic via filter on the_content --><!-- AddThis Share Buttons generic via filter on the_content -->","protected":false},"excerpt":{"rendered":"<p>PDT fortalece pr\u00e9-candidaturas e define data para realiza\u00e7\u00e3o da conven\u00e7\u00e3o estadual: 23 de julho \u201cCiro Gomes e Rodrigo Neves unidos para transformar o Rio de Janeiro e Brasil\u201d, garantiu presidente nacional do partido, Carlos Lupi, ap\u00f3s reuni\u00e3o da Executiva Estadual nesta segunda-feira (11), na sede da Funda\u00e7\u00e3o Leonel Brizola \u2013 Alberto Pasqualini (FLB-AP), no Centro&#8230;<!-- AddThis Advanced Settings generic via filter on wp_trim_excerpt --><!-- AddThis Share Buttons generic via filter on wp_trim_excerpt --><\/p>\n","protected":false},"author":17,"featured_media":82834,"comment_status":"closed","ping_status":"closed","sticky":false,"template":"","format":"standard","meta":{"_monsterinsights_skip_tracking":false,"_monsterinsights_sitenote_active":false,"_monsterinsights_sitenote_note":"","_monsterinsights_sitenote_category":0,"_uf_show_specific_survey":0,"_uf_disable_surveys":false,"footnotes":""},"categories":[1390,5417,5416,5414,1401,5415],"tags":[],"class_list":["post-82833","post","type-post","status-publish","format-standard","has-post-thumbnail","hentry","category-editorias","category-carlos-lupi","category-ciro-gomes","category-estado","category-nacional","category-rodrigo-neves"],"acf":[],"_links":{"self":[{"href":"https:\/\/pdt-rj.org.br\/index.php\/wp-json\/wp\/v2\/posts\/82833","targetHints":{"allow":["GET"]}}],"collection":[{"href":"https:\/\/pdt-rj.org.br\/index.php\/wp-json\/wp\/v2\/posts"}],"about":[{"href":"https:\/\/pdt-rj.org.br\/index.php\/wp-json\/wp\/v2\/types\/post"}],"author":[{"embeddable":true,"href":"https:\/\/pdt-rj.org.br\/index.php\/wp-json\/wp\/v2\/users\/17"}],"replies":[{"embeddable":true,"href":"https:\/\/pdt-rj.org.br\/index.php\/wp-json\/wp\/v2\/comments?post=82833"}],"version-history":[{"count":11,"href":"https:\/\/pdt-rj.org.br\/index.php\/wp-json\/wp\/v2\/posts\/82833\/revisions"}],"predecessor-version":[{"id":82959,"href":"https:\/\/pdt-rj.org.br\/index.php\/wp-json\/wp\/v2\/posts\/82833\/revisions\/82959"}],"wp:featuredmedia":[{"embeddable":true,"href":"https:\/\/pdt-rj.org.br\/index.php\/wp-json\/wp\/v2\/media\/82834"}],"wp:attachment":[{"href":"https:\/\/pdt-rj.org.br\/index.php\/wp-json\/wp\/v2\/media?parent=82833"}],"wp:term":[{"taxonomy":"category","embeddable":true,"href":"https:\/\/pdt-rj.org.br\/index.php\/wp-json\/wp\/v2\/categories?post=82833"},{"taxonomy":"post_tag","embeddable":true,"href":"https:\/\/pdt-rj.org.br\/index.php\/wp-json\/wp\/v2\/tags?post=82833"}],"curies":[{"name":"wp","href":"https:\/\/api.w.org\/{rel}","templated":true}]}}