{"id":82829,"date":"2022-07-11T12:29:23","date_gmt":"2022-07-11T15:29:23","guid":{"rendered":"https:\/\/pdt-rj.org.br\/?p=82829"},"modified":"2022-07-11T12:29:23","modified_gmt":"2022-07-11T15:29:23","slug":"pdt-do-parana-manifesta-pesar-por-tragedia-politica-em-foz-de-iguacu","status":"publish","type":"post","link":"https:\/\/pdt-rj.org.br\/index.php\/pdt-do-parana-manifesta-pesar-por-tragedia-politica-em-foz-de-iguacu\/","title":{"rendered":"PDT do Paran\u00e1 manifesta pesar por trag\u00e9dia pol\u00edtica em Foz de Igua\u00e7u"},"content":{"rendered":"<p><strong>Posicionamento do partido ocorre ap\u00f3s o assassinato de Marcelo Arruda\u00a0<\/strong><\/p>\n<p class=\"x_MsoNormal\">A Executiva do PDT do Paran\u00e1 divulgou nota &#8220;de pesar, indigna\u00e7\u00e3o e reflex\u00e3o&#8221;, assinada pelo seu presidente, Andre Menegotto, e pelo presidente do PDT de Foz do Igua\u00e7u, Nelton Friedrich, manifestando profundo pesar &#8220;pela trag\u00e9dia com o assassinato de Marcelo Arruda, tesoureiro do PT de Foz do Igua\u00e7u&#8221;, por um bolsonarista, quando celebrava com a fam\u00edlia e seus amigos o seu 50\u00ba anivers\u00e1rio de vida, \u00a0em um clube da cidade.<\/p>\n<p class=\"x_MsoNormal\">Segundo o texto da nota, Arruda era , al\u00e9m de um profissional de seguran\u00e7a, &#8220;um \u00a0din\u00e2mico e reconhecido ativista pol\u00edtico de movimentos classistas e populares&#8221;. Ainda de acordo com a nota, Arruda sempre teve &#8220;saud\u00e1vel conviv\u00eancia, considera\u00e7\u00e3o e respeito&#8221; com o PDT de Foz do Igua\u00e7u, tendo constru\u00eddo seguidas vezes &#8221; parcerias e lutas nas mesmas trincheiras&#8221;.<\/p>\n<p class=\"x_MsoNormal\">A nota oficial do PDT paranaense destacou tamb\u00e9m \u00a0&#8220;a brutalidade e a estupidez&#8221; do epis\u00f3dio quando Arruda celebrava \u00a0&#8211; com detalhes decorativos petistas &#8211; os seus 50 anos de vida.<\/p>\n<p class=\"x_MsoNormal\">Leia a \u00edntegra da nota <a href=\"https:\/\/pdtparana.org.br\/nota-de-pesar-indignacao-reflexao\/\">aqui<\/a>.<\/p>\n<!-- AddThis Advanced Settings generic via filter on the_content --><!-- AddThis Share Buttons generic via filter on the_content -->","protected":false},"excerpt":{"rendered":"<p>Posicionamento do partido ocorre ap\u00f3s o assassinato de Marcelo Arruda\u00a0 A Executiva do PDT do Paran\u00e1 divulgou nota &#8220;de pesar, indigna\u00e7\u00e3o e reflex\u00e3o&#8221;, assinada pelo seu presidente, Andre Menegotto, e pelo presidente do PDT de Foz do Igua\u00e7u, Nelton Friedrich, manifestando profundo pesar &#8220;pela trag\u00e9dia com o assassinato de Marcelo Arruda, tesoureiro do PT de&#8230;<!-- AddThis Advanced Settings generic via filter on wp_trim_excerpt --><!-- AddThis Share Buttons generic via filter on wp_trim_excerpt --><\/p>\n","protected":false},"author":17,"featured_media":82830,"comment_status":"closed","ping_status":"closed","sticky":false,"template":"","format":"standard","meta":{"_monsterinsights_skip_tracking":false,"_monsterinsights_sitenote_active":false,"_monsterinsights_sitenote_note":"","_monsterinsights_sitenote_category":0,"_uf_show_specific_survey":0,"_uf_disable_surveys":false,"footnotes":""},"categories":[1390,1401],"tags":[],"class_list":["post-82829","post","type-post","status-publish","format-standard","has-post-thumbnail","hentry","category-editorias","category-nacional"],"acf":[],"_links":{"self":[{"href":"https:\/\/pdt-rj.org.br\/index.php\/wp-json\/wp\/v2\/posts\/82829","targetHints":{"allow":["GET"]}}],"collection":[{"href":"https:\/\/pdt-rj.org.br\/index.php\/wp-json\/wp\/v2\/posts"}],"about":[{"href":"https:\/\/pdt-rj.org.br\/index.php\/wp-json\/wp\/v2\/types\/post"}],"author":[{"embeddable":true,"href":"https:\/\/pdt-rj.org.br\/index.php\/wp-json\/wp\/v2\/users\/17"}],"replies":[{"embeddable":true,"href":"https:\/\/pdt-rj.org.br\/index.php\/wp-json\/wp\/v2\/comments?post=82829"}],"version-history":[{"count":2,"href":"https:\/\/pdt-rj.org.br\/index.php\/wp-json\/wp\/v2\/posts\/82829\/revisions"}],"predecessor-version":[{"id":82832,"href":"https:\/\/pdt-rj.org.br\/index.php\/wp-json\/wp\/v2\/posts\/82829\/revisions\/82832"}],"wp:featuredmedia":[{"embeddable":true,"href":"https:\/\/pdt-rj.org.br\/index.php\/wp-json\/wp\/v2\/media\/82830"}],"wp:attachment":[{"href":"https:\/\/pdt-rj.org.br\/index.php\/wp-json\/wp\/v2\/media?parent=82829"}],"wp:term":[{"taxonomy":"category","embeddable":true,"href":"https:\/\/pdt-rj.org.br\/index.php\/wp-json\/wp\/v2\/categories?post=82829"},{"taxonomy":"post_tag","embeddable":true,"href":"https:\/\/pdt-rj.org.br\/index.php\/wp-json\/wp\/v2\/tags?post=82829"}],"curies":[{"name":"wp","href":"https:\/\/api.w.org\/{rel}","templated":true}]}}