{"id":82808,"date":"2022-07-08T19:34:17","date_gmt":"2022-07-08T22:34:17","guid":{"rendered":"https:\/\/pdt-rj.org.br\/?p=82808"},"modified":"2022-07-13T12:04:21","modified_gmt":"2022-07-13T15:04:21","slug":"lupi-denuncia-na-is-tatica-de-bolsonaro-de-replicar-violacoes-de-trump","status":"publish","type":"post","link":"https:\/\/pdt-rj.org.br\/index.php\/lupi-denuncia-na-is-tatica-de-bolsonaro-de-replicar-violacoes-de-trump\/","title":{"rendered":"Lupi denuncia, na IS, t\u00e1tica de Bolsonaro de replicar viola\u00e7\u00f5es de Trump"},"content":{"rendered":"<p style=\"font-weight: 400;\"><strong><span data-originalfontsize=\"1rem\" data-originalcomputedfontsize=\"16\">Presidente do PDT refor\u00e7a combate \u00e0s amea\u00e7as de ruptura democr\u00e1tica e enaltece pr\u00e9-candidatura de Ciro<\/span><\/strong><\/p>\n<p style=\"font-weight: 400;\"><span data-originalfontsize=\"1rem\" data-originalcomputedfontsize=\"16\">O presidente nacional do PDT, Carlos Lupi, denunciou nesta sexta-feira (8), no encerramento da reuni\u00e3o do conselho da Internacional Socialista (IS), a t\u00e1tica do presidente da Rep\u00fablica do Brasil, Jair Bolsonaro, de tentar replicar as a\u00e7\u00f5es ilegais do ex-presidente dos Estados Unidos, Donald Trump, contra a democracia. O l\u00edder trabalhista relatou a import\u00e2ncia do presidenci\u00e1vel pedetista, Ciro Gomes, para o futuro da na\u00e7\u00e3o brasileira ao longo da reuni\u00e3o que integrou a s\u00e9rie de agendas iniciadas, na \u00faltima quarta-feira (6), na sede das Organiza\u00e7\u00e3o das Na\u00e7\u00f5es Unidas (ONU) em Genebra, na Su\u00ed\u00e7a.<\/span><\/p>\n<p style=\"font-weight: 400;\"><span data-originalfontsize=\"1rem\" data-originalcomputedfontsize=\"16\">\u201cO atual presidente faz um confronto direto com o poder judici\u00e1rio, desrespeita a democracia e a toda hora nos amea\u00e7a com interven\u00e7\u00e3o militar. Opondo-se a uma sociedade mais justa e fraterna que lutamos\u201d, declarou, ao citar que a sigla fundada por Leonel Brizola fez uma representa\u00e7\u00e3o, na Corte de Haia, para responsabilizar o ocupante do Pal\u00e1cio do Planalto por \u201comiss\u00e3o, neglig\u00eancia e mortes de centenas de milhares de brasileiros\u201d na pandemia do coronav\u00edrus.\u00a0<\/span><\/p>\n<p style=\"font-weight: 400;\"><span data-originalfontsize=\"1rem\" data-originalcomputedfontsize=\"16\">\u201cN\u00f3s n\u00e3o tememos amea\u00e7as. O meu partido \u00e9 fruto da luta contra a ditadura, dos cassados e exilados pela ditadura e dos que sofreram para lutar contra a democracia. Nenhum ditador de plant\u00e3o nos assusta com sua palavra torpe, bo\u00e7al e ignorante\u201d, garantiu o\u00a0<\/span>tamb\u00e9m vice-presidente da IS<span data-originalfontsize=\"1rem\" data-originalcomputedfontsize=\"16\">.<\/span><\/p>\n<p style=\"font-weight: 400;\"><span data-originalfontsize=\"1rem\" data-originalcomputedfontsize=\"16\"><img loading=\"lazy\" decoding=\"async\" class=\"aligncenter wp-image-82795 \" src=\"https:\/\/pdt-rj.org.br\/wp-content\/uploads\/2022\/07\/4-300x233.jpeg\" alt=\"\" width=\"547\" height=\"425\" srcset=\"https:\/\/pdt-rj.org.br\/wp-content\/uploads\/2022\/07\/4-300x233.jpeg 300w, https:\/\/pdt-rj.org.br\/wp-content\/uploads\/2022\/07\/4-100x78.jpeg 100w, https:\/\/pdt-rj.org.br\/wp-content\/uploads\/2022\/07\/4-768x596.jpeg 768w, https:\/\/pdt-rj.org.br\/wp-content\/uploads\/2022\/07\/4-116x90.jpeg 116w, https:\/\/pdt-rj.org.br\/wp-content\/uploads\/2022\/07\/4.jpeg 828w\" sizes=\"auto, (max-width: 547px) 100vw, 547px\" \/><br \/>\nPara os membros de partidos pol\u00edticos trabalhistas e social-democratas que integram a IS, da qual o PDT \u00e9 associado desde 1989, Lupi abordou ainda que o Brasil vive o pior momento pol\u00edtico, social e econ\u00f4mico desde o fim do regime militar, em 1964. A presente conjuntura do maior pa\u00eds da Am\u00e9rica Latina coincide com o avan\u00e7o da direita representada pelo bolsonarismo, que foi fomentado pelas bases ligadas ao representante do partido Republicano americano.<\/span><\/p>\n<p style=\"font-weight: 400;\"><span data-originalfontsize=\"1rem\" data-originalcomputedfontsize=\"16\">\u201cIsso n\u00e3o acontece por acaso. Na minha modesta opini\u00e3o, isso come\u00e7a com a elei\u00e7\u00e3o de Trump nos Estados Unidos, que foi o segundo fen\u00f4meno de rede social. O primeiro foi a elei\u00e7\u00e3o do Obama, negro, jovem, filho de africano e que representava uma revolu\u00e7\u00e3o na sua pr\u00f3pria elei\u00e7\u00e3o\u201d, disse.\u00a0<\/span><\/p>\n<p style=\"font-weight: 400;\"><span data-originalfontsize=\"1rem\" data-originalcomputedfontsize=\"16\">\u201cTrump utiliza o mesmo mecanismo de rede social, mas com fake news e criando uma esp\u00e9cie de modelo para acender nas pessoas o individualismo, o \u00f3dio, a homofobia, o racismo e ressaltando, cada vez mais, o individual se sobrepondo ao coletivo\u201d, completou.<\/span><\/p>\n<p><strong><span data-originalfontsize=\"1rem\" data-originalcomputedfontsize=\"16\">Perfil antidemocr\u00e1tico\u00a0<\/span><\/strong><\/p>\n<p style=\"font-weight: 400;\"><span data-originalfontsize=\"1rem\" data-originalcomputedfontsize=\"16\">Ratificando a constante oposi\u00e7\u00e3o feita pelos pedetistas para resguardar a Constitui\u00e7\u00e3o e, consequentemente, garantir o Estado Democr\u00e1tico de Direito, Lupi classificou ainda Bolsonaro como o \u201cestere\u00f3tipo\u201d da \u201cdireita no mundo\u201d. \u00a0<\/span><\/p>\n<p style=\"font-weight: 400;\"><span data-originalfontsize=\"1rem\" data-originalcomputedfontsize=\"16\">\u201cUm homem que trabalha 24 horas por dia contra a ci\u00eancia, se nega a vacinar a popula\u00e7\u00e3o. [&#8230;] N\u00f3s tivemos que fazer uma grande mobiliza\u00e7\u00e3o popular, com a colabora\u00e7\u00e3o da imprensa, para chegar a quase 88% dos brasileiros vacinados. E temos mais de 676 mil mortos\u201d, enfatizou, ao completar: \u201cLamento, profundamente, estar em um pa\u00eds [Brasil] que est\u00e1 roubando os sonhos da nossa juventude e a esperan\u00e7a\u201d.<\/span><\/p>\n<p style=\"font-weight: 400;\"><span data-originalfontsize=\"1rem\" data-originalcomputedfontsize=\"16\">\u201cQuero alertar o mundo que isso n\u00e3o \u00e9 um fen\u00f4meno que acontece s\u00f3 no Brasil. Est\u00e1 se espalhando, principalmente, pelo narcisismo. O culto ao poder, ao dinheiro e \u00e0 posse est\u00e1 sufocando o sentimento da coletividade, da solidariedade, do amor ao ser humano\u201d, evidenciou\u00a0<\/span><span data-originalfontsize=\"1rem\" data-originalcomputedfontsize=\"16\">o pedetista, que liderou a aprova\u00e7\u00e3o de uma resolu\u00e7\u00e3o sobre a paz mundial e de uma declara\u00e7\u00e3o em homenagem aos profissionais da sa\u00fade que lutam contra o Covid-19 (veja, ao final, na \u00edntegra).<\/span><\/p>\n<p style=\"font-weight: 400;\"><strong><span data-originalfontsize=\"1rem\" data-originalcomputedfontsize=\"16\">Elei\u00e7\u00f5es presidenciais<\/span><\/strong><\/p>\n<p style=\"font-weight: 400;\"><span data-originalfontsize=\"1rem\" data-originalcomputedfontsize=\"16\">Sobre o pleito eleitoral brasileiro, que est\u00e1 programado para outubro, defendeu a pr\u00e9-candidatura pedetista de Ciro Gomes a presidente como contraponto para destacar as diferen\u00e7as na esquerda e \u201cderrotar a direita\u201d.<\/span><\/p>\n<p style=\"font-weight: 400;\"><span data-originalfontsize=\"1rem\" data-originalcomputedfontsize=\"16\">\u201cS\u00e3o dois turnos no Brasil. \u00c9 claro que, no primeiro turno, n\u00f3s temos que acentuar nossas diferen\u00e7as com o Lula, do PT. E por que eu quero ressaltar isso? Porque o Lula foi um bom presidente para os pobres, mas o Lula foi um melhor presidente ainda para o sistema financeiro, para os grandes grupos econ\u00f4micos\u201d, pontuou.<\/span><\/p>\n<p style=\"font-weight: 400;\"><span data-originalfontsize=\"1rem\" data-originalcomputedfontsize=\"16\">\u201cO meu pa\u00eds \u00e9 o que mais concentra renda no mundo. 5% da popula\u00e7\u00e3o brasileira det\u00e9m a renda da 95% dos restantes dos brasileiros. Isso choca. O pa\u00eds que \u00e9 o maior produtor de alimentos do mundo tem 40% da sua popula\u00e7\u00e3o subnutrida. \u00a0<\/span><\/p>\n<p style=\"font-weight: 400;\"><span data-originalfontsize=\"1rem\" data-originalcomputedfontsize=\"16\">Com confian\u00e7a no Projeto Nacional de Desenvolvimento (PND), Lupi prev\u00ea a pris\u00e3o do atual chefe da Uni\u00e3o ap\u00f3s o t\u00e9rmino do mandato, em 2023.<\/span><\/p>\n<p style=\"font-weight: 400;\"><span data-originalfontsize=\"1rem\" data-originalcomputedfontsize=\"16\">\u201cNos libertaremos desse profeta da ignor\u00e2ncia que est\u00e1 no Brasil: Jair Bolsonaro. E registrem: ainda o verei na cadeia porque o crime n\u00e3o pode compensar na humanidade\u201d, concluiu.\u00a0<\/span><\/p>\n<p style=\"font-weight: 400;\"><strong><span data-originalfontsize=\"1rem\" data-originalcomputedfontsize=\"16\">Caminho multilateral<\/span><\/strong><\/p>\n<p style=\"font-weight: 400;\"><span data-originalfontsize=\"1rem\" data-originalcomputedfontsize=\"16\">Ao repudiar a invas\u00e3o da R\u00fassia ao territ\u00f3rio da Ucr\u00e2nia, Lupi indicou que a IS deve intensificar o multilateralismo para ampliar a articula\u00e7\u00e3o para enfrentar, \u201ccom altivez, coragem e ousadia, aqueles que querem roubar os sonhos das novas gera\u00e7\u00f5es\u201d.\u00a0<\/span><\/p>\n<p style=\"font-weight: 400;\"><span data-originalfontsize=\"1rem\" data-originalcomputedfontsize=\"16\">\u201cO papel da Internacional Socialista \u00e9 enfrentar essa direita. [&#8230;] A luta pela democracia nos obriga a levar a cada cidad\u00e3o do mundo uma luta multilateral. N\u00f3s temos que ser solid\u00e1rios em todo o tempo, em todo o momento, a todos os povos do mundo se sintam oprimidos. Contra qualquer guerra, seja pela tentativa americana de invadir a Venezuela e Cuba, seja pela R\u00fassia invadindo e destruindo a Ucr\u00e2nia. N\u00f3s somos pac\u00edficos, humanit\u00e1rios e queremos o direito \u00e0 vida com dignidade, amor e respeito \u00e0 cidadania\u201d, afirmou.\u00a0<\/span><\/p>\n<p style=\"font-weight: 400;\"><span data-originalfontsize=\"1rem\" data-originalcomputedfontsize=\"16\">A delega\u00e7\u00e3o do PDT contou ainda com as participa\u00e7\u00f5es do l\u00edder da sigla na C\u00e2mara, deputado Andr\u00e9 Figueiredo; a presidente nacional da A\u00e7\u00e3o da Mulher Trabalhista (AMT), Miguelina Vecchio; do vereador de Porto Alegre e secret\u00e1rio-adjunto de Rela\u00e7\u00f5es Internacionais do partido, M\u00e1rcio Bin Ely, e Fl\u00e1via Menezes, tamb\u00e9m da AMT.<\/span><\/p>\n<p style=\"font-weight: 400;\"><strong><span data-originalfontsize=\"1rem\" data-originalcomputedfontsize=\"16\">Manifestos\u00a0<\/span><\/strong><\/p>\n<p style=\"font-weight: 400;\"><span data-originalfontsize=\"1rem\" data-originalcomputedfontsize=\"16\">Ao final, os participantes aprovaram, por sugest\u00e3o de Lupi, uma resolu\u00e7\u00e3o que condena a ocorr\u00eancia de guerras, como a vigente no Leste Europeu, bem como estimula a mobiliza\u00e7\u00e3o para garantir a defesa dos direitos humanos, da paz e da soberania e interdepend\u00eancia dos povos.\u00a0<\/span><\/p>\n<p style=\"font-weight: 400;\"><span data-originalfontsize=\"1rem\" data-originalcomputedfontsize=\"16\">Conjuntamente, Lupi tamb\u00e9m mediou a valida\u00e7\u00e3o da declara\u00e7\u00e3o que homenageia os profissionais de sa\u00fade no enfrentamento da pandemia do coronav\u00edrus.\u00a0<\/span><\/p>\n<p style=\"font-weight: 400;\"><span data-originalfontsize=\"1rem\" data-originalcomputedfontsize=\"16\">Confira, abaixo, os documentos na integra:\u00a0<\/span><\/p>\n<p style=\"font-weight: 400;\"><strong><em><span data-originalfontsize=\"1rem\" data-originalcomputedfontsize=\"16\">Resolu\u00e7\u00e3o em favor da PAZ e contra Guerras<\/span><\/em><\/strong><\/p>\n<p style=\"font-weight: 400;\"><em><span data-originalfontsize=\"1rem\" data-originalcomputedfontsize=\"16\">O Conselho da Internacional Socialista, reunido em Genebra nos dias 7 e 8 de julho de 2022.\u00a0<\/span><\/em><\/p>\n<p style=\"font-weight: 400;\"><em><span data-originalfontsize=\"1rem\" data-originalcomputedfontsize=\"16\">Constata que os preju\u00edzos causados pelas guerras ao longo da hist\u00f3ria t\u00eam causado indescrit\u00edveis sofrimentos \u00e0 humanidade.<\/span><\/em><\/p>\n<p style=\"font-weight: 400;\"><em><span data-originalfontsize=\"1rem\" data-originalcomputedfontsize=\"16\">Recorda a necessidade de uma ordem internacional baseada no Direito e amparada na defesa dos Direitos Humanos, na paz e na soberania e interdepend\u00eancia dos povos.\u00a0<\/span><\/em><\/p>\n<p style=\"font-weight: 400;\"><em><span data-originalfontsize=\"1rem\" data-originalcomputedfontsize=\"16\">Constata com preocupa\u00e7\u00e3o a falta de mecanismos multilaterais de negocia\u00e7\u00e3o e resolu\u00e7\u00e3o de conflitos e a incapacidade de se evitar conflitos em determinadas regi\u00f5es, como o caso da guerra na Ucr\u00e2nia.\u00a0<\/span><\/em><\/p>\n<p style=\"font-weight: 400;\"><em><span data-originalfontsize=\"1rem\" data-originalcomputedfontsize=\"16\">Reitera a necessidade, do empenho e do compromisso de todas as na\u00e7\u00f5es, sob o risco de alguns poucos agentes contribu\u00edrem para um poss\u00edvel conflito mundial iminente.<\/span><\/em><\/p>\n<p style=\"font-weight: 400;\"><em><span data-originalfontsize=\"1rem\" data-originalcomputedfontsize=\"16\">Se une as Na\u00e7\u00f5es Unidas na salvaguarda da soberania das na\u00e7\u00f5es e de sua integridade territorial que deve ser um princ\u00edpio basilar em um sistema internacional justo e orientado \u00e0 manuten\u00e7\u00e3o da paz.\u00a0<\/span><\/em><\/p>\n<p style=\"font-weight: 400;\"><em><span data-originalfontsize=\"1rem\" data-originalcomputedfontsize=\"16\">Se solidariza com o povo ucraniano em sua luta pela liberdade.<\/span><\/em><\/p>\n<p style=\"font-weight: 400;\"><em><span data-originalfontsize=\"1rem\" data-originalcomputedfontsize=\"16\">Recha\u00e7a toda e qualquer iniciativa de invas\u00e3o ou ocupa\u00e7\u00e3o de territ\u00f3rios e pa\u00edses, por meio da for\u00e7a e de atividades b\u00e9licas ileg\u00edtimas.<\/span><\/em><\/p>\n<p style=\"font-weight: 400;\"><em><span data-originalfontsize=\"1rem\" data-originalcomputedfontsize=\"16\">Condena iniciativas que representem o uso da for\u00e7a e viol\u00eancia para desestabilizar a soberania dos povos, bem como a invas\u00e3o de territ\u00f3rios e a propaga\u00e7\u00e3o da guerra como maneira de imposi\u00e7\u00e3o ileg\u00edtima de vontade.<\/span><\/em><\/p>\n<p style=\"font-weight: 400;\"><em><span data-originalfontsize=\"1rem\" data-originalcomputedfontsize=\"16\">Faz um chamamento em favor da paz mundial.<\/span><\/em><\/p>\n<p style=\"font-weight: 400;\"><b><i><span data-removefontsize=\"true\" data-originalcomputedfontsize=\"17\"><br \/>\nDeclara\u00e7\u00e3o sobre a pandemia do COVID-19 e os profissionais da sa\u00fade\u00a0<\/span><\/i><\/b><\/p>\n<p style=\"font-weight: 400;\"><i><span data-removefontsize=\"true\" data-originalcomputedfontsize=\"17\">O Conselho da Internacional Socialista reunido nos dias 7 e 8 de julho de 2022, em Genebra,\u00a0\u00a0expressa sua solidariedade e apreco aos profissionais de sa\u00fade que, durante a pandemia da Covid-19, n\u00e3o mediram esforcos para salvar vidas.Recordando que os profissionais de sa\u00fade ocuparam a linha de frente no combate \u00e0 covid-19. Nos momentos de pico da doen\u00e7a, esses profissionais enfrentaram condi\u00e7\u00f5es de trabalho extenuantes e muitas vezes precisaram se desdobrar para cobrir a aus\u00eancia de colegas, muitos dos quais perderam suas vidas para a doen\u00e7a.\u00a0<\/span><\/i><\/p>\n<p style=\"font-weight: 400;\"><i><span data-removefontsize=\"true\" data-originalcomputedfontsize=\"17\">Reconhece que para evitar a contamina\u00e7\u00e3o, tiveram de se manter afastados de amigos e familiares. Nesse ambiente desolador, em muitos pa\u00edses os trabalhadores da sa\u00fade, como tantos outros trabalhadores, precisaram enfrentar as consequ\u00eancias financeiras da m\u00e1 gest\u00e3o econ\u00f4micas da pandemia.\u00a0<\/span><\/i><\/p>\n<p style=\"font-weight: 400;\"><i><span data-removefontsize=\"true\" data-originalcomputedfontsize=\"17\">Reitera que essa situa\u00e7\u00e3o apenas ressalta sua for\u00e7a de vontade e coragem, assim como sua voca\u00e7\u00e3o para cuidar das pessoas. A abnega\u00e7\u00e3o e o empenho desses profissionais salvaram incont\u00e1veis vidas.\u00a0<\/span><\/i><\/p>\n<p style=\"font-weight: 400;\"><i><span data-removefontsize=\"true\" data-originalcomputedfontsize=\"17\">Expressa que esse esfor\u00e7o demonstrou todo o seu apre\u00e7o e solidariedade aos doentes e acometidos pela COVID 19 em especial para com seus amigos e familiares.<\/span><\/i><\/p>\n<p style=\"font-weight: 400;\"><i><span data-removefontsize=\"true\" data-originalcomputedfontsize=\"17\">Faz um chamamento aos governos em favor da vacina\u00e7\u00e3o, pois, em muitos pa\u00edses, o negacionismo contribuiu para atrasar e dificultar a vacinacao, como occorreu no Brasil por interferencia direta do Presidente da Rep\u00fablica.<\/span><\/i><\/p>\n<p style=\"font-weight: 400;\"><i><span data-removefontsize=\"true\" data-originalcomputedfontsize=\"17\">Reitera sua solidariedade e seu compromisso com a luta concreta pela melhoria das condi\u00e7\u00f5es de trabalho e de vida dos profissionais de sa\u00fade.<\/span><\/i><\/p>\n<!-- AddThis Advanced Settings generic via filter on the_content --><!-- AddThis Share Buttons generic via filter on the_content -->","protected":false},"excerpt":{"rendered":"<p>Presidente do PDT refor\u00e7a combate \u00e0s amea\u00e7as de ruptura democr\u00e1tica e enaltece pr\u00e9-candidatura de Ciro O presidente nacional do PDT, Carlos Lupi, denunciou nesta sexta-feira (8), no encerramento da reuni\u00e3o do conselho da Internacional Socialista (IS), a t\u00e1tica do presidente da Rep\u00fablica do Brasil, Jair Bolsonaro, de tentar replicar as a\u00e7\u00f5es ilegais do ex-presidente dos&#8230;<!-- AddThis Advanced Settings generic via filter on wp_trim_excerpt --><!-- AddThis Share Buttons generic via filter on wp_trim_excerpt --><\/p>\n","protected":false},"author":17,"featured_media":82797,"comment_status":"closed","ping_status":"closed","sticky":false,"template":"","format":"standard","meta":{"_monsterinsights_skip_tracking":false,"_monsterinsights_sitenote_active":false,"_monsterinsights_sitenote_note":"","_monsterinsights_sitenote_category":0,"_uf_show_specific_survey":0,"_uf_disable_surveys":false,"footnotes":""},"categories":[1390,5417,3030],"tags":[],"class_list":["post-82808","post","type-post","status-publish","format-standard","has-post-thumbnail","hentry","category-editorias","category-carlos-lupi","category-internacional"],"acf":[],"_links":{"self":[{"href":"https:\/\/pdt-rj.org.br\/index.php\/wp-json\/wp\/v2\/posts\/82808","targetHints":{"allow":["GET"]}}],"collection":[{"href":"https:\/\/pdt-rj.org.br\/index.php\/wp-json\/wp\/v2\/posts"}],"about":[{"href":"https:\/\/pdt-rj.org.br\/index.php\/wp-json\/wp\/v2\/types\/post"}],"author":[{"embeddable":true,"href":"https:\/\/pdt-rj.org.br\/index.php\/wp-json\/wp\/v2\/users\/17"}],"replies":[{"embeddable":true,"href":"https:\/\/pdt-rj.org.br\/index.php\/wp-json\/wp\/v2\/comments?post=82808"}],"version-history":[{"count":8,"href":"https:\/\/pdt-rj.org.br\/index.php\/wp-json\/wp\/v2\/posts\/82808\/revisions"}],"predecessor-version":[{"id":82879,"href":"https:\/\/pdt-rj.org.br\/index.php\/wp-json\/wp\/v2\/posts\/82808\/revisions\/82879"}],"wp:featuredmedia":[{"embeddable":true,"href":"https:\/\/pdt-rj.org.br\/index.php\/wp-json\/wp\/v2\/media\/82797"}],"wp:attachment":[{"href":"https:\/\/pdt-rj.org.br\/index.php\/wp-json\/wp\/v2\/media?parent=82808"}],"wp:term":[{"taxonomy":"category","embeddable":true,"href":"https:\/\/pdt-rj.org.br\/index.php\/wp-json\/wp\/v2\/categories?post=82808"},{"taxonomy":"post_tag","embeddable":true,"href":"https:\/\/pdt-rj.org.br\/index.php\/wp-json\/wp\/v2\/tags?post=82808"}],"curies":[{"name":"wp","href":"https:\/\/api.w.org\/{rel}","templated":true}]}}