{"id":82787,"date":"2022-07-07T15:42:57","date_gmt":"2022-07-07T18:42:57","guid":{"rendered":"https:\/\/pdt-rj.org.br\/?p=82787"},"modified":"2022-07-13T09:53:24","modified_gmt":"2022-07-13T12:53:24","slug":"pdt-entra-com-representacao-contra-bolsonaro-por-ataque-a-democracia","status":"publish","type":"post","link":"https:\/\/pdt-rj.org.br\/index.php\/pdt-entra-com-representacao-contra-bolsonaro-por-ataque-a-democracia\/","title":{"rendered":"PDT entra com representa\u00e7\u00e3o contra Bolsonaro por ataque \u00e0 democracia"},"content":{"rendered":"<p><strong>Presidente declara que n\u00e3o haver\u00e1 elei\u00e7\u00f5es caso o TSE n\u00e3o acate exig\u00eancias das For\u00e7as Armadas<\/strong><\/p>\n<p>O PDT entrou com uma representa\u00e7\u00e3o, na Procuradoria-Geral da Rep\u00fablica (PGR), contra o presidente Jair Bolsonaro por amea\u00e7a ao processo democr\u00e1tico e \u00e0s elei\u00e7\u00f5es que acontecer\u00e3o em outubro. A a\u00e7\u00e3o pedetista foi protocolada hoje (7) e detalhou as ilegalidades resultantes das declara\u00e7\u00f5es feitas pelo mandat\u00e1rio brasileiro no in\u00edcio desta semana.<\/p>\n<p>Em reuni\u00e3o realizada na \u00faltima segunda-feira (4), Bolsonaro voltou a atacar as urnas eletr\u00f4nicas e o sistema eleitoral brasileiro. O presidente da Rep\u00fablica amea\u00e7ou n\u00e3o permitir que as elei\u00e7\u00f5es sejam realizadas caso o Tribunal Superior Eleitoral (TSE) n\u00e3o acate as exig\u00eancias feitas pelas For\u00e7as Armadas em seu nome. De acordo com o documento pedetista, o mandat\u00e1rio cometeu crime.<\/p>\n<p>\u201cAo afirmar que n\u00e3o vai permitir que as elei\u00e7\u00f5es ocorram caso o TSE n\u00e3o aceite as exig\u00eancias formuladas pelas For\u00e7as Armadas, o Presidente da Rep\u00fablica praticou, em tese, o il\u00edcito descrito no art. 359-L do C\u00f3digo Penal\u201d, diz a Representa\u00e7\u00e3o. Ou seja, Bolsonaro tentou \u201ccom emprego de viol\u00eancia ou grave amea\u00e7a, abolir o Estado Democr\u00e1tico de Direito, impedindo ou restringindo o exerc\u00edcio dos poderes constitucionais\u201d, como descreve a Lei.<\/p>\n<p>A representa\u00e7\u00e3o pedetista afirma ainda que o pr\u00e9-candidato \u00e0 reelei\u00e7\u00e3o cria uma atmosfera de incerteza sobre as elei\u00e7\u00f5es e o Poder Judici\u00e1rio, incutindo na popula\u00e7\u00e3o um sentimento de medo e inseguran\u00e7a baseado em informa\u00e7\u00f5es levianas. O posicionamento do mandat\u00e1rio, segundo o PDT, bate de frente com direitos estabelecidos pela Constitui\u00e7\u00e3o Federal.<\/p>\n<p>\u201cAo amea\u00e7ar a realiza\u00e7\u00e3o das elei\u00e7\u00f5es, o Presidente da Rep\u00fablica agride, de forma frontal, o Estado de Direito, a democracia, o exerc\u00edcio dos poderes constitucionais e os direitos individuais, todos dispostos no texto constitucional como cl\u00e1usula p\u00e9trea (art. 60, \u00a74\u00ba da CF\/88). O impedimento e a restri\u00e7\u00e3o ao exerc\u00edcio dos poderes constitucionais recai sobre o Poder Judici\u00e1rio, mais precisamente sobre o TSE, a quem compete realizar as elei\u00e7\u00f5es. Vale dizer, a um s\u00f3 tempo, o Presidente da Rep\u00fablica amea\u00e7a destruir todos os pilares estruturadores do regime democr\u00e1tico, o que n\u00e3o pode ser permitido e aceit\u00e1vel\u201d, conclui o documento.<\/p>\n<p>Confira \u00edntegra da Representa\u00e7\u00e3o abaixo.<\/p>\n<p><a href=\"https:\/\/www.pdt.org.br\/wp-content\/uploads\/2022\/07\/REP.BOLSONARO.AMEACA.ELEICOES.pdf\" data-wpel-link=\"internal\">REP.BOLSONARO.AMEACA.ELEICOES<\/a><\/p>\n<!-- AddThis Advanced Settings generic via filter on the_content --><!-- AddThis Share Buttons generic via filter on the_content -->","protected":false},"excerpt":{"rendered":"<p>Presidente declara que n\u00e3o haver\u00e1 elei\u00e7\u00f5es caso o TSE n\u00e3o acate exig\u00eancias das For\u00e7as Armadas O PDT entrou com uma representa\u00e7\u00e3o, na Procuradoria-Geral da Rep\u00fablica (PGR), contra o presidente Jair Bolsonaro por amea\u00e7a ao processo democr\u00e1tico e \u00e0s elei\u00e7\u00f5es que acontecer\u00e3o em outubro. A a\u00e7\u00e3o pedetista foi protocolada hoje (7) e detalhou as ilegalidades resultantes&#8230;<!-- AddThis Advanced Settings generic via filter on wp_trim_excerpt --><!-- AddThis Share Buttons generic via filter on wp_trim_excerpt --><\/p>\n","protected":false},"author":17,"featured_media":82788,"comment_status":"closed","ping_status":"closed","sticky":false,"template":"","format":"standard","meta":{"_monsterinsights_skip_tracking":false,"_monsterinsights_sitenote_active":false,"_monsterinsights_sitenote_note":"","_monsterinsights_sitenote_category":0,"_uf_show_specific_survey":0,"_uf_disable_surveys":false,"footnotes":""},"categories":[1390,1401],"tags":[],"class_list":["post-82787","post","type-post","status-publish","format-standard","has-post-thumbnail","hentry","category-editorias","category-nacional"],"acf":[],"_links":{"self":[{"href":"https:\/\/pdt-rj.org.br\/index.php\/wp-json\/wp\/v2\/posts\/82787","targetHints":{"allow":["GET"]}}],"collection":[{"href":"https:\/\/pdt-rj.org.br\/index.php\/wp-json\/wp\/v2\/posts"}],"about":[{"href":"https:\/\/pdt-rj.org.br\/index.php\/wp-json\/wp\/v2\/types\/post"}],"author":[{"embeddable":true,"href":"https:\/\/pdt-rj.org.br\/index.php\/wp-json\/wp\/v2\/users\/17"}],"replies":[{"embeddable":true,"href":"https:\/\/pdt-rj.org.br\/index.php\/wp-json\/wp\/v2\/comments?post=82787"}],"version-history":[{"count":5,"href":"https:\/\/pdt-rj.org.br\/index.php\/wp-json\/wp\/v2\/posts\/82787\/revisions"}],"predecessor-version":[{"id":82874,"href":"https:\/\/pdt-rj.org.br\/index.php\/wp-json\/wp\/v2\/posts\/82787\/revisions\/82874"}],"wp:featuredmedia":[{"embeddable":true,"href":"https:\/\/pdt-rj.org.br\/index.php\/wp-json\/wp\/v2\/media\/82788"}],"wp:attachment":[{"href":"https:\/\/pdt-rj.org.br\/index.php\/wp-json\/wp\/v2\/media?parent=82787"}],"wp:term":[{"taxonomy":"category","embeddable":true,"href":"https:\/\/pdt-rj.org.br\/index.php\/wp-json\/wp\/v2\/categories?post=82787"},{"taxonomy":"post_tag","embeddable":true,"href":"https:\/\/pdt-rj.org.br\/index.php\/wp-json\/wp\/v2\/tags?post=82787"}],"curies":[{"name":"wp","href":"https:\/\/api.w.org\/{rel}","templated":true}]}}