{"id":82754,"date":"2022-07-05T12:11:23","date_gmt":"2022-07-05T15:11:23","guid":{"rendered":"https:\/\/pdt-rj.org.br\/?p=82754"},"modified":"2022-07-05T14:38:08","modified_gmt":"2022-07-05T17:38:08","slug":"david-miranda-temos-um-presidente-da-republica-que-ativamente-e-lgbtfobico","status":"publish","type":"post","link":"https:\/\/pdt-rj.org.br\/index.php\/david-miranda-temos-um-presidente-da-republica-que-ativamente-e-lgbtfobico\/","title":{"rendered":"David Miranda: &#8220;Temos um presidente da Rep\u00fablica que ativamente \u00e9 LGBTf\u00f3bico&#8221;"},"content":{"rendered":"<p><strong>Na C\u00e2mara, deputado do PDT cobra<\/strong><strong>\u00a0a aprova\u00e7\u00e3o de propostas que garantam os direitos a essa popula\u00e7\u00e3o<\/strong><\/p>\n<p>Em sess\u00e3o solene solicitada pelo deputado pedetista David Miranda (RJ) e outros parlamentares, em homenagem aoDia do Orgulho LGBTQIA<strong>+<\/strong>, os participantes cobraram a aprova\u00e7\u00e3o de propostas que garantam os direitos a essa popula\u00e7\u00e3o. A sess\u00e3o ocorreu no Plen\u00e1rio da C\u00e2mara dos Deputados na ter\u00e7a-feira (28\/06).<\/p>\n<p>David Miranda destacou que as recentes conquistas da popula\u00e7\u00e3o LGBTQIA+ foram obtidas no Supremo Tribunal Federal (STF) e n\u00e3o no Congresso Nacional. Em 2019, por exemplo, o STF criminalizou a homofobia e a transfobia no Brasil. Ele tamb\u00e9m criticou o atual governo por estimular a viol\u00eancia contra a comunidade LGBTQIA+.<\/p>\n<p>\u201cN\u00f3s temos um presidente [da Rep\u00fablica] que ativamente \u00e9 LGBTf\u00f3bico, faz ataques a toda comunidade LGBTQIA+, inclusive a mim, \u00e0 minha fam\u00edlia e a meu marido. Eu hoje estou aqui em p\u00e9 neste local que n\u00e3o aceita nossos corpos, nossa orienta\u00e7\u00e3o sexual ou a nossa identidade de g\u00eanero. Estou aqui resistindo em um espa\u00e7o onde somos muito poucos, onde as pol\u00edticas p\u00fablicas n\u00e3o acontecem para a nossa popula\u00e7\u00e3o\u201d, afirmou.<\/p>\n<p>Presidente da Associa\u00e7\u00e3o Brasileira de Gays, L\u00e9sbicas, Bissexuais, Travestis, Transexuais e Intersexos (ABGLT), Gustavo Miranda Coutinho reiterou que o Parlamento est\u00e1 em d\u00edvida com essa popula\u00e7\u00e3o, porque desde a Constitui\u00e7\u00e3o de 1988 n\u00e3o aprova proposta garantindo direitos para os LGBTQIA+. Ele defende um marco legal assegurando prote\u00e7\u00e3o e direitos para essa popula\u00e7\u00e3o.<\/p>\n<p>Coordenadora Nacional da \u00c1rea Jur\u00eddica da Alian\u00e7a Nacional de L\u00e9sbicas, Gays, Bissexuais, Travestis, Transexuais e Intersexuais (LGBTQI+), Amanda Souto tamb\u00e9m pediu que parlamentares aprovem propostas com garantias para essa popula\u00e7\u00e3o. \u201cN\u00f3s precisamos fazer com que os bons projetos de lei que existem aqui sejam aprovados e que outros bons projetos sejam apresentados, para garantirmos a nossa cidadania. Hoje n\u00f3s temos um projeto excelente, que \u00e9 o Estatuto da Diversidade (PLS 134\/18), que est\u00e1 parado na Comiss\u00e3o de Transpar\u00eancia do Senado\u201d, citou.<\/p>\n<p>Professora e integrante da Associa\u00e7\u00e3o Nacional de Travestis e Transexuais (Antra), Sara Wagner York afirmou que nos \u00faltimos anos foram contabilizados \u201c248 projetos de lei antig\u00eanero\u201d em tramita\u00e7\u00e3o na Casa. Para ela, o Congresso \u201cproduz, reproduz e mant\u00e9m viola\u00e7\u00f5es ao se negar a enfrentar as din\u00e2micas da LGBTfobia para al\u00e9m desse dia\u201d.<\/p>\n<p>Vice-presidente da Associa\u00e7\u00e3o Brasileira de Fam\u00edlias Homotransafetivas, Thamirys Nunes observou que \u00e9 preciso mudar a concep\u00e7\u00e3o de que ser LGBT ou trans \u00e9 uma escolha. \u201cN\u00e3o \u00e9 uma escolha, as pessoas nascem assim\u201d, afirmou. Segundo ela, mudar essa concep\u00e7\u00e3o \u00e9 importante para que essas pessoas n\u00e3o sejam vistas como aberra\u00e7\u00e3o, fruto de fam\u00edlia desajustadas. Ela ressaltou que as pol\u00edticas p\u00fablicas devem abranger a inf\u00e2ncia e a adolesc\u00eancia, j\u00e1 que as pessoas LGBT e trans j\u00e1 chegam na idade adulta violentadas, por exemplo, pelas pr\u00f3prias fam\u00edlias, que as expulsam de casa.<\/p>\n<p>Presidente e fundadora da Associa\u00e7\u00e3o Brasileira de Intersexos, Tha\u00eds Em\u00edlia criticou, por sua vez, a falta de dados e pol\u00edticas sobre pessoas intersexo, que nascem com caracter\u00edsticas f\u00edsicas, gen\u00e9ticas ou hormonais que n\u00e3o se enquadram nas defini\u00e7\u00f5es biol\u00f3gicas t\u00edpicas de masculino ou feminino. Segundo ela, n\u00e3o se sabe nem quantas pessoas intersexo h\u00e1 no Pa\u00eds e h\u00e1 dificuldade de registro e acesso a documentos. Ela tamb\u00e9m denunciou a mutila\u00e7\u00e3o de \u00f3rg\u00e3os sexuais de beb\u00eas intersexo e ressaltou que os adultos intersexo n\u00e3o s\u00e3o acolhidos pela rede de sa\u00fade.<\/p>\n<!-- AddThis Advanced Settings generic via filter on the_content --><!-- AddThis Share Buttons generic via filter on the_content -->","protected":false},"excerpt":{"rendered":"<p>Na C\u00e2mara, deputado do PDT cobra\u00a0a aprova\u00e7\u00e3o de propostas que garantam os direitos a essa popula\u00e7\u00e3o Em sess\u00e3o solene solicitada pelo deputado pedetista David Miranda (RJ) e outros parlamentares, em homenagem aoDia do Orgulho LGBTQIA+, os participantes cobraram a aprova\u00e7\u00e3o de propostas que garantam os direitos a essa popula\u00e7\u00e3o. A sess\u00e3o ocorreu no Plen\u00e1rio da&#8230;<!-- AddThis Advanced Settings generic via filter on wp_trim_excerpt --><!-- AddThis Share Buttons generic via filter on wp_trim_excerpt --><\/p>\n","protected":false},"author":17,"featured_media":82755,"comment_status":"closed","ping_status":"closed","sticky":false,"template":"","format":"standard","meta":{"_monsterinsights_skip_tracking":false,"_monsterinsights_sitenote_active":false,"_monsterinsights_sitenote_note":"","_monsterinsights_sitenote_category":0,"_uf_show_specific_survey":0,"_uf_disable_surveys":false,"footnotes":""},"categories":[1390,1401],"tags":[],"class_list":["post-82754","post","type-post","status-publish","format-standard","has-post-thumbnail","hentry","category-editorias","category-nacional"],"acf":[],"_links":{"self":[{"href":"https:\/\/pdt-rj.org.br\/index.php\/wp-json\/wp\/v2\/posts\/82754","targetHints":{"allow":["GET"]}}],"collection":[{"href":"https:\/\/pdt-rj.org.br\/index.php\/wp-json\/wp\/v2\/posts"}],"about":[{"href":"https:\/\/pdt-rj.org.br\/index.php\/wp-json\/wp\/v2\/types\/post"}],"author":[{"embeddable":true,"href":"https:\/\/pdt-rj.org.br\/index.php\/wp-json\/wp\/v2\/users\/17"}],"replies":[{"embeddable":true,"href":"https:\/\/pdt-rj.org.br\/index.php\/wp-json\/wp\/v2\/comments?post=82754"}],"version-history":[{"count":4,"href":"https:\/\/pdt-rj.org.br\/index.php\/wp-json\/wp\/v2\/posts\/82754\/revisions"}],"predecessor-version":[{"id":82759,"href":"https:\/\/pdt-rj.org.br\/index.php\/wp-json\/wp\/v2\/posts\/82754\/revisions\/82759"}],"wp:featuredmedia":[{"embeddable":true,"href":"https:\/\/pdt-rj.org.br\/index.php\/wp-json\/wp\/v2\/media\/82755"}],"wp:attachment":[{"href":"https:\/\/pdt-rj.org.br\/index.php\/wp-json\/wp\/v2\/media?parent=82754"}],"wp:term":[{"taxonomy":"category","embeddable":true,"href":"https:\/\/pdt-rj.org.br\/index.php\/wp-json\/wp\/v2\/categories?post=82754"},{"taxonomy":"post_tag","embeddable":true,"href":"https:\/\/pdt-rj.org.br\/index.php\/wp-json\/wp\/v2\/tags?post=82754"}],"curies":[{"name":"wp","href":"https:\/\/api.w.org\/{rel}","templated":true}]}}