{"id":82734,"date":"2022-07-01T16:29:07","date_gmt":"2022-07-01T19:29:07","guid":{"rendered":"https:\/\/pdt-rj.org.br\/?p=82734"},"modified":"2022-07-04T13:34:12","modified_gmt":"2022-07-04T16:34:12","slug":"a-pedido-do-pdt-stf-barra-lei-que-amplia-gastos-com-publicidade-dos-governos-federal-estaduais-e-municipais","status":"publish","type":"post","link":"https:\/\/pdt-rj.org.br\/index.php\/a-pedido-do-pdt-stf-barra-lei-que-amplia-gastos-com-publicidade-dos-governos-federal-estaduais-e-municipais\/","title":{"rendered":"A pedido do PDT, STF barra lei que amplia gastos com publicidade dos governos federal, estaduais e municipais"},"content":{"rendered":"<p><strong>Corte entende que amplia\u00e7\u00e3o dos limites n\u00e3o pode ser aplicada nas elei\u00e7\u00f5es de 2022<\/strong><\/p>\n<p>O PDT acionou o Supremo Tribunal Federal (STF) contra os artigos 3\u00ba e 4\u00ba da Lei n\u00ba 14.356\/2022, que afastam e alteram restri\u00e7\u00f5es previstas na \u201cLei das Elei\u00e7\u00f5es\u201d, de 1997. A altera\u00e7\u00e3o mais perniciosa foi a veiculada no art. 3\u00ba, que autorizou e ampliou os gastos do governos federal, estaduais e municipais com publicidade.<\/p>\n<p>Antes era considerada conduta vedada a realiza\u00e7\u00e3o, no primeiro semestre do ano eleitoral, de despesas que excedessem a m\u00e9dia de gastos no primeiro semestre dos tr\u00eas \u00faltimos anos que antecedem o pleito. Com a modifica\u00e7\u00e3o, a proibi\u00e7\u00e3o \u00e9 a de realizar empenho, tamb\u00e9m no primeiro semestre, que exceda a seis vezes a m\u00e9dia mensal dos valores empenhados e n\u00e3o cancelados nos \u00faltimos tr\u00eas anos.<\/p>\n<p>Por maioria, o STF entendeu que essa amplia\u00e7\u00e3o dos limites para gasto com publicidade institucional n\u00e3o pode ser aplicada nas elei\u00e7\u00f5es de 2022, pois para al\u00e9m de ferir o princ\u00edpio da anualidade eleitoral, pode impactar significativamente o pleito.<\/p>\n<!-- AddThis Advanced Settings generic via filter on the_content --><!-- AddThis Share Buttons generic via filter on the_content -->","protected":false},"excerpt":{"rendered":"<p>Corte entende que amplia\u00e7\u00e3o dos limites n\u00e3o pode ser aplicada nas elei\u00e7\u00f5es de 2022 O PDT acionou o Supremo Tribunal Federal (STF) contra os artigos 3\u00ba e 4\u00ba da Lei n\u00ba 14.356\/2022, que afastam e alteram restri\u00e7\u00f5es previstas na \u201cLei das Elei\u00e7\u00f5es\u201d, de 1997. A altera\u00e7\u00e3o mais perniciosa foi a veiculada no art. 3\u00ba, que&#8230;<!-- AddThis Advanced Settings generic via filter on wp_trim_excerpt --><!-- AddThis Share Buttons generic via filter on wp_trim_excerpt --><\/p>\n","protected":false},"author":17,"featured_media":82735,"comment_status":"closed","ping_status":"closed","sticky":false,"template":"","format":"standard","meta":{"_monsterinsights_skip_tracking":false,"_monsterinsights_sitenote_active":false,"_monsterinsights_sitenote_note":"","_monsterinsights_sitenote_category":0,"_uf_show_specific_survey":0,"_uf_disable_surveys":false,"footnotes":""},"categories":[1390,1401],"tags":[],"class_list":["post-82734","post","type-post","status-publish","format-standard","has-post-thumbnail","hentry","category-editorias","category-nacional"],"acf":[],"_links":{"self":[{"href":"https:\/\/pdt-rj.org.br\/index.php\/wp-json\/wp\/v2\/posts\/82734","targetHints":{"allow":["GET"]}}],"collection":[{"href":"https:\/\/pdt-rj.org.br\/index.php\/wp-json\/wp\/v2\/posts"}],"about":[{"href":"https:\/\/pdt-rj.org.br\/index.php\/wp-json\/wp\/v2\/types\/post"}],"author":[{"embeddable":true,"href":"https:\/\/pdt-rj.org.br\/index.php\/wp-json\/wp\/v2\/users\/17"}],"replies":[{"embeddable":true,"href":"https:\/\/pdt-rj.org.br\/index.php\/wp-json\/wp\/v2\/comments?post=82734"}],"version-history":[{"count":2,"href":"https:\/\/pdt-rj.org.br\/index.php\/wp-json\/wp\/v2\/posts\/82734\/revisions"}],"predecessor-version":[{"id":82737,"href":"https:\/\/pdt-rj.org.br\/index.php\/wp-json\/wp\/v2\/posts\/82734\/revisions\/82737"}],"wp:featuredmedia":[{"embeddable":true,"href":"https:\/\/pdt-rj.org.br\/index.php\/wp-json\/wp\/v2\/media\/82735"}],"wp:attachment":[{"href":"https:\/\/pdt-rj.org.br\/index.php\/wp-json\/wp\/v2\/media?parent=82734"}],"wp:term":[{"taxonomy":"category","embeddable":true,"href":"https:\/\/pdt-rj.org.br\/index.php\/wp-json\/wp\/v2\/categories?post=82734"},{"taxonomy":"post_tag","embeddable":true,"href":"https:\/\/pdt-rj.org.br\/index.php\/wp-json\/wp\/v2\/tags?post=82734"}],"curies":[{"name":"wp","href":"https:\/\/api.w.org\/{rel}","templated":true}]}}