{"id":82731,"date":"2022-07-01T13:27:43","date_gmt":"2022-07-01T16:27:43","guid":{"rendered":"https:\/\/pdt-rj.org.br\/?p=82731"},"modified":"2022-07-05T10:24:49","modified_gmt":"2022-07-05T13:24:49","slug":"pdt-consegue-vitoria-no-stf-e-brasileiro-nao-vai-ser-lesado","status":"publish","type":"post","link":"https:\/\/pdt-rj.org.br\/index.php\/pdt-consegue-vitoria-no-stf-e-brasileiro-nao-vai-ser-lesado\/","title":{"rendered":"PDT consegue vit\u00f3ria no STF e brasileiro n\u00e3o vai ser lesado"},"content":{"rendered":"<h3>Supremo barra cancelamento de precat\u00f3rios e RPV em julgamento \u00e0 a\u00e7\u00e3o pesdetista<\/h3>\n<p>Em julgamento \u00e0 A\u00e7\u00e3o Direta de Inconstitucionalidade (ADI) 5755 do PDT, na \u00faltima quinta-feira (30), o Supremo Tribunal Federal (STF) considerou inconstitucional o cancelamento, pelas institui\u00e7\u00f5es financeiras, de precat\u00f3rios e Requisi\u00e7\u00f5es de Pequeno Valor (RPV) federais que n\u00e3o fossem resgatados em dois anos, como previa a Lei 13.463\/2017. A maioria dos ministros entendeu que a restri\u00e7\u00e3o temporal n\u00e3o est\u00e1 prevista na Carta Magna.<\/p>\n<p>H\u00e1 cinco anos, o PDT ajuizou a ADI 5755 contra a Lei 13.463\/2017 que previa o cancelamento de precat\u00f3rios e RPV n\u00e3o sacados no prazo de dois anos. O partido alegava que a norma viola os princ\u00edpios constitucionais da separa\u00e7\u00e3o de Poderes, seguran\u00e7a jur\u00eddica, igualdade, inafastabilidade da jurisdi\u00e7\u00e3o e o respeito \u00e0 coisa julgada.<\/p>\n<p>\u201cA Lei Maior, no ponto, \u00e9 clar\u00edssima em conferir tais atribui\u00e7\u00f5es exclusivamente ao Poder Judici\u00e1rio, descabendo ao legislador modificar, por lei ordin\u00e1ria, decis\u00e3o soberanamente consagrada pelo constituinte no texto da Constitui\u00e7\u00e3o da Rep\u00fablica\u201d, afirmava a a\u00e7\u00e3o.<\/p>\n<p>Agora, o Supremo deu decis\u00e3o favor\u00e1vel ao PDT. O voto da relatora, ministra Rosa Weber, prevaleceu e foi seguido por muitos ministros da Corte. Weber decidiu pela inconstitucionalidade por considerar que a norma fere princ\u00edpios como prote\u00e7\u00e3o da coisa julgada e direito \u00e0 propriedade, al\u00e9m de desrespeitar a independ\u00eancia entre os Poderes da Rep\u00fablica, em conson\u00e2ncia ao que alegou a legenda trabalhista.<\/p>\n<p>\u201cA gest\u00e3o de recursos destinados ao pagamento de precat\u00f3rios incumbe ao Judici\u00e1rio por decorr\u00eancia do texto constitucional, sem que tenha sido dada margem ao legislador para alterar o desenho constitucional de forma restritiva e tampouco para estabelecer formas de condicionamento do pagamento sem respeito aos ditames constitucionais, como a ampla defesa e o contradit\u00f3rio\u201d, alegou a ministra.<\/p>\n<p>Para o presidente nacional do PDT, Carlos Lupi, a miss\u00e3o da legenda tem sido cumprida na esfera jur\u00eddica, uma importante \u00e1rea de atua\u00e7\u00e3o para a prote\u00e7\u00e3o e o progresso do povo. \u201c\u00c9 fun\u00e7\u00e3o de um partido pol\u00edtico estar vigilante ao que decidem sobre da vida da popula\u00e7\u00e3o em qualquer inst\u00e2ncia. A justi\u00e7a \u00e9 um meio legitimo que temos de defender o pa\u00eds e atuamos nele com a mesma energia que usamos em outras frentes. A decis\u00e3o do STF foi boa para o povo e nos fortalece para continuar lutando\u201d, afirmou.<\/p>\n<!-- AddThis Advanced Settings generic via filter on the_content --><!-- AddThis Share Buttons generic via filter on the_content -->","protected":false},"excerpt":{"rendered":"<p>Supremo barra cancelamento de precat\u00f3rios e RPV em julgamento \u00e0 a\u00e7\u00e3o pesdetista Em julgamento \u00e0 A\u00e7\u00e3o Direta de Inconstitucionalidade (ADI) 5755 do PDT, na \u00faltima quinta-feira (30), o Supremo Tribunal Federal (STF) considerou inconstitucional o cancelamento, pelas institui\u00e7\u00f5es financeiras, de precat\u00f3rios e Requisi\u00e7\u00f5es de Pequeno Valor (RPV) federais que n\u00e3o fossem resgatados em dois anos,&#8230;<!-- AddThis Advanced Settings generic via filter on wp_trim_excerpt --><!-- AddThis Share Buttons generic via filter on wp_trim_excerpt --><\/p>\n","protected":false},"author":17,"featured_media":82732,"comment_status":"closed","ping_status":"closed","sticky":false,"template":"","format":"standard","meta":{"_monsterinsights_skip_tracking":false,"_monsterinsights_sitenote_active":false,"_monsterinsights_sitenote_note":"","_monsterinsights_sitenote_category":0,"_uf_show_specific_survey":0,"_uf_disable_surveys":false,"footnotes":""},"categories":[1390,1401],"tags":[],"class_list":["post-82731","post","type-post","status-publish","format-standard","has-post-thumbnail","hentry","category-editorias","category-nacional"],"acf":[],"_links":{"self":[{"href":"https:\/\/pdt-rj.org.br\/index.php\/wp-json\/wp\/v2\/posts\/82731","targetHints":{"allow":["GET"]}}],"collection":[{"href":"https:\/\/pdt-rj.org.br\/index.php\/wp-json\/wp\/v2\/posts"}],"about":[{"href":"https:\/\/pdt-rj.org.br\/index.php\/wp-json\/wp\/v2\/types\/post"}],"author":[{"embeddable":true,"href":"https:\/\/pdt-rj.org.br\/index.php\/wp-json\/wp\/v2\/users\/17"}],"replies":[{"embeddable":true,"href":"https:\/\/pdt-rj.org.br\/index.php\/wp-json\/wp\/v2\/comments?post=82731"}],"version-history":[{"count":2,"href":"https:\/\/pdt-rj.org.br\/index.php\/wp-json\/wp\/v2\/posts\/82731\/revisions"}],"predecessor-version":[{"id":82751,"href":"https:\/\/pdt-rj.org.br\/index.php\/wp-json\/wp\/v2\/posts\/82731\/revisions\/82751"}],"wp:featuredmedia":[{"embeddable":true,"href":"https:\/\/pdt-rj.org.br\/index.php\/wp-json\/wp\/v2\/media\/82732"}],"wp:attachment":[{"href":"https:\/\/pdt-rj.org.br\/index.php\/wp-json\/wp\/v2\/media?parent=82731"}],"wp:term":[{"taxonomy":"category","embeddable":true,"href":"https:\/\/pdt-rj.org.br\/index.php\/wp-json\/wp\/v2\/categories?post=82731"},{"taxonomy":"post_tag","embeddable":true,"href":"https:\/\/pdt-rj.org.br\/index.php\/wp-json\/wp\/v2\/tags?post=82731"}],"curies":[{"name":"wp","href":"https:\/\/api.w.org\/{rel}","templated":true}]}}