{"id":82726,"date":"2022-07-04T13:19:44","date_gmt":"2022-07-04T16:19:44","guid":{"rendered":"https:\/\/pdt-rj.org.br\/?p=82726"},"modified":"2022-07-04T13:21:12","modified_gmt":"2022-07-04T16:21:12","slug":"projeto-de-chico-dangelo-susta-decreto-que-provoca-mudancas-no-ministerio-da-saude","status":"publish","type":"post","link":"https:\/\/pdt-rj.org.br\/index.php\/projeto-de-chico-dangelo-susta-decreto-que-provoca-mudancas-no-ministerio-da-saude\/","title":{"rendered":"Projeto de Chico D\u2019\u00c2ngelo susta decreto que provoca mudan\u00e7as no Minist\u00e9rio da Sa\u00fade"},"content":{"rendered":"<p><strong>Para pedetista, ato do Executivo demonstra o desprezo do governo Bolsonaro com os brasileiros com defici\u00eancia<\/strong><\/p>\n<p>Tramita na C\u00e2mara dos Deputados o Projeto de Decreto Legislativo (PDL) 271\/22, para sustar os efeitos do Decreto 11.098, de 20 de junho de 2022, que aprova a Estrutura Regimental e o Quadro Demonstrativo dos Cargos em Comiss\u00e3o e das Fun\u00e7\u00f5es de Confian\u00e7a do Minist\u00e9rio da Sa\u00fade e remaneja e transforma cargos em comiss\u00e3o e fun\u00e7\u00f5es de confian\u00e7a.<\/p>\n<p>O Decreto foi publicado dias ap\u00f3s exibi\u00e7\u00e3o de s\u00e9rie especial sobre o funcionamento de Comunidades Terap\u00eauticas, exibida em uma revista eletr\u00f4nica, que revelou que grande parte dessas entidades recebem milh\u00f5es do poder p\u00fablico para acolher dependentes, mas submetem internos a castigos, t\u00eam v\u00ednculos religiosos e oferecem tratamentos que n\u00e3o priorizam a medicina.<\/p>\n<p>O decreto tamb\u00e9m retirou do Departamento de Aten\u00e7\u00e3o Especializada e Tem\u00e1tica a compet\u00eancia de elabora\u00e7\u00e3o, coordena\u00e7\u00e3o e avalia\u00e7\u00e3o das pol\u00edticas e a\u00e7\u00f5es de aten\u00e7\u00e3o especializada em sa\u00fade da pessoa com defici\u00eancia.<\/p>\n<p>Para Chico D\u2019\u00c2ngelo, o ato do Executivo demonstra o desprezo do governo Bolsonaro com os brasileiros com defici\u00eancia. \u201cEste governo vem tentando sistematicamente prejudicar os mais vulner\u00e1veis, desmontando o conselho, buscando Medida Provis\u00f3ria que acabava com as cotas de inclus\u00e3o das pessoas com defici\u00eancia no mercado de trabalho e agora, d\u00e1 mais um passo acabando com a coordena\u00e7\u00e3o de sa\u00fade das pessoas com defici\u00eancia do Minist\u00e9rio da Sa\u00fade\u201d, justifica.<\/p>\n<!-- AddThis Advanced Settings generic via filter on the_content --><!-- AddThis Share Buttons generic via filter on the_content -->","protected":false},"excerpt":{"rendered":"<p>Para pedetista, ato do Executivo demonstra o desprezo do governo Bolsonaro com os brasileiros com defici\u00eancia Tramita na C\u00e2mara dos Deputados o Projeto de Decreto Legislativo (PDL) 271\/22, para sustar os efeitos do Decreto 11.098, de 20 de junho de 2022, que aprova a Estrutura Regimental e o Quadro Demonstrativo dos Cargos em Comiss\u00e3o e&#8230;<!-- AddThis Advanced Settings generic via filter on wp_trim_excerpt --><!-- AddThis Share Buttons generic via filter on wp_trim_excerpt --><\/p>\n","protected":false},"author":17,"featured_media":82727,"comment_status":"closed","ping_status":"closed","sticky":false,"template":"","format":"standard","meta":{"_monsterinsights_skip_tracking":false,"_monsterinsights_sitenote_active":false,"_monsterinsights_sitenote_note":"","_monsterinsights_sitenote_category":0,"_uf_show_specific_survey":0,"_uf_disable_surveys":false,"footnotes":""},"categories":[1390,1401],"tags":[],"class_list":["post-82726","post","type-post","status-publish","format-standard","has-post-thumbnail","hentry","category-editorias","category-nacional"],"acf":[],"_links":{"self":[{"href":"https:\/\/pdt-rj.org.br\/index.php\/wp-json\/wp\/v2\/posts\/82726","targetHints":{"allow":["GET"]}}],"collection":[{"href":"https:\/\/pdt-rj.org.br\/index.php\/wp-json\/wp\/v2\/posts"}],"about":[{"href":"https:\/\/pdt-rj.org.br\/index.php\/wp-json\/wp\/v2\/types\/post"}],"author":[{"embeddable":true,"href":"https:\/\/pdt-rj.org.br\/index.php\/wp-json\/wp\/v2\/users\/17"}],"replies":[{"embeddable":true,"href":"https:\/\/pdt-rj.org.br\/index.php\/wp-json\/wp\/v2\/comments?post=82726"}],"version-history":[{"count":3,"href":"https:\/\/pdt-rj.org.br\/index.php\/wp-json\/wp\/v2\/posts\/82726\/revisions"}],"predecessor-version":[{"id":82730,"href":"https:\/\/pdt-rj.org.br\/index.php\/wp-json\/wp\/v2\/posts\/82726\/revisions\/82730"}],"wp:featuredmedia":[{"embeddable":true,"href":"https:\/\/pdt-rj.org.br\/index.php\/wp-json\/wp\/v2\/media\/82727"}],"wp:attachment":[{"href":"https:\/\/pdt-rj.org.br\/index.php\/wp-json\/wp\/v2\/media?parent=82726"}],"wp:term":[{"taxonomy":"category","embeddable":true,"href":"https:\/\/pdt-rj.org.br\/index.php\/wp-json\/wp\/v2\/categories?post=82726"},{"taxonomy":"post_tag","embeddable":true,"href":"https:\/\/pdt-rj.org.br\/index.php\/wp-json\/wp\/v2\/tags?post=82726"}],"curies":[{"name":"wp","href":"https:\/\/api.w.org\/{rel}","templated":true}]}}