{"id":82721,"date":"2022-07-04T14:55:54","date_gmt":"2022-07-04T17:55:54","guid":{"rendered":"https:\/\/pdt-rj.org.br\/?p=82721"},"modified":"2022-07-06T23:55:06","modified_gmt":"2022-07-07T02:55:06","slug":"nas-nacoes-unidas-lupi-participa-de-reunioes-da-internacional-socialista","status":"publish","type":"post","link":"https:\/\/pdt-rj.org.br\/index.php\/nas-nacoes-unidas-lupi-participa-de-reunioes-da-internacional-socialista\/","title":{"rendered":"Nas Na\u00e7\u00f5es Unidas, Lupi participa de reuni\u00f5es da Internacional Socialista"},"content":{"rendered":"<p><strong>Presidente nacional do PDT debate conjunturas pol\u00edtica, social e econ\u00f4mica do Brasil no colegiado<\/strong><\/p>\n<p>O presidente nacional do PDT, Carlos Lupi, participar\u00e1, entre os dias 6 e 8 de julho, de reuni\u00f5es da Internacional Socialista (IS), da qual o partido \u00e9 associado desde 1989. As agendas ser\u00e3o realizadas na sede das Organiza\u00e7\u00e3o das Na\u00e7\u00f5es Unidas (ONU) em Genebra, na Su\u00ed\u00e7a.<\/p>\n<p>No encontro de abertura com os demais vice-presidentes da IS, no dia 6, Lupi apresentar\u00e1 ao colegiado a conjuntura pol\u00edtica, social e econ\u00f4mica do Brasil, que tem sido impactada pelos erros sist\u00eamicos do governo de Jair Bolsonaro.<\/p>\n<p>Durante a reuni\u00e3o do Conselho, nos dias 7 e 8, os representantes de partidos pol\u00edticos social-democratas e trabalhistas analisar\u00e3o a promo\u00e7\u00e3o da paz e seguran\u00e7a internacional, o fortalecimento da democracia e dos direitos fundamentais, bem como o enfrentamento das crises globais, incluindo pandemia, altera\u00e7\u00f5es clim\u00e1ticas, economia e refugiados.<\/p>\n<!-- AddThis Advanced Settings generic via filter on the_content --><!-- AddThis Share Buttons generic via filter on the_content -->","protected":false},"excerpt":{"rendered":"<p>Presidente nacional do PDT debate conjunturas pol\u00edtica, social e econ\u00f4mica do Brasil no colegiado O presidente nacional do PDT, Carlos Lupi, participar\u00e1, entre os dias 6 e 8 de julho, de reuni\u00f5es da Internacional Socialista (IS), da qual o partido \u00e9 associado desde 1989. As agendas ser\u00e3o realizadas na sede das Organiza\u00e7\u00e3o das Na\u00e7\u00f5es Unidas&#8230;<!-- AddThis Advanced Settings generic via filter on wp_trim_excerpt --><!-- AddThis Share Buttons generic via filter on wp_trim_excerpt --><\/p>\n","protected":false},"author":17,"featured_media":82746,"comment_status":"closed","ping_status":"closed","sticky":false,"template":"","format":"standard","meta":{"_monsterinsights_skip_tracking":false,"_monsterinsights_sitenote_active":false,"_monsterinsights_sitenote_note":"","_monsterinsights_sitenote_category":0,"_uf_show_specific_survey":0,"_uf_disable_surveys":false,"footnotes":""},"categories":[1390,5417,1401],"tags":[],"class_list":["post-82721","post","type-post","status-publish","format-standard","has-post-thumbnail","hentry","category-editorias","category-carlos-lupi","category-nacional"],"acf":[],"_links":{"self":[{"href":"https:\/\/pdt-rj.org.br\/index.php\/wp-json\/wp\/v2\/posts\/82721","targetHints":{"allow":["GET"]}}],"collection":[{"href":"https:\/\/pdt-rj.org.br\/index.php\/wp-json\/wp\/v2\/posts"}],"about":[{"href":"https:\/\/pdt-rj.org.br\/index.php\/wp-json\/wp\/v2\/types\/post"}],"author":[{"embeddable":true,"href":"https:\/\/pdt-rj.org.br\/index.php\/wp-json\/wp\/v2\/users\/17"}],"replies":[{"embeddable":true,"href":"https:\/\/pdt-rj.org.br\/index.php\/wp-json\/wp\/v2\/comments?post=82721"}],"version-history":[{"count":10,"href":"https:\/\/pdt-rj.org.br\/index.php\/wp-json\/wp\/v2\/posts\/82721\/revisions"}],"predecessor-version":[{"id":82785,"href":"https:\/\/pdt-rj.org.br\/index.php\/wp-json\/wp\/v2\/posts\/82721\/revisions\/82785"}],"wp:featuredmedia":[{"embeddable":true,"href":"https:\/\/pdt-rj.org.br\/index.php\/wp-json\/wp\/v2\/media\/82746"}],"wp:attachment":[{"href":"https:\/\/pdt-rj.org.br\/index.php\/wp-json\/wp\/v2\/media?parent=82721"}],"wp:term":[{"taxonomy":"category","embeddable":true,"href":"https:\/\/pdt-rj.org.br\/index.php\/wp-json\/wp\/v2\/categories?post=82721"},{"taxonomy":"post_tag","embeddable":true,"href":"https:\/\/pdt-rj.org.br\/index.php\/wp-json\/wp\/v2\/tags?post=82721"}],"curies":[{"name":"wp","href":"https:\/\/api.w.org\/{rel}","templated":true}]}}