{"id":82712,"date":"2022-07-04T08:58:58","date_gmt":"2022-07-04T11:58:58","guid":{"rendered":"https:\/\/pdt-rj.org.br\/?p=82712"},"modified":"2022-07-04T13:37:39","modified_gmt":"2022-07-04T16:37:39","slug":"martha-rocha-lanca-livro-sobre-presas-nesta-quarta-na-argumento-do-leblon","status":"publish","type":"post","link":"https:\/\/pdt-rj.org.br\/index.php\/martha-rocha-lanca-livro-sobre-presas-nesta-quarta-na-argumento-do-leblon\/","title":{"rendered":"Martha Rocha lan\u00e7a livro sobre presas nesta quarta na Argumento do Leblon"},"content":{"rendered":"<p><strong>Parlamentar do PDT relata a longa viv\u00eancia pessoal e profissional com mulheres presas<\/strong><\/p>\n<p class=\"x_MsoNormal\">A deputada Martha Rocha (PDT), delegada da Pol\u00edcia Civil, foi a primeira titular da Delegacia de Crimes contra a Mulher criada no segundo governo de Leonel Brizola no Rio de Janeiro. Por conta de sua experi\u00eancia na carreira e especialmente \u00e0 frente da delegacia, segundo ela, teve &#8220;a oportunidade de discutir a participa\u00e7\u00e3o das mulheres no crime e isso \u00a0me rendeu horas de visitas e conversas com diferentes mulheres presas&#8221;.<\/p>\n<p class=\"x_MsoNormal\">A experi\u00eancia de tudo que viveu, a inspirou a escrever um livro \u2013 a ser lan\u00e7ado nesta quarta-feira, na Livraria Argumento, no Leblon, \u00e0s 18 horas \u2013, onde misturou a realidade que viveu \u00e0 fic\u00e7\u00e3o, levando sua longa viv\u00eancia pessoal e profissional com mulheres presas.<\/p>\n<p class=\"x_MsoNormal\">Nas \u00a0p\u00e1ginas do livro &#8220;Elas N\u00e3o S\u00e3o Deusas, hist\u00f3rias da carceragem feminina&#8221;, Martha Rocha detalha a vida como ela realmente \u00e9, na realidade e na fic\u00e7\u00e3o.<\/p>\n<p class=\"x_MsoNormal\">O livro ser\u00e1 lan\u00e7ado nesta quarta-feira, 06\/7, das 18 \u00e0s 21 horas, na Livraria\u00a0 Argumento, na Rua Dias Ferreira, 417, no Leblon. Est\u00e3o todos convidados.<\/p>\n<!-- AddThis Advanced Settings generic via filter on the_content --><!-- AddThis Share Buttons generic via filter on the_content -->","protected":false},"excerpt":{"rendered":"<p>Parlamentar do PDT relata a longa viv\u00eancia pessoal e profissional com mulheres presas A deputada Martha Rocha (PDT), delegada da Pol\u00edcia Civil, foi a primeira titular da Delegacia de Crimes contra a Mulher criada no segundo governo de Leonel Brizola no Rio de Janeiro. Por conta de sua experi\u00eancia na carreira e especialmente \u00e0 frente&#8230;<!-- AddThis Advanced Settings generic via filter on wp_trim_excerpt --><!-- AddThis Share Buttons generic via filter on wp_trim_excerpt --><\/p>\n","protected":false},"author":17,"featured_media":82719,"comment_status":"closed","ping_status":"closed","sticky":false,"template":"","format":"standard","meta":{"_monsterinsights_skip_tracking":false,"_monsterinsights_sitenote_active":false,"_monsterinsights_sitenote_note":"","_monsterinsights_sitenote_category":0,"_uf_show_specific_survey":0,"_uf_disable_surveys":false,"footnotes":""},"categories":[1390,1402],"tags":[],"class_list":["post-82712","post","type-post","status-publish","format-standard","has-post-thumbnail","hentry","category-editorias","category-cidades"],"acf":[],"_links":{"self":[{"href":"https:\/\/pdt-rj.org.br\/index.php\/wp-json\/wp\/v2\/posts\/82712","targetHints":{"allow":["GET"]}}],"collection":[{"href":"https:\/\/pdt-rj.org.br\/index.php\/wp-json\/wp\/v2\/posts"}],"about":[{"href":"https:\/\/pdt-rj.org.br\/index.php\/wp-json\/wp\/v2\/types\/post"}],"author":[{"embeddable":true,"href":"https:\/\/pdt-rj.org.br\/index.php\/wp-json\/wp\/v2\/users\/17"}],"replies":[{"embeddable":true,"href":"https:\/\/pdt-rj.org.br\/index.php\/wp-json\/wp\/v2\/comments?post=82712"}],"version-history":[{"count":4,"href":"https:\/\/pdt-rj.org.br\/index.php\/wp-json\/wp\/v2\/posts\/82712\/revisions"}],"predecessor-version":[{"id":82739,"href":"https:\/\/pdt-rj.org.br\/index.php\/wp-json\/wp\/v2\/posts\/82712\/revisions\/82739"}],"wp:featuredmedia":[{"embeddable":true,"href":"https:\/\/pdt-rj.org.br\/index.php\/wp-json\/wp\/v2\/media\/82719"}],"wp:attachment":[{"href":"https:\/\/pdt-rj.org.br\/index.php\/wp-json\/wp\/v2\/media?parent=82712"}],"wp:term":[{"taxonomy":"category","embeddable":true,"href":"https:\/\/pdt-rj.org.br\/index.php\/wp-json\/wp\/v2\/categories?post=82712"},{"taxonomy":"post_tag","embeddable":true,"href":"https:\/\/pdt-rj.org.br\/index.php\/wp-json\/wp\/v2\/tags?post=82712"}],"curies":[{"name":"wp","href":"https:\/\/api.w.org\/{rel}","templated":true}]}}