{"id":82690,"date":"2022-07-01T15:07:59","date_gmt":"2022-07-01T18:07:59","guid":{"rendered":"https:\/\/pdt-rj.org.br\/?p=82690"},"modified":"2022-07-01T15:07:59","modified_gmt":"2022-07-01T18:07:59","slug":"ciro-gomes-condena-pec-das-bondades-nasce-o-estado-de-emergencia-eleitoral","status":"publish","type":"post","link":"https:\/\/pdt-rj.org.br\/index.php\/ciro-gomes-condena-pec-das-bondades-nasce-o-estado-de-emergencia-eleitoral\/","title":{"rendered":"Ciro Gomes condena &#8216;PEC das Bondades&#8217;:  &#8220;Nasce o estado de emerg\u00eancia eleitoral&#8221;"},"content":{"rendered":"<p><strong>Pr\u00e9-candidato do PDT diz que &#8220;mais uma vez, em nome dos pobres, se comete um grave desvio institucional&#8221;<\/strong><\/p>\n<p class=\"x_MsoNormal\">O pr\u00e9-candidato do PDT \u00e0 presid\u00eancia da Rep\u00fablica, Ciro Gomes, ao condenar a chamada &#8220;PEC das Bondades&#8221; que acaba de ser aprovada pelo Senado, e que vai a vota\u00e7\u00e3o na C\u00e2mara dos Deputados, argumentou que &#8220;ao \u00a0povo, no seu estado de pen\u00faria, n\u00e3o se pode negar nada. Mas n\u00e3o se pode colocar no seu prato de comida os restos triturados da Constitui\u00e7\u00e3o&#8221;. Na opini\u00e3o de Ciro, manifestada em sua p\u00e1gina no Facebook, &#8220;se continuarmos a fazer isso, seremos uma Na\u00e7\u00e3o sem lei, sem estado de direito e sem democracia&#8221;.<\/p>\n<p class=\"x_MsoNormal\">Destacou, ao refor\u00e7ar a sua condena\u00e7\u00e3o \u00e0 atitude do governo que &#8220;agora assistimos o nascimento do estado de emerg\u00eancia eleitoral, filho mais novo do estado de emerg\u00eancia institucional, este ser que cultua e pratica a autofagia legal, onde as leis devoram umas \u00e0s outras, inclusive a lei maior, que \u00e9 a Constitui\u00e7\u00e3o&#8221;.<\/p>\n<p class=\"x_MsoNormal\">Segundo Ciro, &#8220;a tal PEC das Bondades &#8211; que deveria se chamar PEC do Desespero, PEC do Fim do Mundo, ou PEC da Vergonha &#8211; \u00e9 mais um cap\u00edtulo deste festival de PECs que assola o pa\u00eds, com o benepl\u00e1cito dos Tr\u00eas Poderes. Um desmantelo institucional do qual todos n\u00f3s viramos v\u00edtimas e c\u00famplices&#8221;.<\/p>\n<p class=\"x_MsoNormal\">Para Ciro, &#8220;temos \u00a0um Executivo bandido e perdido. Um Legislativo acuado, cercado, de um lado, pelas labaredas de uma trag\u00e9dia social e pressionado internamente pelo rolo compressor de uma maioria oportunista.\u00a0 E, t\u00e3o grave quanto, temos um STF que \u00e0s vezes parece abdicar do seu papel de garantidor mor da Constitui\u00e7\u00e3o para se contentar com ativismos diversos, e permite, que aquilo que deveria ser exce\u00e7\u00e3o, as PECs, virem uma express\u00e3o cotidiana de politicagem&#8221;.<\/p>\n<p class=\"x_MsoNormal\">Ainda de acordo com o pr\u00e9-candidato do PDT, &#8220;mais uma vez, em nome dos pobres, se comete um grave desvio institucional. Em um momento em que se discute, com absoluta falsidade f\u00e1tica e conceitual, supostas amea\u00e7as de fraude eleitoral, acaba de ser cometida a grande fraude eleitoral destas elei\u00e7\u00f5es&#8221;.<\/p>\n<p class=\"x_MsoNormal\">Ele acrescenta: &#8220;O verdadeiro Estado de Emerg\u00eancia, em especial na sua fei\u00e7\u00e3o institucional, existe desde a usurpa\u00e7\u00e3o do poder por Temer. O estado de emerg\u00eancia pol\u00edtica j\u00e1 virou estado de emerg\u00eancia social h\u00e1 muito tempo, nas m\u00e3os de um governo corrupto, sanguin\u00e1rio e insens\u00edvel&#8221;.<\/p>\n<p class=\"x_MsoNormal\">E conclui: &#8220;Agora assistimos o nascimento do estado de emerg\u00eancia eleitoral, filho mais novo do estado de emerg\u00eancia institucional, este ser que cultua e pratica a autofagia legal, onde as leis devoram umas \u00e0s outras, inclusive a lei maior, que \u00e9 a Constitui\u00e7\u00e3o&#8221;.<\/p>\n<!-- AddThis Advanced Settings generic via filter on the_content --><!-- AddThis Share Buttons generic via filter on the_content -->","protected":false},"excerpt":{"rendered":"<p>Pr\u00e9-candidato do PDT diz que &#8220;mais uma vez, em nome dos pobres, se comete um grave desvio institucional&#8221; O pr\u00e9-candidato do PDT \u00e0 presid\u00eancia da Rep\u00fablica, Ciro Gomes, ao condenar a chamada &#8220;PEC das Bondades&#8221; que acaba de ser aprovada pelo Senado, e que vai a vota\u00e7\u00e3o na C\u00e2mara dos Deputados, argumentou que &#8220;ao \u00a0povo,&#8230;<!-- AddThis Advanced Settings generic via filter on wp_trim_excerpt --><!-- AddThis Share Buttons generic via filter on wp_trim_excerpt --><\/p>\n","protected":false},"author":17,"featured_media":82691,"comment_status":"closed","ping_status":"closed","sticky":false,"template":"","format":"standard","meta":{"_monsterinsights_skip_tracking":false,"_monsterinsights_sitenote_active":false,"_monsterinsights_sitenote_note":"","_monsterinsights_sitenote_category":0,"_uf_show_specific_survey":0,"_uf_disable_surveys":false,"footnotes":""},"categories":[1390,1401],"tags":[],"class_list":["post-82690","post","type-post","status-publish","format-standard","has-post-thumbnail","hentry","category-editorias","category-nacional"],"acf":[],"_links":{"self":[{"href":"https:\/\/pdt-rj.org.br\/index.php\/wp-json\/wp\/v2\/posts\/82690","targetHints":{"allow":["GET"]}}],"collection":[{"href":"https:\/\/pdt-rj.org.br\/index.php\/wp-json\/wp\/v2\/posts"}],"about":[{"href":"https:\/\/pdt-rj.org.br\/index.php\/wp-json\/wp\/v2\/types\/post"}],"author":[{"embeddable":true,"href":"https:\/\/pdt-rj.org.br\/index.php\/wp-json\/wp\/v2\/users\/17"}],"replies":[{"embeddable":true,"href":"https:\/\/pdt-rj.org.br\/index.php\/wp-json\/wp\/v2\/comments?post=82690"}],"version-history":[{"count":1,"href":"https:\/\/pdt-rj.org.br\/index.php\/wp-json\/wp\/v2\/posts\/82690\/revisions"}],"predecessor-version":[{"id":82692,"href":"https:\/\/pdt-rj.org.br\/index.php\/wp-json\/wp\/v2\/posts\/82690\/revisions\/82692"}],"wp:featuredmedia":[{"embeddable":true,"href":"https:\/\/pdt-rj.org.br\/index.php\/wp-json\/wp\/v2\/media\/82691"}],"wp:attachment":[{"href":"https:\/\/pdt-rj.org.br\/index.php\/wp-json\/wp\/v2\/media?parent=82690"}],"wp:term":[{"taxonomy":"category","embeddable":true,"href":"https:\/\/pdt-rj.org.br\/index.php\/wp-json\/wp\/v2\/categories?post=82690"},{"taxonomy":"post_tag","embeddable":true,"href":"https:\/\/pdt-rj.org.br\/index.php\/wp-json\/wp\/v2\/tags?post=82690"}],"curies":[{"name":"wp","href":"https:\/\/api.w.org\/{rel}","templated":true}]}}