{"id":82686,"date":"2022-07-01T14:53:48","date_gmt":"2022-07-01T17:53:48","guid":{"rendered":"https:\/\/pdt-rj.org.br\/?p=82686"},"modified":"2022-07-01T14:55:49","modified_gmt":"2022-07-01T17:55:49","slug":"niteroi-assina-termo-de-colaboracao-com-a-vila-portuguesa-de-forjaes","status":"publish","type":"post","link":"https:\/\/pdt-rj.org.br\/index.php\/niteroi-assina-termo-de-colaboracao-com-a-vila-portuguesa-de-forjaes\/","title":{"rendered":"Niter\u00f3i assina termo de colabora\u00e7\u00e3o com a vila portuguesa de Forj\u00e3es"},"content":{"rendered":"<p><strong>Prefeitura projeta interc\u00e2mbios e coopera\u00e7\u00e3o em campos como ci\u00eancia e tecnologia, economia e com\u00e9rcio<\/strong><\/p>\n<p>A Prefeitura de Niter\u00f3i assinou, nesta quinta-feira (30), um termo de colabora\u00e7\u00e3o com a Vila de Forj\u00e3es, situada na cidade de Esposende, no distrito de Braga, em Portugal. A vila portuguesa mapeou um n\u00famero significativo de forjanenses emigrados para Niter\u00f3i e procurou o munic\u00edpio para estreitar as rela\u00e7\u00f5es entre as localidades. A assinatura, realizada em reuni\u00e3o virtual, \u00e9 parte do programa comemorativo do 33\u00b0 anivers\u00e1rio de eleva\u00e7\u00e3o a vila de Forj\u00e3es.<\/p>\n<p>De acordo com o termo de colabora\u00e7\u00e3o, Niter\u00f3i e Forj\u00e3es v\u00e3o realizar interc\u00e2mbios e coopera\u00e7\u00e3o em diferentes formas nos campos da ci\u00eancia e tecnologia, economia e com\u00e9rcio, desporto, agricultura, sa\u00fade, educa\u00e7\u00e3o, cultura,e turismo, promovendo assim a prosperidade e o desenvolvimento rec\u00edproco.<\/p>\n<p>O prefeito de Niter\u00f3i, Axel Grael, lembrou que, no m\u00eas passado, Niter\u00f3i e Braga ratificaram um acordo de cidades irm\u00e3s, assinado virtualmente em fevereiro deste ano, estabelecendo parcerias comerciais e a troca de informa\u00e7\u00f5es para impulsionar e fomentar novos neg\u00f3cios. A parceria tamb\u00e9m estimulou Forj\u00e4es a procurar a Prefeitura de Niter\u00f3i para propor a assinatura.<\/p>\n<p>\u201cRecebemos esta iniciativa de forma muito positiva e vamos colaborar no que for preciso. Em Niter\u00f3i, temos uma das maiores comunidades de estrangeiros e um Clube Portugu\u00eas bastante atuante e representativo. Acredito que Brasil e Portugal precisam cooperar cada vez mais para a troca de experi\u00eancias. Essa aproxima\u00e7\u00e3o tem muita sinergia e, com certeza, trar\u00e1 resultados positivos\u201d, enfatizou.<\/p>\n<p>O Escrit\u00f3rio de Gest\u00e3o de Projetos da Prefeitura de Niter\u00f3i (EGP) ficar\u00e1 respons\u00e1vel por coordenar, junto \u00e0 presid\u00eancia da Assembleia de Freguesia, a colabora\u00e7\u00e3o. A secret\u00e1ria do Escrit\u00f3rio de Gest\u00e3o de Projetos, Katherine Azevedo, destacou que ser\u00e3o desenvolvidas a\u00e7\u00f5es entre o munic\u00edpio e a vila.<\/p>\n<p>\u201cEstamos avan\u00e7ando na estrat\u00e9gia de internacionaliza\u00e7\u00e3o de Niter\u00f3i para estimular o desenvolvimento em v\u00e1rias \u00e1reas da cidade, por meio de atividades que beneficiem ambos os lados e aproximem os povos. Existe uma sinergia natural entre os povos, principalmente por conta da linguagem, que facilita essa troca. Durante as conversas com a equipe de Forj\u00e3es foram pensadas diversas atividades que ser\u00e3o detalhadas no plano de trabalho\u201d, pontuou.<\/p>\n<p>O presidente da Assembleia de Freguesia de Forj\u00e3es, Carlos Manuel Gomes de S\u00e1, disse que a Junta de Freguesia de Forj\u00e3es vem estabelecendo parcerias com as localidades onde residem os forjanenses.\u00a0Segundo ele, Braga tem atualmente mais de 10 mil brasileiros e foi um dos munic\u00edpios que mais cresceu nos \u00faltimos anos.<\/p>\n<p>\u201cNeste momento, estamos a desenvolver o projeto Forjanenses pelo Mundo, que pretende, por vontade dos pr\u00f3prios, rastrear emigrantes forjanenses, sendo muito importante a comunidade que temos em Niter\u00f3i. Tivemos in\u00fameros forjanenses a\u00ed emigrados, destacando-se a figura de Ant\u00f3nio Rodrigues Alves de Faria, fundador, em 1909, da Companhia de Com\u00e9rcio e Navega\u00e7\u00e3o\u201d, detalhou.<\/p>\n<!-- AddThis Advanced Settings generic via filter on the_content --><!-- AddThis Share Buttons generic via filter on the_content -->","protected":false},"excerpt":{"rendered":"<p>Prefeitura projeta interc\u00e2mbios e coopera\u00e7\u00e3o em campos como ci\u00eancia e tecnologia, economia e com\u00e9rcio A Prefeitura de Niter\u00f3i assinou, nesta quinta-feira (30), um termo de colabora\u00e7\u00e3o com a Vila de Forj\u00e3es, situada na cidade de Esposende, no distrito de Braga, em Portugal. A vila portuguesa mapeou um n\u00famero significativo de forjanenses emigrados para Niter\u00f3i e&#8230;<!-- AddThis Advanced Settings generic via filter on wp_trim_excerpt --><!-- AddThis Share Buttons generic via filter on wp_trim_excerpt --><\/p>\n","protected":false},"author":17,"featured_media":82687,"comment_status":"closed","ping_status":"closed","sticky":false,"template":"","format":"standard","meta":{"_monsterinsights_skip_tracking":false,"_monsterinsights_sitenote_active":false,"_monsterinsights_sitenote_note":"","_monsterinsights_sitenote_category":0,"_uf_show_specific_survey":0,"_uf_disable_surveys":false,"footnotes":""},"categories":[1390,1402],"tags":[],"class_list":["post-82686","post","type-post","status-publish","format-standard","has-post-thumbnail","hentry","category-editorias","category-cidades"],"acf":[],"_links":{"self":[{"href":"https:\/\/pdt-rj.org.br\/index.php\/wp-json\/wp\/v2\/posts\/82686","targetHints":{"allow":["GET"]}}],"collection":[{"href":"https:\/\/pdt-rj.org.br\/index.php\/wp-json\/wp\/v2\/posts"}],"about":[{"href":"https:\/\/pdt-rj.org.br\/index.php\/wp-json\/wp\/v2\/types\/post"}],"author":[{"embeddable":true,"href":"https:\/\/pdt-rj.org.br\/index.php\/wp-json\/wp\/v2\/users\/17"}],"replies":[{"embeddable":true,"href":"https:\/\/pdt-rj.org.br\/index.php\/wp-json\/wp\/v2\/comments?post=82686"}],"version-history":[{"count":1,"href":"https:\/\/pdt-rj.org.br\/index.php\/wp-json\/wp\/v2\/posts\/82686\/revisions"}],"predecessor-version":[{"id":82688,"href":"https:\/\/pdt-rj.org.br\/index.php\/wp-json\/wp\/v2\/posts\/82686\/revisions\/82688"}],"wp:featuredmedia":[{"embeddable":true,"href":"https:\/\/pdt-rj.org.br\/index.php\/wp-json\/wp\/v2\/media\/82687"}],"wp:attachment":[{"href":"https:\/\/pdt-rj.org.br\/index.php\/wp-json\/wp\/v2\/media?parent=82686"}],"wp:term":[{"taxonomy":"category","embeddable":true,"href":"https:\/\/pdt-rj.org.br\/index.php\/wp-json\/wp\/v2\/categories?post=82686"},{"taxonomy":"post_tag","embeddable":true,"href":"https:\/\/pdt-rj.org.br\/index.php\/wp-json\/wp\/v2\/tags?post=82686"}],"curies":[{"name":"wp","href":"https:\/\/api.w.org\/{rel}","templated":true}]}}