{"id":82656,"date":"2022-06-30T20:44:28","date_gmt":"2022-06-30T23:44:28","guid":{"rendered":"https:\/\/pdt-rj.org.br\/?p=82656"},"modified":"2022-07-04T11:42:32","modified_gmt":"2022-07-04T14:42:32","slug":"niteroi-instala-o-primeiro-conselho-deliberativo-municipal-de-trabalho-emprego-e-renda","status":"publish","type":"post","link":"https:\/\/pdt-rj.org.br\/index.php\/niteroi-instala-o-primeiro-conselho-deliberativo-municipal-de-trabalho-emprego-e-renda\/","title":{"rendered":"Niter\u00f3i instala primeiro Conselho Deliberativo Municipal de Trabalho Emprego e Renda"},"content":{"rendered":"<p><strong>Prefeitura poder\u00e1 investir at\u00e9 R$ 11 milh\u00f5es na\u00a0manuten\u00e7\u00e3o de cursos de capacita\u00e7\u00e3o e do futuro Centro de Atendimento ao Trabalhador<\/strong><\/p>\n<p>O primeiro Conselho Deliberativo Municipal de Trabalho Emprego e Renda (Codemter) de Niter\u00f3i foi instalado, na manh\u00e3 de quinta-feira (30), na presen\u00e7a do prefeito Axel Grael (PDT) e de v\u00e1rias autoridades da administra\u00e7\u00e3o municipal, al\u00e9m de representantes da C\u00e2mara de Vereadores, dos sindicatos e de empres\u00e1rios da cidade e de deputados ligados \u00e0 cidade.<\/p>\n<p>O \u00f3rg\u00e3o colegiado \u00e9 tripartite, composto por 18 pessoas, dentre essas, seis representantes dos trabalhadores, seis dos empregadores e seis do governo. Os membros tomaram posse ontem e j\u00e1 fizeram sua primeira reuni\u00e3o. O grupo atuar\u00e1 como gestor do Fundo Municipal de Trabalho, Emprego e Renda do Munic\u00edpio de Niter\u00f3i (Fumter).<\/p>\n<p>A cerim\u00f4nia de posse do conselho ocorreu no Teatro Popular Oscar Niemeyer. O prefeito Axel Grael fez quest\u00e3o de destacar que a constitui\u00e7\u00e3o do Conselho \u00e9 fundamental para toda a estrat\u00e9gia da administra\u00e7\u00e3o de Niter\u00f3i para a gera\u00e7\u00e3o de empregos.<\/p>\n<p>\u201cA grande prioridade do pa\u00eds hoje \u00e9 a gera\u00e7\u00e3o de empregos. Basta olhar os n\u00fameros da retra\u00e7\u00e3o econ\u00f4mica. A quantidade de fam\u00edlias em situa\u00e7\u00e3o de endividamento. E a administra\u00e7\u00e3o p\u00fablica precisa fazer a sua parte. Niter\u00f3i tem feito isso desde o enfrentamento \u00e0 pandemia, mas n\u00e3o deixamos de olhar o trabalhador que estava em situa\u00e7\u00e3o de dificuldade. Muita gente perdeu sua renda. Fizemos um grande esfor\u00e7o de prote\u00e7\u00e3o desse trabalhador. N\u00f3s implantamos o programa de Renda B\u00e1sica Tempor\u00e1ria que atendeu 50 mil fam\u00edlias em Niter\u00f3i\u201d, disse o prefeito.<\/p>\n<p>\u201cAo longo de todo o per\u00edodo, n\u00f3s prestamos esse aux\u00edlio buscando quem estava no Cad\u00danico, no cadastro de artes\u00e3os, de pesca, taxistas etc. Depois, em outro momento, criamos o Programa da Moeda Social Ararib\u00f3ia que atende mais de 31 mil fam\u00edlias e j\u00e1 movimentou mais de R$ 50 milh\u00f5es em nossa cidade. Com isso, beneficiamos aquelas fam\u00edlias que precisam do apoio, mas fazemos tamb\u00e9m com que esse recurso circule pela cidade\u201d, acrescentou.<\/p>\n<p>Axel tamb\u00e9m lembrou que a medida beneficia toda a cadeia produtiva. J\u00e1, olhando para as empresas, o prefeito lembrou da cria\u00e7\u00e3o do Programa Empresa Cidad\u00e3.<\/p>\n<p>\u201cAjudamos as empresas, que se comprometeram a n\u00e3o demitir, a honrar sua folha de pagamento. Protegemos 15 mil empregos com essa medida em Niter\u00f3i. Foi uma s\u00e9rie de medidas para enfrentar o desemprego. E n\u00e3o vamos parar\u201d, destacou.<\/p>\n<p>A instala\u00e7\u00e3o do colegiado permitir\u00e1 ao munic\u00edpio acessar at\u00e9 R$ 11 milh\u00f5es de verba do Minist\u00e9rio do Trabalho. A verba ser\u00e1 totalmente destinada \u00e0 manuten\u00e7\u00e3o de cursos de capacita\u00e7\u00e3o e do Centro de Atendimento ao Trabalhador que ser\u00e1 implantado, at\u00e9 setembro deste ano, no Terminal Rodovi\u00e1rio Jo\u00e3o Goulart.<\/p>\n<p>O coordenador de Trabalho e Renda de Niter\u00f3i, Brizola Neto (PDT), celebrou a instala\u00e7\u00e3o do Conselho dizendo que d\u00e1 continuidade \u00e0 mentalidade inovadora do munic\u00edpio.<\/p>\n<p>\u201cEsse conselho dar\u00e1 continuidade a hist\u00f3ria de vanguarda de Niter\u00f3i nas pol\u00edticas de trabalho, emprego e renda. Esse modelo \u00e9 democr\u00e1tico e d\u00e1 transpar\u00eancia e controle social das pol\u00edticas p\u00fablicas. Outro ponto fundamental \u00e9 a articula\u00e7\u00e3o de Niter\u00f3i com a Uni\u00e3o para o financiamento das pol\u00edticas de trabalho. Teremos acesso agora ao Fundo de Amparo ao Trabalhador (FAT), al\u00e9m de outras fontes de recursos como, por exemplo, as emendas parlamentares\u201d, afirmou Brizola Neto.<\/p>\n<p>\u201cEstamos portanto, consolidando uma pol\u00edtica estruturante que dar\u00e1 continuidade e longevidade \u00e0s pol\u00edticas de trabalho emprego e renda, permitindo a Niter\u00f3i planejar e preparar a cidade para os enormes desafios desse novo mercado de trabalho, impactado pela pandemia e pelas in\u00fameras crises econ\u00f4micas, al\u00e9m das grandes transforma\u00e7\u00f5es, consequ\u00eancia do uso da tecnologia e das novas formas de trabalho\u201d, acrescentou.<\/p>\n<p>Procurador do Minist\u00e9rio P\u00fablico do Trabalho, Maur\u00edcio Guimar\u00e3es, destacou o modelo tripartite do Conselho.<\/p>\n<p>\u201cOs movimentos sindicais de empregados e empregadores, aliados \u00e0 sociedade como um todo e o Estado. Esse modelo permite o di\u00e1logo social que \u00e9 uma das coisas mais importantes que devemos buscar. Os munic\u00edpios da Regi\u00e3o Metropolitana do Rio passaram e passam por dificuldades muito grandes na quest\u00e3o do desemprego. Podemos citar as crises dos setores naval e da constru\u00e7\u00e3o civil, al\u00e9m do Comperj e, por fim, o cen\u00e1rio causado pela pandemia. Portanto, h\u00e1 um desafio muito grande. Dito isso, queremos fomentar o di\u00e1logo com as comiss\u00f5es de trabalho, os direitos do trabalhador e as atua\u00e7\u00f5es comuns. O desafio \u00e9 complexo, mas desejo muita inspira\u00e7\u00e3o aos membros desse Conselho\u201d, relatou.<\/p>\n<p><strong>Tomaram posse os seguintes conselheiros:<\/strong><\/p>\n<p><strong>Setor p\u00fablico:<\/strong><\/p>\n<p>Secretaria Executiva (SEXEC), Andrea Rosa Belo<\/p>\n<p>Secretaria Municipal de Assist\u00eancia Social e Economia Solid\u00e1ria (SMASES), Maicon da Silva Carlos<\/p>\n<p>Secretaria de Governo (SEMUG) \u2013 Alexandre Afonso Sampaio<\/p>\n<p>Secretaria de Desenvolvimento Econ\u00f4mico (SEDEN) \u2013 Igor Ver\u00edssimo da Silva Baldez<\/p>\n<p>Secretaria Municipal de Fazenda (SEFAZ) \u2013 Jo\u00e3o Gabriel Cardoso da Costa<\/p>\n<p>Coordenadoria do Trabalho, Emprego e Renda (COTER) \u2013 Brizola Neto<\/p>\n<p><strong>Setor empregadores:\u00a0<\/strong><\/p>\n<p>Federa\u00e7\u00e3o das Ind\u00fastrias do Estado Rio de Janeiro (FIRJAN) \u2013 Roberto Pedreira Ferreira Curi<\/p>\n<p>Sindicato da Ind\u00fastria e Constru\u00e7\u00e3o, Engenharia Consultiva e do Mobili\u00e1rio de Niter\u00f3i a Cabo Frio (SINDICEM) \u2013 M\u00e1rcio Coelho Barbosa<\/p>\n<p>Sindicato das Empresas de Transportes Rodovi\u00e1rios do Estado do Rio de Janeiro (SETRERJ) \u2013 M\u00e1rcio Coelho Barbosa<\/p>\n<p>Sindicato dos Condom\u00ednios Comerciais, Residenciais e Mistos de Niter\u00f3i e S\u00e3o Gon\u00e7alo (SINDCOND) \u2013 Alberto Machado Soares<\/p>\n<p>Sindicato dos Estabelecimentos de Ensino do Rio de Janeiro (SINEPE-RJ) \u2013 Marcela Bittencourt Thomas de Aquino Escobar<\/p>\n<p>Sindicato dos Hospitais, Cl\u00ednicas e Casas de Sa\u00fade de Niter\u00f3i (SINDHLESTE) \u2013 Vinicius Santos Queiros<\/p>\n<p><strong>Setor trabalhadores:<\/strong><\/p>\n<p>Sindicato dos Empregados de Edif\u00edcio de Niter\u00f3i e Regi\u00e3o (SEEN) \u2013 Jos\u00e9 Juvino da Silva Filho<\/p>\n<p>Sindicato dos Empregados em Postos de Servi\u00e7o de Combust\u00edveis e Derivados de Petr\u00f3leo do Munic\u00edpio do Rio de Janeiro e Regi\u00e3o (SINPOSPETRO) \u2013 Alexsandro dos Santos Silva<\/p>\n<p>Sindicato dos Metal\u00fargicos de Niter\u00f3i e Itabora\u00ed (STIMENI) \u2013 Edson Carlos Rocha da Silva<\/p>\n<p>Sindicato dos Rodovi\u00e1rios de Passageiros de Niter\u00f3i \u00e0 Arraial do Cabo (SINTRONAC) \u2013 Rubens dos Santos Oliveira<\/p>\n<p>Sindicato dos Taxistas na Cidade de Niter\u00f3i e Regi\u00e3o (SindTAXI) \u2013 Rodrigo Lopes Consendy<\/p>\n<p>Sindicato dos Trabalhadores de \u00c1gua e Esgoto (SIND\u00c1GUA) \u2013 S\u00e9rgio Luiz Rodrigues de Ara\u00fajo<\/p>\n<!-- AddThis Advanced Settings generic via filter on the_content --><!-- AddThis Share Buttons generic via filter on the_content -->","protected":false},"excerpt":{"rendered":"<p>Prefeitura poder\u00e1 investir at\u00e9 R$ 11 milh\u00f5es na\u00a0manuten\u00e7\u00e3o de cursos de capacita\u00e7\u00e3o e do futuro Centro de Atendimento ao Trabalhador O primeiro Conselho Deliberativo Municipal de Trabalho Emprego e Renda (Codemter) de Niter\u00f3i foi instalado, na manh\u00e3 de quinta-feira (30), na presen\u00e7a do prefeito Axel Grael (PDT) e de v\u00e1rias autoridades da administra\u00e7\u00e3o municipal, al\u00e9m&#8230;<!-- AddThis Advanced Settings generic via filter on wp_trim_excerpt --><!-- AddThis Share Buttons generic via filter on wp_trim_excerpt --><\/p>\n","protected":false},"author":17,"featured_media":82657,"comment_status":"closed","ping_status":"closed","sticky":false,"template":"","format":"standard","meta":{"_monsterinsights_skip_tracking":false,"_monsterinsights_sitenote_active":false,"_monsterinsights_sitenote_note":"","_monsterinsights_sitenote_category":0,"_uf_show_specific_survey":0,"_uf_disable_surveys":false,"footnotes":""},"categories":[1390,1402],"tags":[],"class_list":["post-82656","post","type-post","status-publish","format-standard","has-post-thumbnail","hentry","category-editorias","category-cidades"],"acf":[],"_links":{"self":[{"href":"https:\/\/pdt-rj.org.br\/index.php\/wp-json\/wp\/v2\/posts\/82656","targetHints":{"allow":["GET"]}}],"collection":[{"href":"https:\/\/pdt-rj.org.br\/index.php\/wp-json\/wp\/v2\/posts"}],"about":[{"href":"https:\/\/pdt-rj.org.br\/index.php\/wp-json\/wp\/v2\/types\/post"}],"author":[{"embeddable":true,"href":"https:\/\/pdt-rj.org.br\/index.php\/wp-json\/wp\/v2\/users\/17"}],"replies":[{"embeddable":true,"href":"https:\/\/pdt-rj.org.br\/index.php\/wp-json\/wp\/v2\/comments?post=82656"}],"version-history":[{"count":3,"href":"https:\/\/pdt-rj.org.br\/index.php\/wp-json\/wp\/v2\/posts\/82656\/revisions"}],"predecessor-version":[{"id":82708,"href":"https:\/\/pdt-rj.org.br\/index.php\/wp-json\/wp\/v2\/posts\/82656\/revisions\/82708"}],"wp:featuredmedia":[{"embeddable":true,"href":"https:\/\/pdt-rj.org.br\/index.php\/wp-json\/wp\/v2\/media\/82657"}],"wp:attachment":[{"href":"https:\/\/pdt-rj.org.br\/index.php\/wp-json\/wp\/v2\/media?parent=82656"}],"wp:term":[{"taxonomy":"category","embeddable":true,"href":"https:\/\/pdt-rj.org.br\/index.php\/wp-json\/wp\/v2\/categories?post=82656"},{"taxonomy":"post_tag","embeddable":true,"href":"https:\/\/pdt-rj.org.br\/index.php\/wp-json\/wp\/v2\/tags?post=82656"}],"curies":[{"name":"wp","href":"https:\/\/api.w.org\/{rel}","templated":true}]}}