{"id":82642,"date":"2022-06-30T14:07:23","date_gmt":"2022-06-30T17:07:23","guid":{"rendered":"https:\/\/pdt-rj.org.br\/?p=82642"},"modified":"2022-07-08T19:40:02","modified_gmt":"2022-07-08T22:40:02","slug":"contra-politica-do-toma-la-da-ca-lupi-aposta-no-viavel-projeto-de-ciro","status":"publish","type":"post","link":"https:\/\/pdt-rj.org.br\/index.php\/contra-politica-do-toma-la-da-ca-lupi-aposta-no-viavel-projeto-de-ciro\/","title":{"rendered":"Contra pol\u00edtica do \u201ctoma l\u00e1 d\u00e1 c\u00e1\u201d, Lupi aposta no vi\u00e1vel projeto de Ciro"},"content":{"rendered":"<p><strong>Di\u00e1logo e transpar\u00eancia com a sociedade para garantir sustenta\u00e7\u00e3o ao governo, avalia presidente do PDT<\/strong><\/p>\n<p>Na <a href=\"https:\/\/www.facebook.com\/LupiPDT\/videos\/1128360954558318\/\">entrevista<\/a> para a TV GGN, nesta quarta-feira (29), o presidente nacional do PDT, Carlos Lupi, colocou o plano nacional de Ciro Gomes, pr\u00e9-candidato a presidente da Rep\u00fablica, como contraposi\u00e7\u00e3o vi\u00e1vel \u00e0 vigente pol\u00edtica do \u201ctoma l\u00e1 d\u00e1 c\u00e1\u201d no governo federal. \u201cVamos trabalhar em cima de projetos. O que temos que parar \u00e9 com a barganha\u201d, disse ao jornalista Luis Nassif.<\/p>\n<p>\u201cA pol\u00edtica n\u00e3o pode ser do \u2018toma l\u00e1 d\u00e1 c\u00e1\u2019, do troca-troca. Ela tem que ser com projetos. O \u00fanico candidato que apresentou projeto, propostas e fez at\u00e9 um livro foi o Ciro Gomes. [&#8230;] O Projeto Nacional de Desenvolvimento n\u00e3o come\u00e7ou com ele, mas com Get\u00falio [Vargas] na d\u00e9cada de 30\u201d, destacou.<\/p>\n<p>Ao avaliar o impacto de pesquisas eleitorais nas a\u00e7\u00f5es do partido, o pedetista sustentou a confian\u00e7a na estrat\u00e9gia de apresentar um postulante ao Pal\u00e1cio do Planalto que conta com diferenciais competitivos para a disputa.<\/p>\n<p>\u201cCandidato que se desespera com pesquisa n\u00e3o pode ser candidato. Candidato tem que ter projeto e acreditar nas suas propostas. [&#8230;] N\u00f3s somos t\u00e3o democratas que queremos respeitar a voz do povo. Eu n\u00e3o me guio por pesquisa\u201d, ponderou.<\/p>\n<p>\u201cComo se viabiliza isso [candidatura]? Sentando, dialogando e dando transpar\u00eancia para a sociedade do que ele [Ciro] pretende fazer\u201d, explicou.<\/p>\n<p>Diante da persegui\u00e7\u00e3o promovida por Bolsonaro, que \u00e9 classificado como \u201caspirante de ditador, homof\u00f3bico e racista\u201d, Lupi salientou a coerente posi\u00e7\u00e3o do PDT a partir da trajet\u00f3ria do trabalhismo.<\/p>\n<p>\u201cN\u00f3s somos um partido que \u00e9, originalmente, dos cassados pela ditadura de 64. Temos que estar do lado dessa grande massa que \u00e9 perseguida. [&#8230;] A sociedade democr\u00e1tica tem que respeitar a liberdade individual de cada um\u201d, justificou.<\/p>\n<p style=\"text-align: left;\">\u201cInfelizmente tem gente que acredita nele e a gente tem que fazer o contraponto para desmistific\u00e1-lo\u201d, completou, em cobran\u00e7a direta pela responsabiliza\u00e7\u00e3o criminal do atual chefe da Uni\u00e3o.<\/p>\n<p style=\"text-align: center;\"><iframe loading=\"lazy\" style=\"border: none; overflow: hidden;\" src=\"https:\/\/www.facebook.com\/plugins\/video.php?height=314&amp;href=https%3A%2F%2Fwww.facebook.com%2FLupiPDT%2Fvideos%2F1128360954558318%2F&amp;show_text=false&amp;width=560&amp;t=0\" width=\"560\" height=\"314\" frameborder=\"0\" scrolling=\"no\" allowfullscreen=\"allowfullscreen\"><\/iframe><\/p>\n<!-- AddThis Advanced Settings generic via filter on the_content --><!-- AddThis Share Buttons generic via filter on the_content -->","protected":false},"excerpt":{"rendered":"<p>Di\u00e1logo e transpar\u00eancia com a sociedade para garantir sustenta\u00e7\u00e3o ao governo, avalia presidente do PDT Na entrevista para a TV GGN, nesta quarta-feira (29), o presidente nacional do PDT, Carlos Lupi, colocou o plano nacional de Ciro Gomes, pr\u00e9-candidato a presidente da Rep\u00fablica, como contraposi\u00e7\u00e3o vi\u00e1vel \u00e0 vigente pol\u00edtica do \u201ctoma l\u00e1 d\u00e1 c\u00e1\u201d no&#8230;<!-- AddThis Advanced Settings generic via filter on wp_trim_excerpt --><!-- AddThis Share Buttons generic via filter on wp_trim_excerpt --><\/p>\n","protected":false},"author":17,"featured_media":82643,"comment_status":"closed","ping_status":"closed","sticky":false,"template":"","format":"standard","meta":{"_monsterinsights_skip_tracking":false,"_monsterinsights_sitenote_active":false,"_monsterinsights_sitenote_note":"","_monsterinsights_sitenote_category":0,"_uf_show_specific_survey":0,"_uf_disable_surveys":false,"footnotes":""},"categories":[1390,1401],"tags":[],"class_list":["post-82642","post","type-post","status-publish","format-standard","has-post-thumbnail","hentry","category-editorias","category-nacional"],"acf":[],"_links":{"self":[{"href":"https:\/\/pdt-rj.org.br\/index.php\/wp-json\/wp\/v2\/posts\/82642","targetHints":{"allow":["GET"]}}],"collection":[{"href":"https:\/\/pdt-rj.org.br\/index.php\/wp-json\/wp\/v2\/posts"}],"about":[{"href":"https:\/\/pdt-rj.org.br\/index.php\/wp-json\/wp\/v2\/types\/post"}],"author":[{"embeddable":true,"href":"https:\/\/pdt-rj.org.br\/index.php\/wp-json\/wp\/v2\/users\/17"}],"replies":[{"embeddable":true,"href":"https:\/\/pdt-rj.org.br\/index.php\/wp-json\/wp\/v2\/comments?post=82642"}],"version-history":[{"count":3,"href":"https:\/\/pdt-rj.org.br\/index.php\/wp-json\/wp\/v2\/posts\/82642\/revisions"}],"predecessor-version":[{"id":82813,"href":"https:\/\/pdt-rj.org.br\/index.php\/wp-json\/wp\/v2\/posts\/82642\/revisions\/82813"}],"wp:featuredmedia":[{"embeddable":true,"href":"https:\/\/pdt-rj.org.br\/index.php\/wp-json\/wp\/v2\/media\/82643"}],"wp:attachment":[{"href":"https:\/\/pdt-rj.org.br\/index.php\/wp-json\/wp\/v2\/media?parent=82642"}],"wp:term":[{"taxonomy":"category","embeddable":true,"href":"https:\/\/pdt-rj.org.br\/index.php\/wp-json\/wp\/v2\/categories?post=82642"},{"taxonomy":"post_tag","embeddable":true,"href":"https:\/\/pdt-rj.org.br\/index.php\/wp-json\/wp\/v2\/tags?post=82642"}],"curies":[{"name":"wp","href":"https:\/\/api.w.org\/{rel}","templated":true}]}}